{"id":129759,"date":"2025-05-26T17:16:16","date_gmt":"2025-05-26T17:16:16","guid":{"rendered":"https:\/\/www.europesays.com\/fr\/129759\/"},"modified":"2025-05-26T17:16:16","modified_gmt":"2025-05-26T17:16:16","slug":"une-ligne-tgv-va-traverser-la-france-cet-ete","status":"publish","type":"post","link":"https:\/\/www.europesays.com\/fr\/129759\/","title":{"rendered":"une ligne TGV va traverser la France cet \u00e9t\u00e9"},"content":{"rendered":"<p>            Par<br \/>\n        <strong><br \/>\n            <a href=\"https:\/\/actu.fr\/auteur\/thibaut-calatayud\" title=\"Consulter tous les articles de Thibaut Calatayud\" rel=\"nofollow noopener\" target=\"_blank\">Thibaut Calatayud<\/a><br \/>\n        <\/strong><\/p>\n<p>        Publi\u00e9 le<\/p>\n<p>            26 mai 2025 \u00e0 18h16        <\/p>\n<p>Il y a du nouveau \u00e0 la gare SNCF de Perpignan ! Durant les deux mois estivaux, <strong>du 12 juillet au 31 ao\u00fbt<\/strong>, une ligne directe, r\u00e9alis\u00e9e en TGV inOui, va connecter la cit\u00e9 catalane \u00e0 l\u2019une des plus belles communes de France : <strong>Strasbourg<\/strong> (Bas-Rhin). Ce qu\u2019il faut savoir sur ce trajet qui va traverser l\u2019Hexagone et qui desservira aussi une dizaine d\u2019autres grandes villes.<\/p>\n<p>Un train direct entre Perpignan et Strasbourg<\/p>\n<p class=\" wall-content\">Le premier trajet, pr\u00e9vu le 12 juillet, sera un Strasbourg-Perpignan. D\u00e8s le lendemain, les Perpignanais pourront rejoindre la capitale alsacienne. <strong>Comptez un peu plus de 8h pour r\u00e9aliser la liaison.<\/strong> C\u2019est pratiquement la m\u00eame dur\u00e9e qu\u2019un trajet actuel avec une correspondance (avec un changement de gare, entre celles de Lyon et de l\u2019Est) \u00e0 Paris.<\/p>\n<p class=\" wall-content\">Cette liaison directe sera hebdomadaire, avec <strong>un seul aller-retour par semaine.<\/strong> Voici les horaires des deux trajets :<\/p>\n<ul class=\" wall-content\">\n<li>Perpignan \u2013 Strasbourg : d\u00e9part \u00e0 8h18, arriv\u00e9e \u00e0 17h (le dimanche)<\/li>\n<li>Strasbourg \u2013 Perpignan : d\u00e9part \u00e0 10h56, arriv\u00e9e \u00e0 19h20 (le samedi)<\/li>\n<\/ul>\n<p class=\" wall-content\">Les Strasbourgeois pourront descendre \u00e0 Perpignan \u00e0 partir du 12 juillet. Le dernier aller est programm\u00e9 le samedi 30 ao\u00fbt. Dans l\u2019autre sens, les Perpignanais pourront rejoindre directement l\u2019Alsace \u00e0 compter du dimanche 13 juillet. Et ce, jusqu\u2019au 31 ao\u00fbt.\u00a0Au niveau des tarifs, comptez <strong>entre 100 et 150 euros<\/strong> pour un aller (les prix varient selon les jours).<\/p>\n<p>Vid\u00e9os : en ce moment sur ActuUne dizaine de villes desservies<\/p>\n<p class=\" wall-content\">Cette ligne entre l\u2019Alsace et le Pays catalan va desservir une dizaine de villes. On peut notamment citer <strong>Mulhouse<\/strong> (Haut-Rhin), <a href=\"https:\/\/actu.fr\/occitanie\/perpignan_66136\/perpignan-est-l-une-des-villes-les-plus-attractives-dans-deux-domaines-selon-cette-etude_61975395.html\" rel=\"nofollow noopener\" target=\"_blank\">l\u2019une des villes les plus attractives de France<\/a>, <strong>Dijon<\/strong> (C\u00f4te-d\u2019Or) ou encore <strong>Lyon<\/strong> (Rh\u00f4ne), la\u00a0capitale des Gaules.<\/p>\n<p class=\" wall-content\">Voici la liste compl\u00e8te des gares desservies par cette nouvelle ligne au d\u00e9part de Perpignan :<\/p>\n<ul class=\" wall-content\">\n<li>Perpignan<\/li>\n<li>Narbonne<\/li>\n<li>B\u00e9ziers<\/li>\n<li>S\u00e8te<\/li>\n<li>Montpellier Saint-Roch<\/li>\n<li>N\u00eemes<\/li>\n<li>Lyon Part-Dieu<\/li>\n<li>Chalon-sur-Sa\u00f4ne<\/li>\n<li>Dijon Ville<\/li>\n<li>Besan\u00e7on Franche-Comt\u00e9 TGV<\/li>\n<li>Belfort-Montb\u00e9liard\u00a0 TGV<\/li>\n<li>Mulhouse Ville<\/li>\n<li>Colmar<\/li>\n<li>Strasbourg<\/li>\n<\/ul>\n<p class=\" wall-content\">Pour ceux qui ne connaissent pas bien la cit\u00e9 alsacienne, Strasbourg (300 000 habitants, 500 000 si l\u2019on compte l\u2019agglo) est une ville appr\u00e9ci\u00e9e pour son architecture. Ses maisons \u00e0 colombages typiques et sa cath\u00e9drale font sa r\u00e9putation \u00e0 travers l\u2019Europe.<\/p>\n<p>    <img   decoding=\"async\" loading=\"lazy\" src=\"https:\/\/www.europesays.com\/fr\/wp-content\/uploads\/2025\/05\/strasbourg-adobe-960x640.jpeg\" alt=\"Strasbourg est l'une des plus belles villes de France.\" width=\"960\" height=\"640\"\/><br \/>\n    Strasbourg (Bas-Rhin) est l\u2019une des plus belles villes de France. (\u00a9Illustration \/ Adobe Stock)<\/p>\n<p class=\" wall-content\">\u00c0 l\u2019instar de Bruxelles (Belgique), Strasbourg est aussi connue pour accueillir plusieurs institutions europ\u00e9ennes. On pense notamment au <strong>Parlement europ\u00e9en<\/strong> et au <strong>Conseil de l\u2019Europe<\/strong>.<\/p>\n<p class=\" wall-content\">Suivez toute l\u2019actualit\u00e9 de vos villes et m\u00e9dias favoris en vous inscrivant \u00e0 <a href=\"https:\/\/moncompte.actu.fr\" title=\"D\u00e9couvez Mon Actu\" rel=\"nofollow noopener\" data-trk=\"{&quot;cta&quot;:{&quot;action&quot;:&quot;https:\\\/\\\/moncompte.actu.fr&quot;,&quot;category&quot;:&quot;mon compte&quot;,&quot;from&quot;:&quot;article footer&quot;,&quot;name&quot;:&quot;Mon actu&quot;,&quot;type&quot;:&quot;cta&quot;}}\" target=\"_blank\">Mon Actu<\/a>.<\/p>\n","protected":false},"excerpt":{"rendered":"Par Thibaut Calatayud Publi\u00e9 le 26 mai 2025 \u00e0 18h16 Il y a du nouveau \u00e0 la gare&hellip;\n","protected":false},"author":2,"featured_media":129760,"comment_status":"","ping_status":"","sticky":false,"template":"","format":"standard","meta":{"footnotes":""},"categories":[2820],"tags":[1111,11,1777,674,1011,27,775,12,25,2215,104,640,2214,586],"class_list":{"0":"post-129759","1":"post","2":"type-post","3":"status-publish","4":"format-standard","5":"has-post-thumbnail","7":"category-strasbourg","8":"tag-actu","9":"tag-actualites","10":"tag-eu","11":"tag-europe","12":"tag-fr","13":"tag-france","14":"tag-grand-est","15":"tag-news","16":"tag-republique-francaise","17":"tag-sncf","18":"tag-societe","19":"tag-strasbourg","20":"tag-tgv","21":"tag-voyage"},"share_on_mastodon":{"url":"https:\/\/pubeurope.com\/@fr\/114575270441000953","error":""},"_links":{"self":[{"href":"https:\/\/www.europesays.com\/fr\/wp-json\/wp\/v2\/posts\/129759","targetHints":{"allow":["GET"]}}],"collection":[{"href":"https:\/\/www.europesays.com\/fr\/wp-json\/wp\/v2\/posts"}],"about":[{"href":"https:\/\/www.europesays.com\/fr\/wp-json\/wp\/v2\/types\/post"}],"author":[{"embeddable":true,"href":"https:\/\/www.europesays.com\/fr\/wp-json\/wp\/v2\/users\/2"}],"replies":[{"embeddable":true,"href":"https:\/\/www.europesays.com\/fr\/wp-json\/wp\/v2\/comments?post=129759"}],"version-history":[{"count":0,"href":"https:\/\/www.europesays.com\/fr\/wp-json\/wp\/v2\/posts\/129759\/revisions"}],"wp:featuredmedia":[{"embeddable":true,"href":"https:\/\/www.europesays.com\/fr\/wp-json\/wp\/v2\/media\/129760"}],"wp:attachment":[{"href":"https:\/\/www.europesays.com\/fr\/wp-json\/wp\/v2\/media?parent=129759"}],"wp:term":[{"taxonomy":"category","embeddable":true,"href":"https:\/\/www.europesays.com\/fr\/wp-json\/wp\/v2\/categories?post=129759"},{"taxonomy":"post_tag","embeddable":true,"href":"https:\/\/www.europesays.com\/fr\/wp-json\/wp\/v2\/tags?post=129759"}],"curies":[{"name":"wp","href":"https:\/\/api.w.org\/{rel}","templated":true}]}}