{"id":129764,"date":"2025-05-26T17:19:16","date_gmt":"2025-05-26T17:19:16","guid":{"rendered":"https:\/\/www.europesays.com\/fr\/129764\/"},"modified":"2025-05-26T17:19:16","modified_gmt":"2025-05-26T17:19:16","slug":"entre-nantes-et-vannes-la-rn165-en-partie-fermee-pour-travaux-en-juin-un-fort-risque-de-bouchons-a-prevoir","status":"publish","type":"post","link":"https:\/\/www.europesays.com\/fr\/129764\/","title":{"rendered":"Entre Nantes et Vannes, la RN165 en partie ferm\u00e9e pour travaux en juin\u00a0: un fort risque de bouchons \u00e0 pr\u00e9voir"},"content":{"rendered":"<p>\u00c0 l\u2019approche de l\u2019\u00e9t\u00e9, la RN165 retrouve une seconde jeunesse entre Vannes et Nantes ! Plus pr\u00e9cis\u00e9ment, \u00e0 hauteur de Sautron (44), \u00e0 l\u2019ouest de la Cit\u00e9 des Ducs. D\u2019importants travaux de chauss\u00e9e sont en effet men\u00e9s par la direction interd\u00e9partementale des routes ouest <a href=\"https:\/\/www.dir.ouest.developpement-durable.gouv.fr\/rn-165-sautron-renovation-de-chaussee-du-12-mai-au-a1832.html\" target=\"_blank\" rel=\"noopener\">(Diro)<\/a> dans le sens Nantes-Vannes.<\/p>\n<p>Apr\u00e8s une premi\u00e8re phase d\u00e9marr\u00e9e dans l\u2019autre sens de circulation le 12 mai et pr\u00e9vue pour s\u2019achever ce mercredi 28 mai, une seconde d\u00e9marre \u00e0 partir du lundi 2 juin, \u00e0 10 h. Elle se prolongera jusqu\u2019au vendredi 27 juin. L\u2019axe sera donc ferm\u00e9 de la porte d\u2019Orvault \u00e0 la bretelle de bifurcation RN165\/RN444, 24 h sur 24, sept jours sur sept.<\/p>\n<p>\u00c7a risque de boucher !<\/p>\n<p>La Diro pr\u00e9vient toutefois que cette nouvelle tranche de travaux risque d\u2019\u00eatre \u00ab particuli\u00e8rement contraignante, avec des remont\u00e9es de bouchons tr\u00e8s importantes le p\u00e9riph\u00e9rique ouest de Nantes, en particulier aux heures de pointe \u00bb. Il est donc \u00ab vivement recommand\u00e9 \u00bb aux automobilistes de \u00ab reporter ou d\u2019adapter leurs d\u00e9placements \u00bb durant cette p\u00e9riode.<\/p>\n<p><img decoding=\"async\" src=\"https:\/\/www.europesays.com\/fr\/wp-content\/uploads\/2025\/05\/68349f3ad0b19c3c6307ced6.1.jpeg\" width=\"480\" height=\"300\" class=\"web_golden_m\" loading=\"lazy\" alt=\"La Diro indique qu\u2019une d\u00e9viation sera mise en place notamment via la RN444 et le p\u00e9riph\u00e9rique ouest de Nantes.\"\/>La Diro indique qu\u2019une d\u00e9viation sera mise en place notamment via la RN444 et le p\u00e9riph\u00e9rique ouest de Nantes. (Capture d\u2019\u00e9cran Diro)<\/p>\n<p>Ces travaux visent \u00e0 renouveler l\u2019ensemble de la chauss\u00e9e, \u00e0 renforcer les dispositifs de retenue, \u00e0 mettre en place une glissi\u00e8re b\u00e9ton sur l\u2019ouvrage de la route de Brimberne, \u00e0 poser des enrob\u00e9s \u00e0 haute performance acoustique pour limiter les nuisances sonores pour les riverains, et enfin \u00e0 appliquer un nouveau marquage au sol.<\/p>\n","protected":false},"excerpt":{"rendered":"\u00c0 l\u2019approche de l\u2019\u00e9t\u00e9, la RN165 retrouve une seconde jeunesse entre Vannes et Nantes ! Plus pr\u00e9cis\u00e9ment, \u00e0&hellip;\n","protected":false},"author":2,"featured_media":129765,"comment_status":"","ping_status":"","sticky":false,"template":"","format":"standard","meta":{"footnotes":""},"categories":[2818],"tags":[1111,11,829,765,1777,674,1011,27,3047,3729,766,12,2636,25,3165],"class_list":{"0":"post-129764","1":"post","2":"type-post","3":"status-publish","4":"format-standard","5":"has-post-thumbnail","7":"category-nantes","8":"tag-actu","9":"tag-actualites","10":"tag-bretagne","11":"tag-en-continu","12":"tag-eu","13":"tag-europe","14":"tag-fr","15":"tag-france","16":"tag-loire-atlantique","17":"tag-morbihan","18":"tag-nantes","19":"tag-news","20":"tag-pays-de-la-loire","21":"tag-republique-francaise","22":"tag-vannes"},"share_on_mastodon":{"url":"https:\/\/pubeurope.com\/@fr\/114575282303761559","error":""},"_links":{"self":[{"href":"https:\/\/www.europesays.com\/fr\/wp-json\/wp\/v2\/posts\/129764","targetHints":{"allow":["GET"]}}],"collection":[{"href":"https:\/\/www.europesays.com\/fr\/wp-json\/wp\/v2\/posts"}],"about":[{"href":"https:\/\/www.europesays.com\/fr\/wp-json\/wp\/v2\/types\/post"}],"author":[{"embeddable":true,"href":"https:\/\/www.europesays.com\/fr\/wp-json\/wp\/v2\/users\/2"}],"replies":[{"embeddable":true,"href":"https:\/\/www.europesays.com\/fr\/wp-json\/wp\/v2\/comments?post=129764"}],"version-history":[{"count":0,"href":"https:\/\/www.europesays.com\/fr\/wp-json\/wp\/v2\/posts\/129764\/revisions"}],"wp:featuredmedia":[{"embeddable":true,"href":"https:\/\/www.europesays.com\/fr\/wp-json\/wp\/v2\/media\/129765"}],"wp:attachment":[{"href":"https:\/\/www.europesays.com\/fr\/wp-json\/wp\/v2\/media?parent=129764"}],"wp:term":[{"taxonomy":"category","embeddable":true,"href":"https:\/\/www.europesays.com\/fr\/wp-json\/wp\/v2\/categories?post=129764"},{"taxonomy":"post_tag","embeddable":true,"href":"https:\/\/www.europesays.com\/fr\/wp-json\/wp\/v2\/tags?post=129764"}],"curies":[{"name":"wp","href":"https:\/\/api.w.org\/{rel}","templated":true}]}}