{"id":129782,"date":"2025-05-26T17:28:12","date_gmt":"2025-05-26T17:28:12","guid":{"rendered":"https:\/\/www.europesays.com\/fr\/129782\/"},"modified":"2025-05-26T17:28:12","modified_gmt":"2025-05-26T17:28:12","slug":"habilles-en-faux-agents-de-securite-ils-entrent-au-velodrome","status":"publish","type":"post","link":"https:\/\/www.europesays.com\/fr\/129782\/","title":{"rendered":"Habill\u00e9s en (faux) agents de s\u00e9curit\u00e9, ils entrent au V\u00e9lodrome"},"content":{"rendered":"<p>            Par<br \/>\n        <strong><br \/>\n            <a href=\"https:\/\/actu.fr\/auteur\/fabien-binacchi\" title=\"Consulter tous les articles de Fabien Binacchi\" rel=\"nofollow noopener\" target=\"_blank\">Fabien Binacchi<\/a><br \/>\n        <\/strong><\/p>\n<p>        Publi\u00e9 le<\/p>\n<p>            26 mai 2025 \u00e0 18h56        <\/p>\n<p>Ils n\u2019avaient pas de billet pour assister aux concerts de Jul ce week-end au <a href=\"https:\/\/actu.fr\/tag\/velodrome\" rel=\"nofollow noopener\" target=\"_blank\">V\u00e9lodrome<\/a>. Pas grave, ces deux Lyonnais ont opt\u00e9 pour le syst\u00e8me D. Et \u00e7a a pay\u00e9. Dans une vid\u00e9o publi\u00e9e sur les r\u00e9seaux sociaux, ils assurent avoir r\u00e9ussi \u00e0 acc\u00e9der au spectacle du chanteur <a href=\"https:\/\/actu.fr\/marseille\/\" rel=\"nofollow noopener\" target=\"_blank\">marseillais<\/a> <strong>en se faisant passer\u2026 pour des agents de s\u00e9curit\u00e9.<\/strong><\/p>\n<p class=\" wall-content\">Leur post, \u00e0 visages d\u00e9couverts, fait le buzz, avec <strong>plus de 3,3\u00a0millions de vues<\/strong> ce lundi 26\u00a0mai sur TikTok. Il amuse mais pose aussi question.<\/p>\n<p class=\" wall-content\">Le chanteur marseillais Jul a r\u00e9uni 146286 spectateurs ce week-end au V\u00e9lodrome, sans compter ceux qui ont pu se faufiler. Deux Lyonnais assurent \u00eatre rentr\u00e9s d\u00e9guis\u00e9s.<\/p>\n<p class=\" wall-content\">Si leur technique, aussi efficace que r\u00e9pr\u00e9hensible et \u00e0 ne surtout pas reproduire, a bel et bien fonctionn\u00e9, \u00ab\u2009\u00e7a fait peur\u2009\u00bb, commente une internaute.<\/p>\n<p>Deux concerts, 33 interpellations<\/p>\n<p class=\" wall-content\">Les deux concerts de Jul au V\u00e9lodrome ont crev\u00e9 le plafond, avec <strong>deux records<\/strong> d\u2019affluence pour le stade coup sur coup\u2009: 73128 spectateurs vendredi soir, et encore 30 de plus le lendemain. C\u2019est in\u00e9dit et surtout sans compter ceux qui auront r\u00e9ussi \u00e0 se faufiler.<\/p>\n<p>Vid\u00e9os : en ce moment sur Actu<\/p>\n<p class=\" wall-content\">\n<p class=\" wall-content\">Les images de stadiers d\u00e9bord\u00e9s, de grilles qui ont fini par l\u00e2cher et m\u00eame de bagarres en tribunes ont fleuri sur les r\u00e9seaux sociaux tout le week-end\u2009: 33 interpellations ont eu lieu selon le bilan des autorit\u00e9s. Notamment pour des <strong>jets de bouteilles<\/strong> ou des <strong>outrages<\/strong> et qui ont donn\u00e9 lieu \u00e0 peu de poursuites, d\u2019apr\u00e8s les informations d\u2019actu Marseille.<\/p>\n<p class=\" wall-content\">Elles ne concernent pas, a priori, de faits d\u2019intrusion.<\/p>\n<p>\u00ab\u2009On est l\u00e0 pour s\u2019infiltrer\u2009\u00bb<\/p>\n<p class=\" wall-content\">Les deux Lyonnais n\u2019ont, pour le moment au moins, pas \u00e9t\u00e9 inqui\u00e9t\u00e9s. Ils \u00e9taient en tout cas bien pr\u00e9par\u00e9s. <strong>Avec tout un attirail\u2009:<\/strong> tenues noires de la t\u00eate aux pieds, rangers, chasuble et brassards floqu\u00e9es pour se faire passer pour des agents de \u00ab\u2009s\u00e9curit\u00e9\u2009\u00bb.<\/p>\n<p class=\" wall-content\"><strong>Hilares tout au long de leur vid\u00e9o,<\/strong> post\u00e9e sur TikTok et d\u00e9j\u00e0 vue plus de 3,3\u00a0millions de fois ce lundi 26\u00a0mai, ils se filment sur un parking, o\u00f9 ils commencent par se changer, puis sur le parvis du stade o\u00f9 les (vrais) responsables sont visibles avec un gilet fluo\u2009:<\/p>\n<blockquote class=\"ac-article-quote wall-content\">\n<p>\u00ab\u00a0On se fait accoster par des gens qui demandent des renseignements, mais on est l\u00e0 pour s&rsquo;infiltrer.\u00a0\u00bb<\/p>\n<p>    <strong\/>\n            <\/p><\/blockquote>\n<p class=\" wall-content\">Ils sont m\u00eame <strong>t\u00e9moins d\u2019autres d\u00e9bordements,<\/strong> d\u2019aspirants spectateurs, comme eux, non munis de tickets, comme eux, et qui essaient de passer, comme eux\u2009: \u00ab\u2009C\u2019est en train d\u2019escalader. Y a tout le monde qui court. Toutes les s\u00e9curit\u00e9s sont en train de courir, sauf nous. Pourquoi\u2009? Parce que nous, on est infiltr\u00e9.\u2009\u00bb<\/p>\n<p>\u00ab\u2009Y a z\u00e9ro s\u00e9curit\u00e9\u2009\u00bb<\/p>\n<p class=\" wall-content\">Leur entr\u00e9e dans l\u2019enceinte du V\u00e9lodrome<strong> n\u2019est pas film\u00e9e.<\/strong> On les retrouve dans des toilettes apr\u00e8s un petit tour par la buvette, pour r\u00e9cup\u00e9rer un burger. Ils portent toujours leurs attributs d\u2019agents de s\u00e9curit\u00e9. Ils finissent par prendre le chemin des gradins.<\/p>\n<p class=\" wall-content\">Leur vid\u00e9o, si elle amuse nombre d\u2019internautes, qui pour certains remettent en cause le fait qu\u2019ils n\u2019avaient pas de billets, <strong>pose aussi question<\/strong> pour beaucoup d\u2019entre eux\u2009: \u00ab\u2009En vrai, \u00e7a fait peur. Y a z\u00e9ro s\u00e9curit\u00e9. Un terroriste aurait pu rentrer normal\u2009\u00bb, commente une utilisatrice de TikTok. <strong>\u00ab\u2009\u00c7a craint\u2009\u00bb<\/strong>, s\u2019inqui\u00e8te un autre.<\/p>\n<p class=\" wall-content\">Une enqu\u00eate a-t-elle \u00e9t\u00e9 ouverte \u00e0 la suite de leur publication\u2009?<\/p>\n<p class=\" wall-content\">Sollicit\u00e9s ce lundi 26\u00a0mai par actu Marseille, la pr\u00e9fecture de police des Bouches-du-Rh\u00f4ne et le parquet de Marseille <strong>n\u2019ont pas r\u00e9pondu dans l\u2019imm\u00e9diat.<\/strong><\/p>\n<p class=\" wall-content\">Suivez toute l\u2019actualit\u00e9 de vos villes et m\u00e9dias favoris en vous inscrivant \u00e0 <a href=\"https:\/\/moncompte.actu.fr\" title=\"D\u00e9couvez Mon Actu\" rel=\"nofollow noopener\" data-trk=\"{&quot;cta&quot;:{&quot;action&quot;:&quot;https:\\\/\\\/moncompte.actu.fr&quot;,&quot;category&quot;:&quot;mon compte&quot;,&quot;from&quot;:&quot;article footer&quot;,&quot;name&quot;:&quot;Mon actu&quot;,&quot;type&quot;:&quot;cta&quot;}}\" target=\"_blank\">Mon Actu<\/a>.<\/p>\n","protected":false},"excerpt":{"rendered":"Par Fabien Binacchi Publi\u00e9 le 26 mai 2025 \u00e0 18h56 Ils n\u2019avaient pas de billet pour assister aux&hellip;\n","protected":false},"author":2,"featured_media":129783,"comment_status":"","ping_status":"","sticky":false,"template":"","format":"standard","meta":{"footnotes":""},"categories":[2814],"tags":[1111,11,1697,1777,674,118,1011,27,1279,884,12,882,25],"class_list":{"0":"post-129782","1":"post","2":"type-post","3":"status-publish","4":"format-standard","5":"has-post-thumbnail","7":"category-marseille","8":"tag-actu","9":"tag-actualites","10":"tag-concert","11":"tag-eu","12":"tag-europe","13":"tag-faits-divers","14":"tag-fr","15":"tag-france","16":"tag-jul","17":"tag-marseille","18":"tag-news","19":"tag-provence-alpes-cote-dazur","20":"tag-republique-francaise"},"share_on_mastodon":{"url":"https:\/\/pubeurope.com\/@fr\/114575317631545483","error":""},"_links":{"self":[{"href":"https:\/\/www.europesays.com\/fr\/wp-json\/wp\/v2\/posts\/129782","targetHints":{"allow":["GET"]}}],"collection":[{"href":"https:\/\/www.europesays.com\/fr\/wp-json\/wp\/v2\/posts"}],"about":[{"href":"https:\/\/www.europesays.com\/fr\/wp-json\/wp\/v2\/types\/post"}],"author":[{"embeddable":true,"href":"https:\/\/www.europesays.com\/fr\/wp-json\/wp\/v2\/users\/2"}],"replies":[{"embeddable":true,"href":"https:\/\/www.europesays.com\/fr\/wp-json\/wp\/v2\/comments?post=129782"}],"version-history":[{"count":0,"href":"https:\/\/www.europesays.com\/fr\/wp-json\/wp\/v2\/posts\/129782\/revisions"}],"wp:featuredmedia":[{"embeddable":true,"href":"https:\/\/www.europesays.com\/fr\/wp-json\/wp\/v2\/media\/129783"}],"wp:attachment":[{"href":"https:\/\/www.europesays.com\/fr\/wp-json\/wp\/v2\/media?parent=129782"}],"wp:term":[{"taxonomy":"category","embeddable":true,"href":"https:\/\/www.europesays.com\/fr\/wp-json\/wp\/v2\/categories?post=129782"},{"taxonomy":"post_tag","embeddable":true,"href":"https:\/\/www.europesays.com\/fr\/wp-json\/wp\/v2\/tags?post=129782"}],"curies":[{"name":"wp","href":"https:\/\/api.w.org\/{rel}","templated":true}]}}