{"id":129808,"date":"2025-05-26T17:42:09","date_gmt":"2025-05-26T17:42:09","guid":{"rendered":"https:\/\/www.europesays.com\/fr\/129808\/"},"modified":"2025-05-26T17:42:09","modified_gmt":"2025-05-26T17:42:09","slug":"en-europe-et-en-inde-des-politiques-climatiques-sur-la-bonne-voie-pour-2030-2","status":"publish","type":"post","link":"https:\/\/www.europesays.com\/fr\/129808\/","title":{"rendered":"En Europe et en Inde, des politiques climatiques sur la bonne voie pour 2030"},"content":{"rendered":"<p>\u201cLa Commission europ\u00e9enne annoncera la semaine prochaine que, conform\u00e9ment \u00e0 ses objectifs, l\u2019Union europ\u00e9enne est en bonne voie pour r\u00e9duire ses \u00e9missions de gaz \u00e0 effet de serre de 55 % d\u2019ici \u00e0 2030 \u2212 par rapport aux \u00e9missions de CO2 en 1990\u201d, <a href=\"https:\/\/www.ft.com\/content\/4abde860-5977-43f4-8d94-8bd3f013931b?accessToken=zwAGNgXJ6ciwkc9KvehgWXdD9NONlIvT8BOTGw.MEQCIFp-Mxa1_vc7rGMi3_llfNpkCEre_5ef3mTcyr-f6PnlAiBRPGTBEAsEeefMCvaqFDj-IA1jM2sX2EKsN_hrZQwOpQ&amp;sharetype=gift&amp;token=6e985f5b-5580-4dba-9115-e3f91e37ea8d\" rel=\"nofollow noopener\" target=\"_blank\" data-ylk=\"slk:rapporte le Financial Times;elm:context_link;itc:0;sec:content-canvas\" class=\"link \">rapporte le <strong>Financial Times<\/strong><\/a><strong>, <\/strong>qui tient cette information de \u201ctrois fonctionnaires de l\u2019UE ayant connaissance des chiffres officiels\u201d.<\/p>\n<p>D\u2019apr\u00e8s eux, si l\u2019Europe n\u2019atteindra peut-\u00eatre pas compl\u00e8tement ses objectifs, elle en sera toute proche puisque l\u2019estimation de la baisse serait de 54 %. Pour le journal britannique, c\u2019est un signal fort pour tous ceux qui \u201ccontinuent de d\u00e9fendre les engagements climatiques du bloc europ\u00e9en\u201d, malgr\u00e9 les crises \u00e9conomique post-Covid, \u00e9nerg\u00e9tique depuis la guerre entre l\u2019Ukraine et la Russie, et commerciale avec les \u00c9tats-Unis. Cette baisse des \u00e9missions est largement obtenue gr\u00e2ce au secteur \u00e9nerg\u00e9tique.<\/p>\n<p>Reste que l\u2019Union europ\u00e9enne, qui publiera dans quelques semaines ses objectifs pour 2040, tremplin pour parvenir au z\u00e9ro \u00e9mission nette en 2050, ne contribuait en 2023 qu\u2019\u00e0 hauteur de 6 % aux \u00e9missions de gaz \u00e0 effet de serre (GES) mondiales. Ces derni\u00e8res ont augment\u00e9 de plus de 60 % depuis 1990, rappelle le Financial Times.<\/p>\n<p>Contribuant \u00e0 environ 7 % de l\u2019ensemble des \u00e9missions de GES mondiales, l\u2019Inde devrait, elle, d\u00e9passer son objectif de 45 % de r\u00e9duction des \u00e9missions de GES pour 2030 par rapport \u00e0 2005, d\u2019apr\u00e8s une \u00e9tude<a href=\"https:\/\/www.sciencedirect.com\/science\/article\/abs\/pii\/S2666278725000194\" rel=\"nofollow noopener\" target=\"_blank\" data-ylk=\"slk:parue dans le journal sp\u00e9cialis\u00e9 Energy and Climate Change;elm:context_link;itc:0;sec:content-canvas\" class=\"link \"> parue dans le journal sp\u00e9cialis\u00e9 <strong>Energy and Climate Change <\/strong><\/a>et relay\u00e9e par<strong> <a href=\"https:\/\/economictimes.indiatimes.com\/news\/india\/india-on-track-to-exceed-key-2030-climate-target-analysis\/articleshow\/121333984.cms?from=mdr\" rel=\"nofollow noopener\" target=\"_blank\" data-ylk=\"slk:The Economic Times;elm:context_link;itc:0;sec:content-canvas\" class=\"link \">The Economic Times<\/a><\/strong>. Comme pour l\u2019Europe, ce sont les efforts du secteur \u00e9nerg\u00e9tique, dont les \u00e9missions \u201cpourraient \u00eatre entre 48 et 57 % inf\u00e9rieures \u00e0 celles de 2005, d\u2019ici \u00e0 2030\u201d, qui expliquent la baisse globale. Par exemple, d\u2019ici cette date, la moiti\u00e9 de la production \u00e9lectrique indienne sera d\u2019origine non fossile.<\/p>\n<p>Vaibhav Chaturvedi, l\u2019un des auteurs de l\u2019\u00e9tude, a expliqu\u00e9 au journal indien :<\/p>\n<blockquote class=\"caas-blockquote\">\n<p>\u201cDepuis l\u2019accord de Paris, l\u2019Inde s\u2019est impos\u00e9e comme un \u00e9l\u00e9ment moteur des mesures en faveur du climat. Elle a aussi prouv\u00e9 que la croissance \u00e9tait compatible avec la r\u00e9duction des \u00e9missions de gaz \u00e0 effet de serre.\u201d<\/p>\n<\/blockquote>\n<p>[&#8230;] <strong><a href=\"https:\/\/www.courrierinternational.com\/article\/en-europe-et-en-inde-des-politiques-climatiques-sur-la-bonne-voie-pour-2030_231284\" rel=\"nofollow noopener\" target=\"_blank\" data-ylk=\"slk:Lire la suite sur Courrier international;elm:context_link;itc:0;sec:content-canvas\" class=\"link \">Lire la suite sur Courrier international<\/a><\/strong><\/p>\n<p>Sur le m\u00eame sujet :<\/p>\n","protected":false},"excerpt":{"rendered":"\u201cLa Commission europ\u00e9enne annoncera la semaine prochaine que, conform\u00e9ment \u00e0 ses objectifs, l\u2019Union europ\u00e9enne est en bonne voie&hellip;\n","protected":false},"author":2,"featured_media":129809,"comment_status":"","ping_status":"","sticky":false,"template":"","format":"standard","meta":{"footnotes":""},"categories":[1586],"tags":[11,1777,674,1011,27,1808,2489,12,25],"class_list":{"0":"post-129808","1":"post","2":"type-post","3":"status-publish","4":"format-standard","5":"has-post-thumbnail","7":"category-europe","8":"tag-actualites","9":"tag-eu","10":"tag-europe","11":"tag-fr","12":"tag-france","13":"tag-leurope","14":"tag-la-russie","15":"tag-news","16":"tag-republique-francaise"},"share_on_mastodon":{"url":"","error":""},"_links":{"self":[{"href":"https:\/\/www.europesays.com\/fr\/wp-json\/wp\/v2\/posts\/129808","targetHints":{"allow":["GET"]}}],"collection":[{"href":"https:\/\/www.europesays.com\/fr\/wp-json\/wp\/v2\/posts"}],"about":[{"href":"https:\/\/www.europesays.com\/fr\/wp-json\/wp\/v2\/types\/post"}],"author":[{"embeddable":true,"href":"https:\/\/www.europesays.com\/fr\/wp-json\/wp\/v2\/users\/2"}],"replies":[{"embeddable":true,"href":"https:\/\/www.europesays.com\/fr\/wp-json\/wp\/v2\/comments?post=129808"}],"version-history":[{"count":0,"href":"https:\/\/www.europesays.com\/fr\/wp-json\/wp\/v2\/posts\/129808\/revisions"}],"wp:featuredmedia":[{"embeddable":true,"href":"https:\/\/www.europesays.com\/fr\/wp-json\/wp\/v2\/media\/129809"}],"wp:attachment":[{"href":"https:\/\/www.europesays.com\/fr\/wp-json\/wp\/v2\/media?parent=129808"}],"wp:term":[{"taxonomy":"category","embeddable":true,"href":"https:\/\/www.europesays.com\/fr\/wp-json\/wp\/v2\/categories?post=129808"},{"taxonomy":"post_tag","embeddable":true,"href":"https:\/\/www.europesays.com\/fr\/wp-json\/wp\/v2\/tags?post=129808"}],"curies":[{"name":"wp","href":"https:\/\/api.w.org\/{rel}","templated":true}]}}