{"id":129810,"date":"2025-05-26T17:43:09","date_gmt":"2025-05-26T17:43:09","guid":{"rendered":"https:\/\/www.europesays.com\/fr\/129810\/"},"modified":"2025-05-26T17:43:09","modified_gmt":"2025-05-26T17:43:09","slug":"il-y-a-eu-un-changement-philippe-candeloro-ne-devait-pas-etre-dans-le-costume-du-fraisier-dans-mask-singer","status":"publish","type":"post","link":"https:\/\/www.europesays.com\/fr\/129810\/","title":{"rendered":"\u00ab\u00a0Il y a eu un changement\u00a0\u00bb : Philippe Candeloro ne devait pas \u00eatre dans le costume du Fraisier dans Mask Singer"},"content":{"rendered":"<p>Vendredi 23 mai 2025, Philippe Candeloro a \u00e9t\u00e9 \u00e9limin\u00e9 de Mask Singer. Ce lundi 26 mai 2025, dans les colonnes de T\u00e9l\u00e9-Loisirs, le sportif de 53 ans a r\u00e9v\u00e9l\u00e9 que le costume du Fraisier n&rsquo;avait pas \u00e9t\u00e9 imagin\u00e9 pour lui, au d\u00e9part. <\/p>\n<p>Changement de programme. Depuis le 2 mai 2025, TF1 diffuse la septi\u00e8me saison de Mask Singer. On ne change pas une \u00e9quipe qui gagne\u00a0: cette ann\u00e9e encore, <a href=\"https:\/\/www.voici.fr\/news-people\/en-anglais-il-est-encore-plus-drole-kev-adams-veut-se-faire-un-nom-aux-etats-unis-et-etonne-les-internautes-avec-de-nouveaux-sketchs-804047\" target=\"_blank\" rel=\"noopener\">Camille Combal a retrouv\u00e9 Kev Adams<\/a>, l\u2019enqu\u00eateur historique de l\u2019\u00e9mission. L\u2019humoriste fait d\u00e9sormais \u00e9quipe avec <a href=\"https:\/\/www.voici.fr\/bios-people\/chantal-ladesou\" data-link-people=\"b59d9472-06fd-4316-a5c5-a8c833f85d16\" target=\"_blank\" rel=\"noopener\">Chantal Ladesou<\/a>, <a href=\"https:\/\/www.voici.fr\/bios-people\/laurent-ruquier\" data-link-people=\"dd4ff7d1-a72b-4b67-a7ba-3f07ccd164cd\" target=\"_blank\" rel=\"noopener\">Laurent Ruquier<\/a> et <a href=\"https:\/\/www.voici.fr\/bios-people\/elodie-poux\" data-link-people=\"bcee0e94-11c9-49cb-a698-a79c06c32d80\" target=\"_blank\" rel=\"noopener\">\u00c9lodie Poux<\/a>, <strong>nouvelle recrue depuis le d\u00e9part d\u2019In\u00e8s Reg<\/strong>. \u00c0 ce stade, les enqu\u00eateurs ont d\u00e9j\u00e0 d\u00e9masqu\u00e9 de nombreuses personnalit\u00e9s, \u00e0 l\u2019instar de <a href=\"https:\/\/www.voici.fr\/bios-people\/patrick-sebastien\" data-link-people=\"93319026-8768-4b9c-babe-1b46b4c58c03\" target=\"_blank\" rel=\"noopener\">Patrick S\u00e9bastien<\/a>, <a href=\"https:\/\/www.voici.fr\/bios-people\/jeanfi-janssens\" data-link-people=\"4e41782f-4cdf-49da-8b16-9c5974414bd9\" target=\"_blank\" rel=\"noopener\">Jeanfi Janssens<\/a> ou encore <a href=\"https:\/\/www.voici.fr\/bios-people\/helene-rolles\" data-link-people=\"632d694d-f1e6-4ca2-b437-c9db4a27e9a3\" target=\"_blank\" rel=\"noopener\">H\u00e9l\u00e8ne Roll\u00e8s<\/a>.<\/p>\n<p>C\u00f4t\u00e9 stars internationales, les surprises ont \u00e9t\u00e9 nombreuses\u00a0! Alors le chanteur Shaggy se cachait sous le Cyclope, La Toya Jackson, la s\u0153ur de <a href=\"https:\/\/www.voici.fr\/bios-people\/michael-jackson\" data-link-people=\"98b4f0f2-59bc-4156-bbde-26707777bd18\" target=\"_blank\" rel=\"noopener\">Michael Jackson<\/a>, <a href=\"https:\/\/www.voici.fr\/tele\/mask-singer-la-toya-jackson-etait-la-star-internationale-elle-fait-une-revelation-inattendue-sur-son-costume-804614\" target=\"_blank\" rel=\"noopener\">se dissimulait sous le costume de l\u2019Imp\u00e9ratrice<\/a>. Et une troisi\u00e8me star internationale se produira prochainement sur la sc\u00e8ne de Mask Singer. Quoi qu\u2019il en soit, la comp\u00e9tition a \u00e9t\u00e9 chamboul\u00e9e ce vendredi 23 mai, <strong>puisqu\u2019un nouveau candidat a fait son apparition<\/strong>, sous le costume de la Porcelaine.<\/p>\n<p>Le costume du Fraisier a-t-il \u00e9t\u00e9 pens\u00e9 pour Philippe Candeloro ?<\/p>\n<p>Pour conserver sa place dans l\u2019\u00e9mission, ce candidat myst\u00e8re a fait face au public, \u00e0 deux reprises. Les prestations ont tant \u00e9bloui le jury, que <strong>la Porcelaine a \u00e9limin\u00e9 deux concurrents<\/strong>. Les fans de l\u2019\u00e9mission ont ainsi pu <a href=\"https:\/\/www.voici.fr\/tele\/mask-singer-decouvrez-quelle-personnalite-se-cachait-sous-le-costume-de-la-dame-de-coeur-804977\" target=\"_blank\" rel=\"noopener\">d\u00e9couvrir Marie-Ange Nardi sous le costume de la Dame de c\u0153ur<\/a>. En fin d\u2019\u00e9mission, c\u2019est le Fraisier qui a \u00e9t\u00e9 d\u00e9masqu\u00e9\u2026 d\u00e9voilant ainsi Philippe Candeloro. <strong>\u00ab\u00a0Cela faisait quelque temps que j&rsquo;insistais pour y participer. <\/strong>Peut-\u00eatre que, si j&rsquo;y participe si tardivement, c&rsquo;est parce qu&rsquo;avec ma voix tr\u00e8s reconnaissable, \u00e7a allait \u00eatre trop facile pour les enqu\u00eateurs\u00a0\u00bb, a partag\u00e9 le sportif dans les colonnes de <a href=\"https:\/\/www.programme-tv.net\/news\/tv\/379787-philippe-candeloro-elimine-de-mask-singer-ne-devait-pas-etre-dans-le-costume-du-fraisier-il-y-a-eu-un-changement-de-derniere-minute\/\" rel=\"nofollow noopener\" target=\"_blank\">T\u00e9l\u00e9-Loisirs<\/a>.<\/p>\n<p>Philippe Candeloro garde un bon souvenir de son passage dans Mask Singer et de son costume. \u00ab\u00a0Son c\u00f4t\u00e9 f\u00e9minin m&rsquo;a tr\u00e8s certainement aid\u00e9 \u00e0 leurrer les enqu\u00eateurs, <strong>c&rsquo;est ce qui m&rsquo;a s\u00e9duit d\u00e8s le d\u00e9part\u00a0\u00bb<\/strong><strong>, <\/strong>a-t-il expliqu\u00e9. \u00ab\u00a0Mais pour tout vous avouer, je n&rsquo;ai pas eu 36 choix de costumes, <strong>ce n&rsquo;est pas moi qui ai d\u00e9cid\u00e9 de le porter. <\/strong>Je crois qu&rsquo;il y a eu un changement de derni\u00e8re minute, car le costume avait \u00e9t\u00e9 confectionn\u00e9 pour une femme\u00a0\u00bb, a rajout\u00e9 ensuite le complice de <a href=\"https:\/\/www.voici.fr\/bios-people\/nelson-monfort\" data-link-people=\"5c514a2d-d73c-4cd9-9537-d3e7bd02b33a\" target=\"_blank\" rel=\"noopener\">Nelson Monfort<\/a>. Philippe Candeloro a r\u00e9ussi \u00e0 garder le myst\u00e8re\u2026De quoi int\u00e9grer une prochaine saison des Tra\u00eetres\u00a0? Myst\u00e8re\u00a0!<\/p>\n","protected":false},"excerpt":{"rendered":"Vendredi 23 mai 2025, Philippe Candeloro a \u00e9t\u00e9 \u00e9limin\u00e9 de Mask Singer. Ce lundi 26 mai 2025, dans&hellip;\n","protected":false},"author":2,"featured_media":129811,"comment_status":"","ping_status":"","sticky":false,"template":"","format":"standard","meta":{"footnotes":""},"categories":[1586],"tags":[11,193,17148,1777,674,1779,1011,27,5983,12,24776,25,1364,1778,364],"class_list":{"0":"post-129810","1":"post","2":"type-post","3":"status-publish","4":"format-standard","5":"has-post-thumbnail","7":"category-europe","8":"tag-actualites","9":"tag-camille-combal","10":"tag-costume","11":"tag-eu","12":"tag-europe","13":"tag-european-union","14":"tag-fr","15":"tag-france","16":"tag-mask-singer","17":"tag-news","18":"tag-philippe-candeloro","19":"tag-republique-francaise","20":"tag-tv","21":"tag-ue","22":"tag-union-europeenne"},"share_on_mastodon":{"url":"https:\/\/pubeurope.com\/@fr\/114575376655979836","error":""},"_links":{"self":[{"href":"https:\/\/www.europesays.com\/fr\/wp-json\/wp\/v2\/posts\/129810","targetHints":{"allow":["GET"]}}],"collection":[{"href":"https:\/\/www.europesays.com\/fr\/wp-json\/wp\/v2\/posts"}],"about":[{"href":"https:\/\/www.europesays.com\/fr\/wp-json\/wp\/v2\/types\/post"}],"author":[{"embeddable":true,"href":"https:\/\/www.europesays.com\/fr\/wp-json\/wp\/v2\/users\/2"}],"replies":[{"embeddable":true,"href":"https:\/\/www.europesays.com\/fr\/wp-json\/wp\/v2\/comments?post=129810"}],"version-history":[{"count":0,"href":"https:\/\/www.europesays.com\/fr\/wp-json\/wp\/v2\/posts\/129810\/revisions"}],"wp:featuredmedia":[{"embeddable":true,"href":"https:\/\/www.europesays.com\/fr\/wp-json\/wp\/v2\/media\/129811"}],"wp:attachment":[{"href":"https:\/\/www.europesays.com\/fr\/wp-json\/wp\/v2\/media?parent=129810"}],"wp:term":[{"taxonomy":"category","embeddable":true,"href":"https:\/\/www.europesays.com\/fr\/wp-json\/wp\/v2\/categories?post=129810"},{"taxonomy":"post_tag","embeddable":true,"href":"https:\/\/www.europesays.com\/fr\/wp-json\/wp\/v2\/tags?post=129810"}],"curies":[{"name":"wp","href":"https:\/\/api.w.org\/{rel}","templated":true}]}}