{"id":129812,"date":"2025-05-26T17:44:08","date_gmt":"2025-05-26T17:44:08","guid":{"rendered":"https:\/\/www.europesays.com\/fr\/129812\/"},"modified":"2025-05-26T17:44:08","modified_gmt":"2025-05-26T17:44:08","slug":"moscou-se-moque-de-lelysee-apres-le-dementi-de-la-video-virale-du-couple-presidentiel-liberation","status":"publish","type":"post","link":"https:\/\/www.europesays.com\/fr\/129812\/","title":{"rendered":"Moscou se moque de l\u2019Elys\u00e9e apr\u00e8s le d\u00e9menti de la vid\u00e9o virale du couple pr\u00e9sidentiel \u2013 Lib\u00e9ration"},"content":{"rendered":"<p class=\"sc-ksZaOG ehjQrN text-element\">Une communication dans l\u2019urgence qui se retourne contre le Palais. La diplomatie russe s\u2019est moqu\u00e9e apr\u00e8s-midi du d\u00e9menti apport\u00e9 par l\u2019Elys\u00e9e apr\u00e8s qu\u2019une vid\u00e9o d\u2019<a href=\"https:\/\/www.liberation.fr\/international\/asie-pacifique\/tournee-en-asie-du-sud-est-au-vietnam-emmanuel-macron-presente-la-france-comme-une-troisieme-voie-20250526_IKOI75BQN5H5DC6WINOUIP4UKQ\/\" target=\"_blank\" rel=\"noreferrer nofollow noopener\" title=\"https:\/\/www.liberation.fr\/international\/asie-pacifique\/tournee-en-asie-du-sud-est-au-vietnam-emmanuel-macron-presente-la-france-comme-une-troisieme-voie-20250526_IKOI75BQN5H5DC6WINOUIP4UKQ\/\">Emmanuel et Brigitte Macron \u00e0 leur arriv\u00e9e au Vietnam<\/a> est devenue virale, plus t\u00f4t dans la journ\u00e9e. La vid\u00e9o en question, film\u00e9e depuis le tarmac, montre la main de Brigitte Macron aller au visage de son mari avant que le couple ne descende de l\u2019avion pr\u00e9sidentiel.<\/p>\n<p class=\"sc-ksZaOG ehjQrN text-element\">Moment de complicit\u00e9 ou de tension entre le chef de l\u2019Etat et son \u00e9pouse ? Pour la porte-parole de la diplomatie russe Maria Zakharova, l\u00e0 n\u2019est pas la question : \u00abCe qui est int\u00e9ressant, ce n\u2019est pas \u00e7a mais ce que va imaginer cette fois le palais de l\u2019Elys\u00e9e pour couvrir ce nouvel \u201cEmmanuel-gate\u201d.\u00bb<\/p>\n<p class=\"sc-ksZaOG ehjQrN text-element\">Apr\u00e8s avoir un temps d\u00e9menti la v\u00e9racit\u00e9 de la vid\u00e9o, <a href=\"https:\/\/www.liberation.fr\/checknews\/le-nouveau-correspondant-en-russie-de-cnews-est-un-journaliste-de-russia-today-20240326_IY3I7WZ63ZAXFOLFK7VLNQIJYI\/\" target=\"_blank\" rel=\"noreferrer nofollow noopener\" title=\"https:\/\/www.liberation.fr\/checknews\/le-nouveau-correspondant-en-russie-de-cnews-est-un-journaliste-de-russia-today-20240326_IY3I7WZ63ZAXFOLFK7VLNQIJYI\/\">\u00abcompte tenu du site \u00e9metteur\u00bb qui rapportait l\u2019information<\/a> \u2013 celui de la cha\u00eene Russia Today, qui affirmait que Macron \u00abse fait agresser par Brigitte\u00bb \u2013. les conseillers pr\u00e9sidentiels ont d\u00e9crit la sc\u00e8ne comme \u00abun moment o\u00f9 le Pr\u00e9sident et son \u00e9pouse d\u00e9compressaient une ultime fois avant le d\u00e9but du voyage en chahutant\u00bb.<\/p>\n<p class=\"sc-ksZaOG ehjQrN text-element\">Une version comment\u00e9e tout en sarcasmes par Maria Zakharova. \u00abQu\u2019est-ce que ce sera cette fois ? La Premi\u00e8re dame a voulu remonter le moral de son \u00e9poux en lui caressant doucement la joue mais a mal calcul\u00e9 sa force ? Elle lui a donn\u00e9 un mouchoir mais s\u2019est rat\u00e9e ?\u00bb, a-t-elle ironis\u00e9 dans un message diffus\u00e9 sur Telegram. \u00abMa suggestion : peut-\u00eatre qu\u2019il s\u2019agissait de la main du Kremlin ?\u00bb<\/p>\n<p class=\"sc-ksZaOG ehjQrN text-element\">Emmanuel Macron a d\u00e9menti lundi toute \u00absc\u00e8ne de m\u00e9nage\u00bb avec sa femme, assurant que le couple \u00abse chamaillait\u00bb et appel\u00e9 \u00abtout le monde au calme\u00bb sur les interpr\u00e9tations de ces images. En Russie, les diff\u00e9rents m\u00e9dias, acquis au pouvoir russe, s\u2019en sont fait les choux gras.<\/p>\n<p class=\"sc-ksZaOG ehjQrN text-element\">Une fr\u00e9n\u00e9sie qui a rappel\u00e9 une fausse information propag\u00e9e mi-mai par les m\u00eames m\u00e9dias proches du Kremlin : le mouchoir blanc pris par Emmanuel Macron, <a href=\"https:\/\/www.liberation.fr\/international\/europe\/guerre-en-ukraine-en-quete-dune-paix-durable-volodymyr-zelensky-reunit-les-dirigeants-europeens-samedi-20250509_S4XOEHC2QND7RICW3L2WIWYQTA\/\" target=\"_blank\" rel=\"nofollow noopener\" title=\"https:\/\/www.liberation.fr\/international\/europe\/guerre-en-ukraine-en-quete-dune-paix-durable-volodymyr-zelensky-reunit-les-dirigeants-europeens-samedi-20250509_S4XOEHC2QND7RICW3L2WIWYQTA\/\">\u00e0 bord d\u2019un train pour Kyiv \u00e0 la mi-mai,<\/a> et que m\u00e9dias, influenceurs et responsables russes avaient assimil\u00e9s \u00e0 un sachet de coca\u00efne. Des all\u00e9gations que Maria Zakharova a de nouveau convoqu\u00e9 dans ses commentaires : \u00abLa derni\u00e8re fois, quand les m\u00e9dias avaient \u00e9t\u00e9 t\u00e9moins d\u2019une \u201csoir\u00e9e enneig\u00e9e\u201d dans le wagon du train, les communicants de Macron n\u2019avaient rien imagin\u00e9 de mieux que d\u2019accuser les journalistes de diffuser des fausses informations.\u00bb En l\u2019esp\u00e8ce, les accusations avaient aussi \u00e9t\u00e9 d\u00e9menties par des journalistes pr\u00e9sents sur place.<\/p>\n<p class=\"sc-ksZaOG ehjQrN text-element\">Pour sa part, Emmanuel Macron a attribu\u00e9 lundi ces instrumentalisations \u00e0 \u00abdes r\u00e9seaux qui sont assez trac\u00e9s\u00bb et lui sont hostiles, pointant du doigt nomm\u00e9ment \u00ables Russes\u00bb et \u00ables extr\u00eames en France\u00bb.<\/p>\n","protected":false},"excerpt":{"rendered":"Une communication dans l\u2019urgence qui se retourne contre le Palais. La diplomatie russe s\u2019est moqu\u00e9e apr\u00e8s-midi du d\u00e9menti&hellip;\n","protected":false},"author":2,"featured_media":129813,"comment_status":"","ping_status":"","sticky":false,"template":"","format":"standard","meta":{"footnotes":""},"categories":[2],"tags":[11,986,1073,1011,27,12,25,132,951],"class_list":{"0":"post-129812","1":"post","2":"type-post","3":"status-publish","4":"format-standard","5":"has-post-thumbnail","7":"category-actualites","8":"tag-actualites","9":"tag-brigitte-macron","10":"tag-emmanuel-macron","11":"tag-fr","12":"tag-france","13":"tag-news","14":"tag-republique-francaise","15":"tag-russie","16":"tag-vietnam"},"share_on_mastodon":{"url":"https:\/\/pubeurope.com\/@fr\/114575380559656189","error":""},"_links":{"self":[{"href":"https:\/\/www.europesays.com\/fr\/wp-json\/wp\/v2\/posts\/129812","targetHints":{"allow":["GET"]}}],"collection":[{"href":"https:\/\/www.europesays.com\/fr\/wp-json\/wp\/v2\/posts"}],"about":[{"href":"https:\/\/www.europesays.com\/fr\/wp-json\/wp\/v2\/types\/post"}],"author":[{"embeddable":true,"href":"https:\/\/www.europesays.com\/fr\/wp-json\/wp\/v2\/users\/2"}],"replies":[{"embeddable":true,"href":"https:\/\/www.europesays.com\/fr\/wp-json\/wp\/v2\/comments?post=129812"}],"version-history":[{"count":0,"href":"https:\/\/www.europesays.com\/fr\/wp-json\/wp\/v2\/posts\/129812\/revisions"}],"wp:featuredmedia":[{"embeddable":true,"href":"https:\/\/www.europesays.com\/fr\/wp-json\/wp\/v2\/media\/129813"}],"wp:attachment":[{"href":"https:\/\/www.europesays.com\/fr\/wp-json\/wp\/v2\/media?parent=129812"}],"wp:term":[{"taxonomy":"category","embeddable":true,"href":"https:\/\/www.europesays.com\/fr\/wp-json\/wp\/v2\/categories?post=129812"},{"taxonomy":"post_tag","embeddable":true,"href":"https:\/\/www.europesays.com\/fr\/wp-json\/wp\/v2\/tags?post=129812"}],"curies":[{"name":"wp","href":"https:\/\/api.w.org\/{rel}","templated":true}]}}