{"id":129814,"date":"2025-05-26T17:45:10","date_gmt":"2025-05-26T17:45:10","guid":{"rendered":"https:\/\/www.europesays.com\/fr\/129814\/"},"modified":"2025-05-26T17:45:10","modified_gmt":"2025-05-26T17:45:10","slug":"nous-ne-pouvons-plus-nous-contenter-du-mot-horreur-il-faut-aujourdhui-nommer-le-genocide-a-gaza-par-300-ecrivains-liberation","status":"publish","type":"post","link":"https:\/\/www.europesays.com\/fr\/129814\/","title":{"rendered":"\u00abNous ne pouvons plus nous contenter du mot \u201chorreur\u201d, il faut aujourd\u2019hui nommer le \u201cg\u00e9nocide\u201d \u00e0 Gaza\u00bb, par 300\u00a0\u00e9crivains \u2013 Lib\u00e9ration"},"content":{"rendered":"<p class=\"sc-ksZaOG ehjQrN text-element\">Il y a un an et sept mois, le 20 octobre 2023, la po\u00e9tesse palestinienne Hiba Abu Nada \u00e9tait tu\u00e9e par des bombardements isra\u00e9liens. Dans son po\u00e8me, Une \u00e9toile disait hier, elle avait imagin\u00e9 pour les habitants de Gaza un abri cosmique, \u00e0 l\u2019oppos\u00e9 du danger existentiel auquel ils font face \u2212 un abri universel, dans lequel ils ne seraient plus, comme depuis des d\u00e9cennies, exclus de l\u2019humanit\u00e9 :<\/p>\n<p class=\"sc-ksZaOG ehjQrN text-element\">\u00abEt si un jour, \u00d4 Lumi\u00e8re \/ Toutes les galaxies \/ De tout l\u2019univers \/ N\u2019avaient plus de place pour nous \/ Tu diras : \u201cEntrez dans mon c\u0153ur \/ Vous y serez enfin \u00e0 l\u2019abri\u201d (1).\u00bb<\/p>\n<p class=\"sc-ksZaOG ehjQrN text-element\">Isra\u00ebl tue sans rel\u00e2che des Palestiniens et des Palestiniennes, par dizaines, chaque jour. Parmi eux, nos confr\u00e8res et cons\u0153urs : les \u00e9crivains et \u00e9crivaines de Gaza. Quand Isra\u00ebl ne les tue pas, il les mutile, les d\u00e9place, les affame d\u00e9lib\u00e9r\u00e9ment. Isra\u00ebl a d\u00e9truit les lieux de l\u2019\u00e9criture et de la lecture \u2212 biblioth\u00e8ques, universit\u00e9s, foyers, parcs.<\/p>\n<p class=\"sc-ksZaOG ehjQrN text-element\">Depuis la rupture par Isra\u00ebl d\u2019un cessez-le-feu qui devait conduire \u00e0 la fin de la guerre et \u00e0 la lib\u00e9ration des otages, l\u2019attaque sur Gaza a repris avec une brutalit\u00e9 redoubl\u00e9e. D\u00e9sormais, les d\u00e9clarations publiques r\u00e9p\u00e9t\u00e9es des figures de premier plan comme les ministres isra\u00e9liens Bezalel Smotrich et Itamar Ben-Gvir expriment ouvertement des intentions g\u00e9nocidaires. La qualification de \u00abg\u00e9nocide\u00bb pour d\u00e9crire ce qu\u2019il se passe \u00e0 Gaza ne fait plus d\u00e9bat pour nombre de juristes internationaux et d\u2019organisations de protection des droits humains : la F\u00e9d\u00e9rati<\/p>\n","protected":false},"excerpt":{"rendered":"Il y a un an et sept mois, le 20 octobre 2023, la po\u00e9tesse palestinienne Hiba Abu Nada&hellip;\n","protected":false},"author":2,"featured_media":129815,"comment_status":"","ping_status":"","sticky":false,"template":"","format":"standard","meta":{"footnotes":""},"categories":[2],"tags":[11,952,7756,9268,1076,1011,27,3523,12,3518,25],"class_list":{"0":"post-129814","1":"post","2":"type-post","3":"status-publish","4":"format-standard","5":"has-post-thumbnail","7":"category-actualites","8":"tag-actualites","9":"tag-benyamin-netanyahou","10":"tag-democratie","11":"tag-droits-humain","12":"tag-extreme-droite","13":"tag-fr","14":"tag-france","15":"tag-israel-palestine-conflit","16":"tag-news","17":"tag-palestine","18":"tag-republique-francaise"},"share_on_mastodon":{"url":"https:\/\/pubeurope.com\/@fr\/114575384515044597","error":""},"_links":{"self":[{"href":"https:\/\/www.europesays.com\/fr\/wp-json\/wp\/v2\/posts\/129814","targetHints":{"allow":["GET"]}}],"collection":[{"href":"https:\/\/www.europesays.com\/fr\/wp-json\/wp\/v2\/posts"}],"about":[{"href":"https:\/\/www.europesays.com\/fr\/wp-json\/wp\/v2\/types\/post"}],"author":[{"embeddable":true,"href":"https:\/\/www.europesays.com\/fr\/wp-json\/wp\/v2\/users\/2"}],"replies":[{"embeddable":true,"href":"https:\/\/www.europesays.com\/fr\/wp-json\/wp\/v2\/comments?post=129814"}],"version-history":[{"count":0,"href":"https:\/\/www.europesays.com\/fr\/wp-json\/wp\/v2\/posts\/129814\/revisions"}],"wp:featuredmedia":[{"embeddable":true,"href":"https:\/\/www.europesays.com\/fr\/wp-json\/wp\/v2\/media\/129815"}],"wp:attachment":[{"href":"https:\/\/www.europesays.com\/fr\/wp-json\/wp\/v2\/media?parent=129814"}],"wp:term":[{"taxonomy":"category","embeddable":true,"href":"https:\/\/www.europesays.com\/fr\/wp-json\/wp\/v2\/categories?post=129814"},{"taxonomy":"post_tag","embeddable":true,"href":"https:\/\/www.europesays.com\/fr\/wp-json\/wp\/v2\/tags?post=129814"}],"curies":[{"name":"wp","href":"https:\/\/api.w.org\/{rel}","templated":true}]}}