{"id":129818,"date":"2025-05-26T17:48:09","date_gmt":"2025-05-26T17:48:09","guid":{"rendered":"https:\/\/www.europesays.com\/fr\/129818\/"},"modified":"2025-05-26T17:48:09","modified_gmt":"2025-05-26T17:48:09","slug":"les-bleus-la-pologne-les-nouveaux-defis-de-pothron-apres-le-tours-vb","status":"publish","type":"post","link":"https:\/\/www.europesays.com\/fr\/129818\/","title":{"rendered":"Les Bleus, la Pologne, les nouveaux d\u00e9fis de Pothron apr\u00e8s le Tours VB"},"content":{"rendered":"<p>Antoine Pothron n\u2019en a pas fini avec Grenon. Si <a target=\"_self\" href=\"https:\/\/www.lanouvellerepublique.fr\/poitiers\/msl-le-sacre-pour-tours-la-fierte-de-poitiers-1747520021\" rel=\"noopener\">le titre de champion de France<\/a> remport\u00e9 avec le Tours VB, le 17\u00a0mai, \u00e9tait son dernier match sous le maillot tourangeau, il n\u2019a pas pris ses cliques et ses claques pour filer en vacances. Non, comme <a target=\"_self\" href=\"https:\/\/www.lanouvellerepublique.fr\/poitiers\/msl-sacre-avec-le-tours-vb-luca-ramon-decroche-son-graal-a-lui-1747574485\" rel=\"noopener\">Luca Ramon<\/a> et <a target=\"_self\" href=\"https:\/\/www.lanouvellerepublique.fr\/tours\/msl-alexandre-strehlau-l-avenement-d-une-pepite-au-tvb-1747580017\" rel=\"noopener\">Alexandre Strehlau<\/a>, il a de suite bascul\u00e9 sur l\u2019\u00e9quipe de France et pris donc ses quartiers d\u2019\u00e9t\u00e9 \u00e0 Grenon, o\u00f9 les Bleus vont encha\u00eener les stages jusqu\u2019\u00e0 la fin juillet.<\/p>\n<p>Quelques minutes apr\u00e8s le titre, alors qu\u2019il venait de prendre quelques photos avec ses proches le troph\u00e9e en main, le Tourangeau et <a target=\"_self\" href=\"https:\/\/www.lanouvellerepublique.fr\/tours\/coupe-cev-pothron-et-le-tours-volley-ball-veulent-kiffer-leur-demi-finale-europeenne-1741543082\" rel=\"noopener\">futur joueur de Be\u0142chat\u00f3w<\/a> se projetait d\u00e9j\u00e0 sur cet \u00e9t\u00e9 en Bleu, avec envie et une certaine ambition \u00e0 laquelle l\u2019autorisent sa solide saison au TVB et sa finale pleine d\u2019autorit\u00e9.<\/p>\n<p>\u00ab\u00a0L\u2019\u00e9quipe de France, c\u2019est un grand objectif pour moi\u00a0\u00bb<\/p>\n<p>\u00ab\u00a0L\u2019\u00e9quipe de France, c\u2019est un grand objectif pour moi, j\u2019ai envie d\u2019y performer.\u00a0\u00bb Conscient de la concurrence qui existe dans cette \u00e9quipe, et \u00e0 son poste de r\u00e9ceptionneur-attaquant, Antoine Pothron compte y aller \u00ab\u00a0\u00e9tape par \u00e9tape mais je vais tout donner pour entrer dans cette \u00e9quipe et essayer d\u2019y trouver ma place\u00a0\u00bb.<\/p>\n<p>Viendra ensuite le temps de partir pour le championnat polonais, une nouvelle \u00e9tape apr\u00e8s celle v\u00e9cue au TVB qui, au cours des deux saisons pass\u00e9es en Touraine, aura \u00e9t\u00e9 un vrai tremplin pour l\u2019ancien Toulousain. Deux ann\u00e9es o\u00f9 il a connu des hauts et des bas, a v\u00e9cu la pression au quotidien, a appris \u00e0 s\u2019affirmer jusqu\u2019\u00e0 donc cette finale face \u00e0 Poitiers o\u00f9 il s\u2019est impos\u00e9 comme un leader, notamment dans cette fin de premier set o\u00f9 il avait r\u00e9clam\u00e9, voire exig\u00e9, un challenge vid\u00e9o sur ce service de Sclater, effectivement bon, puis avait d\u00e9coch\u00e9 une pipe synonyme de gain de la manche. Son exultation derri\u00e8re, avec l\u2019\u00e9cusson du TVB brandi \u00e0 tout Grenon, en disait long sur son \u00e9tat d\u2019esprit, sa d\u00e9termination, son affirmation aussi.<\/p>\n<p>\u00ab\u00a0J\u2019avais envie de montrer de quoi j\u2019\u00e9tais capable dans ces play-offs\u00a0\u00bb<\/p>\n<p>\u00ab\u00a0C\u2019\u00e9tait le tournant du match, racontait-il ensuite. J\u2019avais vraiment envie de gagner et de remporter ce titre\u2026 L\u2019an dernier, la finale, je l\u2019ai v\u00e9cue hors du terrain parce que j\u2019\u00e9tais bless\u00e9. J\u2019\u00e9tais tr\u00e8s frustr\u00e9 et j\u2019avais envie de revenir, de montrer de quoi j\u2019\u00e9tais capable dans ces play-offs.\u00a0\u00bb<\/p>\n<\/p>\n<p>\u00ab\u00a0Cette saison m\u2019a fait grandir\u00a0\u00bb<\/p>\n<p>Du meilleur en l\u2019occurrence, et pourtant le r\u00f4le qu\u2019Antoine Pothron a d\u00fb endosser au fil des semaines, et notamment lors de ces play-offs, ne fut pas le plus simple, pas le moins ingrat. \u00ab\u00a0Depuis que Strehlau \u00e9tait sur le terrain, mon r\u00f4le \u00e0 moi \u00e9tait de me concentrer sur la r\u00e9ception, le fond de jeu et le laisser faire les points. J\u2019ai eu beaucoup de difficult\u00e9 au d\u00e9but \u00e0 trouver vraiment mon r\u00f4le dans cette configuration d\u2019\u00e9quipe, mais le plus important, c\u2019est que cela a march\u00e9 \u00e0 la fin\u00a0\u00bb, dit-il sans amertume aucune.<\/p>\n<p>Une exp\u00e9rience qui s\u2019ajoute \u00e0 toutes celles v\u00e9cues au TVB et qui font qu\u2019aujourd\u2019hui il se sent pr\u00eat pour le grand saut. Vers les Bleus, et la Pologne ensuite. Avec ce titre de champion de France en pr\u00e9cieux s\u00e9same pour r\u00e9ussir ses nouveaux d\u00e9fis. \u00ab\u00a0Le titre, cela fait partie des \u00e9tapes. Je sais que cette saison m\u2019a fait grandir. Maintenant, il faut continuer sur ce chemin-l\u00e0.\u00a0\u00bb\ufeff<\/p>\n<p>\u00ab\u00a0Je ne pouvais pas r\u00eaver meilleure fin avec le club\u00a0\u00bb<\/p>\n<p>Antoine Pothron a savour\u00e9 \u00e0 sa juste valeur le titre de champion de France, d\u00e9croch\u00e9 le 17\u00a0mai. \u00ab\u00a0Il y avait eu une grosse d\u00e9sillusion avec la Coupe CEV et la Coupe de France (avec respectivement une \u00e9limination en demi-finale et en quart), et l\u00e0, \u00eatre champion de France, c\u2019est incroyable. Je ne pouvais pas r\u00eaver meilleure fin avec le club. J\u2019\u00e9tais venu pour remporter un titre et pour moi, champion de France, c\u2019est le plus beau. J\u2019aurais aim\u00e9 gagner les deux autres aussi, mais champion de France, c\u2019est un truc de fou, un truc dont je r\u00eavais depuis tout petit.\u00a0\u00bb<\/p>\n","protected":false},"excerpt":{"rendered":"Antoine Pothron n\u2019en a pas fini avec Grenon. Si le titre de champion de France remport\u00e9 avec le&hellip;\n","protected":false},"author":2,"featured_media":129819,"comment_status":"","ping_status":"","sticky":false,"template":"","format":"standard","meta":{"footnotes":""},"categories":[1417],"tags":[1392,24849,1011,27,1387,1655,60,1390,1471,2767,1470,1469],"class_list":{"0":"post-129818","1":"post","2":"type-post","3":"status-publish","4":"format-standard","5":"has-post-thumbnail","7":"category-volley","8":"tag-a-la-une-local","9":"tag-equipe-de-france-volley","10":"tag-fr","11":"tag-france","12":"tag-indre-et-loire","13":"tag-ligue-a","14":"tag-sports","15":"tag-tours","16":"tag-tours-volley-ball","17":"tag-tvb-37","18":"tag-volley","19":"tag-volleyball"},"share_on_mastodon":{"url":"https:\/\/pubeurope.com\/@fr\/114575396255762688","error":""},"_links":{"self":[{"href":"https:\/\/www.europesays.com\/fr\/wp-json\/wp\/v2\/posts\/129818","targetHints":{"allow":["GET"]}}],"collection":[{"href":"https:\/\/www.europesays.com\/fr\/wp-json\/wp\/v2\/posts"}],"about":[{"href":"https:\/\/www.europesays.com\/fr\/wp-json\/wp\/v2\/types\/post"}],"author":[{"embeddable":true,"href":"https:\/\/www.europesays.com\/fr\/wp-json\/wp\/v2\/users\/2"}],"replies":[{"embeddable":true,"href":"https:\/\/www.europesays.com\/fr\/wp-json\/wp\/v2\/comments?post=129818"}],"version-history":[{"count":0,"href":"https:\/\/www.europesays.com\/fr\/wp-json\/wp\/v2\/posts\/129818\/revisions"}],"wp:featuredmedia":[{"embeddable":true,"href":"https:\/\/www.europesays.com\/fr\/wp-json\/wp\/v2\/media\/129819"}],"wp:attachment":[{"href":"https:\/\/www.europesays.com\/fr\/wp-json\/wp\/v2\/media?parent=129818"}],"wp:term":[{"taxonomy":"category","embeddable":true,"href":"https:\/\/www.europesays.com\/fr\/wp-json\/wp\/v2\/categories?post=129818"},{"taxonomy":"post_tag","embeddable":true,"href":"https:\/\/www.europesays.com\/fr\/wp-json\/wp\/v2\/tags?post=129818"}],"curies":[{"name":"wp","href":"https:\/\/api.w.org\/{rel}","templated":true}]}}