{"id":129828,"date":"2025-05-26T17:54:09","date_gmt":"2025-05-26T17:54:09","guid":{"rendered":"https:\/\/www.europesays.com\/fr\/129828\/"},"modified":"2025-05-26T17:54:09","modified_gmt":"2025-05-26T17:54:09","slug":"bernard-hinault-laurent-gerra-et-christian-prudhomme-ont-fete-les-50-ans-de-la-1re-victoire-de-bernard-thevenet-le-jsl","status":"publish","type":"post","link":"https:\/\/www.europesays.com\/fr\/129828\/","title":{"rendered":"Bernard Hinault, Laurent Gerra et Christian Prudhomme ont f\u00eat\u00e9 les 50 ans de la 1re victoire de Bernard Th\u00e9venet &#8211; Le JSL"},"content":{"rendered":"<ol>\n<li><a href=\"https:\/\/news.google.com\/rss\/articles\/CBMiuwFBVV95cUxOM1Z0cE1xeGlBTWN4YzF0cUlfQkt0ck1DRnRzZmM5RDhQTmdCTnQ4SzJTOGNiNnZXS01sZ2dTN1NCUnJQWWhUV2lKc1h2Rm02QkFESk1URGF2YjZDVUJENFU0NEt6VEVKODFKX1hqcE1Xem1EbENhdEFVVHRfQTdoZnJoMWYwSUhqRWhKdENWZVFCeFNpbU5taGR4NTRaTXdlVmdoaXJYTzY0N1A5X0I3T1Z0ei1qMERYTFlv?oc=5\" target=\"_blank\" rel=\"noopener\">Bernard Hinault, Laurent Gerra et Christian Prudhomme ont f\u00eat\u00e9 les 50 ans de la 1re victoire de Bernard Th\u00e9venet<\/a>&nbsp;&nbsp;Le JSL<\/li>\n<li><a href=\"https:\/\/news.google.com\/rss\/articles\/CBMi4gFBVV95cUxPUnhKM2s1a3VrbTNfaWtQS1V6aXVsNUpzc3l4bkFEUGFlOU1CbnpPbVBZb0tRWnh4aHdDVGpGZDAzQnRlTXk4bGJ0R2Z4SEpRSU5Sd3diZ2lLT05FWFJMM1NuU3p1emYzT3EwWHNBcjR3VjN4Z2VDV1ZyclNfaExTdU5CempYSFUtSEdncGpjcU1aWFRFSXBqNXZ6V2NPc2xpNGt0ZkJqaEpQUTF3ZWFTN2l5eDJlQ3J6Nk0zQ1VUSGdBaEwtallnSUN5SUptTVg5WjJZYzR0ZTZGeTVyYlFOMFNn?oc=5\" target=\"_blank\" rel=\"noopener\">Vitry-en-Charollais. Tour de France : les 50 ans de la victoire de Bernard Th\u00e9venet, c&rsquo;est ce week-end !<\/a>&nbsp;&nbsp;larenaissancehebdo.fr<\/li>\n<li><a href=\"https:\/\/news.google.com\/rss\/articles\/CBMinwFBVV95cUxPTW55WGUya0VmR1hBb1RVRXdTTzk4c29qQnlVdV96WGlTY1k4Wi1sQXgweDJOd0oyakhZbVkyQUlIeHBoY1VkdlIzZnJRTUtHMHdhOTUtd3oydDNncnM0a2N3Sk1RYV9JMEpIZDQwanl2MmVRc0liWjMyTnRlRlRUZ09xb0w2V2x4U2JLV3NwYkZ4N1BwZHNOR2RkcTZpQXM?oc=5\" target=\"_blank\" rel=\"noopener\">Vitry-en-Charollais. Retour en images sur la cyclosportive Bernard Thevenet 2025<\/a>&nbsp;&nbsp;Le JSL<\/li>\n<li><a href=\"https:\/\/news.google.com\/rss\/articles\/CBMioAFBVV95cUxNZFAzWjFqRVVWejNQVlFkdk8xMFAtRzFrZUFYS1JjWWxDZnZNN3ZEZWt1VTliNHRqRzlrLVBaZDVOY3E5MUhrRlBRdmxqNEROcU8tLTY0d0ppZTloSlpEcVB4b19MYWVvUGszUjBSTU00MHJLVWl0YTNXamliLTktUThDNDNnZ2FTWE1WRGRuTF9PZm5MUk5fbzlIc0EteWoy?oc=5\" target=\"_blank\" rel=\"noopener\">Vitry-en-Charollais. La Bernard Th\u00e9venet 2025 a battu son record de participation<\/a>&nbsp;&nbsp;Le JSL<\/li>\n<li><a href=\"https:\/\/news.google.com\/rss\/articles\/CBMif0FVX3lxTE1EZ2NlTWF6NlZsYTBleUNvYjRveFBSdGdSUXBpMG5fT2plbTB0VkI2RW1ETno0cDkzUTJnNjVLcnhaU0QxTHFEVnFHVVlWdzdnWVgxTUFhekwwWlNreXlHbW4wZ19ENTJLTVdRR0Jmd2NEbnhhQm5iOXVBLVNySlk?oc=5\" target=\"_blank\" rel=\"noopener\">Charolais. Du beau monde \u00e0 la cyclosportive Bernard Th\u00e9venet<\/a>&nbsp;&nbsp;Le JSL<\/li>\n<\/ol>\n","protected":false},"excerpt":{"rendered":"Bernard Hinault, Laurent Gerra et Christian Prudhomme ont f\u00eat\u00e9 les 50 ans de la 1re victoire de Bernard&hellip;\n","protected":false},"author":2,"featured_media":129829,"comment_status":"","ping_status":"","sticky":false,"template":"","format":"standard","meta":{"footnotes":""},"categories":[1411],"tags":[1154,207,3895,107,1011,27,12016,104,60,1631,25385],"class_list":{"0":"post-129828","1":"post","2":"type-post","3":"status-publish","4":"format-standard","5":"has-post-thumbnail","7":"category-cyclisme","8":"tag-cycling","9":"tag-cyclisme","10":"tag-edition-charolais-brionnais","11":"tag-fil-info","12":"tag-fr","13":"tag-france","14":"tag-paray-le-monial-bassin","15":"tag-societe","16":"tag-sports","17":"tag-vie-associative","18":"tag-vitry-en-charollais"},"share_on_mastodon":{"url":"https:\/\/pubeurope.com\/@fr\/114575419832870786","error":""},"_links":{"self":[{"href":"https:\/\/www.europesays.com\/fr\/wp-json\/wp\/v2\/posts\/129828","targetHints":{"allow":["GET"]}}],"collection":[{"href":"https:\/\/www.europesays.com\/fr\/wp-json\/wp\/v2\/posts"}],"about":[{"href":"https:\/\/www.europesays.com\/fr\/wp-json\/wp\/v2\/types\/post"}],"author":[{"embeddable":true,"href":"https:\/\/www.europesays.com\/fr\/wp-json\/wp\/v2\/users\/2"}],"replies":[{"embeddable":true,"href":"https:\/\/www.europesays.com\/fr\/wp-json\/wp\/v2\/comments?post=129828"}],"version-history":[{"count":0,"href":"https:\/\/www.europesays.com\/fr\/wp-json\/wp\/v2\/posts\/129828\/revisions"}],"wp:featuredmedia":[{"embeddable":true,"href":"https:\/\/www.europesays.com\/fr\/wp-json\/wp\/v2\/media\/129829"}],"wp:attachment":[{"href":"https:\/\/www.europesays.com\/fr\/wp-json\/wp\/v2\/media?parent=129828"}],"wp:term":[{"taxonomy":"category","embeddable":true,"href":"https:\/\/www.europesays.com\/fr\/wp-json\/wp\/v2\/categories?post=129828"},{"taxonomy":"post_tag","embeddable":true,"href":"https:\/\/www.europesays.com\/fr\/wp-json\/wp\/v2\/tags?post=129828"}],"curies":[{"name":"wp","href":"https:\/\/api.w.org\/{rel}","templated":true}]}}