{"id":129834,"date":"2025-05-26T17:57:10","date_gmt":"2025-05-26T17:57:10","guid":{"rendered":"https:\/\/www.europesays.com\/fr\/129834\/"},"modified":"2025-05-26T17:57:10","modified_gmt":"2025-05-26T17:57:10","slug":"le-tapa-sexpose-au-grand-palais-tahiti-infos-com","status":"publish","type":"post","link":"https:\/\/www.europesays.com\/fr\/129834\/","title":{"rendered":"Le tapa s\u2019expose au Grand Palais &#8211; tahiti-infos.com"},"content":{"rendered":"<ol>\n<li><a href=\"https:\/\/news.google.com\/rss\/articles\/CBMif0FVX3lxTE1WV3AwWE52MmFpQWlqSXc5SWdRanh0OGVVOGI4T0J6cnlQeHFtYS0zS083X180dHlDandoMTJuWFA5cDRLQXU3NUtyVzRoQkg1SkI4bWxrbWhkdUE0dENHcXlHVlNyVXlNZ1Q3UzJDM3k2QWk4UGRVRnN1d3R6LWM?oc=5\" target=\"_blank\" rel=\"noopener\">Le tapa s\u2019expose au Grand Palais<\/a>&nbsp;&nbsp;tahiti-infos.com<\/li>\n<li><a href=\"https:\/\/news.google.com\/rss\/articles\/CBMitwFBVV95cUxOS2dQREhvdUg5R2lzUGNHam5TTmxPcmdSTHdveU50UnAwZ3ZTbE9oeU1LYjctVF9BVTBqNGFLX2xTcnhoOXlYa0RfSHZtSEhGcDVXVHp4a0ZpeFRnMWQ2blBDWmlWckVPR0pNQUI1T05XSERWZmNJWGtxUzh5UU40cmFGV1U5ZFI2MUlNNGFXbGtkejUxM1pzUUxLVTdaQzVLbkRvSVBFVk9PYlJvb1dXSjRBd3NlNlE?oc=5\" target=\"_blank\" rel=\"noopener\">Les H\u00f4pitaux-Neufs. L\u2019artiste laqueuse \u00c9lodie Famel est au Grand Palais \u00e0 Paris<\/a>&nbsp;&nbsp;L&rsquo;Est R\u00e9publicain<\/li>\n<li><a href=\"https:\/\/news.google.com\/rss\/articles\/CBMiuAFBVV95cUxPamJFdXlmZmFIZDFzaURaalYxR1FoNFFwWUlFeTRqc1B0aU1xNG44X1VrR0hTLXdnODBSXy1ybXp1MEQ0S0VXN01ZNkZsTTBWMEh5R0lSSEFZSnhwYVNGTmF3TUVva0ZRSEV6dm94Nm15T1Bod09PektZUGVaYmZ6V1ZMRkZQejJZRXFEcnZsdVdSSlFlX3VhTGFzYXlOUmxSM2t2WS1CTHE5WmtxcFc5NTE3TXJ0cllh?oc=5\" target=\"_blank\" rel=\"noopener\">Guillaume et St\u00e9phanie de Luxembourg \u00e0 la Biennale \u00ab\u00a0R\u00e9v\u00e9lations\u00a0\u00bb \u00e0 Paris<\/a>&nbsp;&nbsp;Point de Vue<\/li>\n<li><a href=\"https:\/\/news.google.com\/rss\/articles\/CBMi1gFBVV95cUxNOTFocE84eDFGcFdMQUhtMjVkQk1CR0ZEaHJTckUteFYtTk9RZzlUUE5VNHkyWUlXTGt2QzlLVmdHc2tJOG85VkJqbGxzS01PbWtvUzVqN3hsTC1lM1h5WEdsZVJ6aUhPVjREdlk0VnBPUGZpSjdiUHNLdHdEX0hhZjJpMkVyQXk1a1FabjNWaTV5RGFiU3d0eUx1Vk9BM0w3c3c3QlZFOEktd2lWNnNoTXJ2dkRqaDRKUEM2SGhjSkY3N3dETFdrZHhQRWN5LXdieDAzMUln?oc=5\" target=\"_blank\" rel=\"noopener\">Quand les artisans d&rsquo;art font leur show, et des affaires, au Grand Palais<\/a>&nbsp;&nbsp;Les Echos<\/li>\n<li><a href=\"https:\/\/news.google.com\/rss\/articles\/CBMi9AFBVV95cUxNZlp3MTZMeXBlb1JZTGllVWpfVUd1bDIzVjc4VTdWQ0h0ZHFuV2NyUE54SWlfRWwwWkhVdmRQa2swN2pfREpvdjJDZEdZZ09pUXgwd2puRkgyTmU3TWtXeF9aN011TloxbzM1NjJNWHFCWlJYcmM5TV9Xb2pJWXJGaXdCb3lLSllLUVVCR2dxeUY1SVlYeGRhTkFjZHpicUNNdGFQZDZmYURDZnE2RVRuWkQ5VlE0ZWZOQmU3ZE5hVVhRMEFpN2wxd3FINUNjbV9mOXpRQXVKQnVzZW5fd2hNdEU4YjVNXzkzYjE1NTY2TTBRLU1v?oc=5\" target=\"_blank\" rel=\"noopener\">100 % cr\u00e9ation &#8211; L\u2019artisanat d&rsquo;art, une identit\u00e9 \u00e0 pr\u00e9server et \u00e0 partager par St\u00e9phane Galerneau<\/a>&nbsp;&nbsp;RFI<\/li>\n<\/ol>\n","protected":false},"excerpt":{"rendered":"Le tapa s\u2019expose au Grand Palais&nbsp;&nbsp;tahiti-infos.com Les H\u00f4pitaux-Neufs. L\u2019artiste laqueuse \u00c9lodie Famel est au Grand Palais \u00e0 Paris&nbsp;&nbsp;L&rsquo;Est&hellip;\n","protected":false},"author":2,"featured_media":129835,"comment_status":"","ping_status":"","sticky":false,"template":"","format":"standard","meta":{"footnotes":""},"categories":[1358],"tags":[1348,1384,1385,1386,58,33,1057,59,1011,27,316,24932,602],"class_list":{"0":"post-129834","1":"post","2":"type-post","3":"status-publish","4":"format-standard","5":"has-post-thumbnail","7":"category-arts-et-design","8":"tag-arts","9":"tag-arts-and-design","10":"tag-arts-et-design","11":"tag-design","12":"tag-divertissement","13":"tag-economie","14":"tag-education","15":"tag-entertainment","16":"tag-fr","17":"tag-france","18":"tag-politique","19":"tag-tahiti","20":"tag-tourisme"},"share_on_mastodon":{"url":"https:\/\/pubeurope.com\/@fr\/114575431655620606","error":""},"_links":{"self":[{"href":"https:\/\/www.europesays.com\/fr\/wp-json\/wp\/v2\/posts\/129834","targetHints":{"allow":["GET"]}}],"collection":[{"href":"https:\/\/www.europesays.com\/fr\/wp-json\/wp\/v2\/posts"}],"about":[{"href":"https:\/\/www.europesays.com\/fr\/wp-json\/wp\/v2\/types\/post"}],"author":[{"embeddable":true,"href":"https:\/\/www.europesays.com\/fr\/wp-json\/wp\/v2\/users\/2"}],"replies":[{"embeddable":true,"href":"https:\/\/www.europesays.com\/fr\/wp-json\/wp\/v2\/comments?post=129834"}],"version-history":[{"count":0,"href":"https:\/\/www.europesays.com\/fr\/wp-json\/wp\/v2\/posts\/129834\/revisions"}],"wp:featuredmedia":[{"embeddable":true,"href":"https:\/\/www.europesays.com\/fr\/wp-json\/wp\/v2\/media\/129835"}],"wp:attachment":[{"href":"https:\/\/www.europesays.com\/fr\/wp-json\/wp\/v2\/media?parent=129834"}],"wp:term":[{"taxonomy":"category","embeddable":true,"href":"https:\/\/www.europesays.com\/fr\/wp-json\/wp\/v2\/categories?post=129834"},{"taxonomy":"post_tag","embeddable":true,"href":"https:\/\/www.europesays.com\/fr\/wp-json\/wp\/v2\/tags?post=129834"}],"curies":[{"name":"wp","href":"https:\/\/api.w.org\/{rel}","templated":true}]}}