{"id":129838,"date":"2025-05-26T17:59:10","date_gmt":"2025-05-26T17:59:10","guid":{"rendered":"https:\/\/www.europesays.com\/fr\/129838\/"},"modified":"2025-05-26T17:59:10","modified_gmt":"2025-05-26T17:59:10","slug":"avant-premiere-demain-nous-appartient-du-28-mai-2025-episode-1953-tf1","status":"publish","type":"post","link":"https:\/\/www.europesays.com\/fr\/129838\/","title":{"rendered":"Avant-premi\u00e8re &#8211; Demain nous appartient du 28 mai 2025 &#8211; Episode 1953 &#8211; TF1+"},"content":{"rendered":"<ol>\n<li><a href=\"https:\/\/news.google.com\/rss\/articles\/CBMizAFBVV95cUxNbmFDekZuXzV4a1MyZnNsaENSaTVyX3FUSWNTLTZvbVZ2TXo2TXZPYVYxcnU4OUJSVkVjU0dkby04d2FrZnd3M3RsWHd1Vl9xdU9LMkphUjFFazZKYTFzRkdybmxEb192VzlyeERBNldUV0M5aXdjeUk4dUQyYTJfb2hYZk5iNmFNNm5MbHhHVW1NdmpQTzdTZDU2SjZNRGtoNEFTcGJ0aGhCY0tBNTU1NU1WemNjVmEtanV1MHowa3U3U3JpbWtxazFQcV8?oc=5\" target=\"_blank\" rel=\"noopener\">Avant-premi\u00e8re &#8211; Demain nous appartient du 28 mai 2025 &#8211; Episode 1953<\/a>&nbsp;&nbsp;TF1+<\/li>\n<li><a href=\"https:\/\/news.google.com\/rss\/articles\/CBMifkFVX3lxTE5oY08yUERfQW5OT21KaXYzWV9Sbm54MGx6MkY2UWNJb1lQWWR0ZldYbURBSGx3ZlNsUGkyVnJYWlo3cGstQXp2aVptX1hjd0kyTDVJdE5hY2tVSU5yR0VHcXZ2UDRtb0FaZExlUTJ1Rm5mTmI1OEZtX2VkdW9hUQ?oc=5\" target=\"_blank\" rel=\"noopener\">Demain nous appartient : Alex miraculeusement sauv\u00e9 ? L&rsquo;espoir rena\u00eet chez les Delcourt !<\/a>&nbsp;&nbsp;AlloCin\u00e9<\/li>\n<li><a href=\"https:\/\/news.google.com\/rss\/articles\/CBMivwJBVV95cUxNeFQ5MS1lWlNzaFhmM3VlV3hKS05YUjUwcHU5YTNGMm9Fc0p2cmIyUk1uMjJmamUtSG96RkVXZGV2UDIteFJSQ0dUQzg1bXBrQkNTWkVHVTd2aFh2cktFaU9xMjdPUFl6LUJOS3VOTy1SakxGR2stS3VsTThCdVgzYkZLMnBLTG9QdmhjTEtnZ2d1bTZTRmdRbU1kYm8wYXVCdmN3NlFGalRNclhfdEdCcDRmNUJybnZEdzJBRlN0Sm8wbWpoLWVmZFUxenpZMWxDRGIza1RHczJkSzlTdFkxbjNHNkpBcnd2RWJKencxUU5jeW03czBWUFJxUDQ4OFNpeXUweTRDWF9YLUlFdDFkWTZ3c3l3TEhjS0czcEw3QWN5Z2VMNW5Wa3dFaE1ZMHJvS0M5Q1A3ZTRFY3dxUUZz?oc=5\" target=\"_blank\" rel=\"noopener\">Demain nous appartient : Entre Soizic et Martial, l\u2019ambiance devient \u00e9lectrique\u2026 Que va-t-il se passer dans les \u00e9pisodes de cette semaine sur TF1 ?<\/a>&nbsp;&nbsp;T\u00e9l\u00e9 7 Jours<\/li>\n<li><a href=\"https:\/\/news.google.com\/rss\/articles\/CBMihgJBVV95cUxNLUlmcFB0V3FQUXpRcVduTjZYMWozLWxQQm03ekt5RDROTkhJZWo3dk1JZlV4U2Etay16d2Z3QVF1QS1sMllya3pudGNOcDJXLVd1TkxaSEQzcE12Ym9sX0tibmdaZXlOTlVxM01COUlGODloZFZBMEo3andmOUFkOENTUEEtSjlTcEtzNEdKc3JNZDNYYzJ3Y2l3a1JFc0VHOUFKX3VkenEtY2FhQUd5UkE1UHZVRHNmUU94ekp4UlFmY1Q2TF9RUWxRaTFIR2NBWnNVa1kxU0dlcFlfMXFEQ2w4RjRIMk0yVjd6eEVhRWlSNExudzlCcmc3NmNiTjFhSEItYnNR?oc=5\" target=\"_blank\" rel=\"noopener\">Demain nous appartient en avance : Henri menace d&rsquo;une arme Charles et Damien&#8230; Le r\u00e9sum\u00e9 de l&rsquo;\u00e9pisode 1952 du mardi 27 mai 2025<\/a>&nbsp;&nbsp;programme-tv.net<\/li>\n<li><a href=\"https:\/\/news.google.com\/rss\/articles\/CBMiqgJBVV95cUxPTDJoU3BEYUd1d1FXNDg3SzAwdFdNdjNLOHAtSUhqN2YxSGZET2FLUHhNY2k4cE0tMVRZc3VlaWJJVnVXd3hldDVFdzdVeldxMmlwTWVicmM3UFZxWG1oSzJHb2plNkZhMkhocm9naUpjazVRaVJKSl85aHZvZ3pPWHRJcUdNa3gtQlVYd3pLdmxTbEhQYW80b1F0RXVhQ1pwanR2NXM3TzQ1VzgxRnZ6aS02NnJZUnp4WEZkS3dDVWVjUU9qTW9SMGZTdHVJcnE4RlIwdkJmS0xXT3hPaTZBLUtxVVh0M0NXZDlQLTgzRjVfMkJxbm9KNXFrYmluaXI1Tm9aR2lHM1VnWFFxcDl3NWViUTQzazdUeDFDanFqY2stVzgtU0EyN29n?oc=5\" target=\"_blank\" rel=\"noopener\">\u00ab Demain nous appartient \u00bb. Les r\u00e9sum\u00e9s en avance des \u00e9pisodes du 26 au 30 mai 2025<\/a>&nbsp;&nbsp;Programme TV Ouest-France<\/li>\n<\/ol>\n","protected":false},"excerpt":{"rendered":"Avant-premi\u00e8re &#8211; Demain nous appartient du 28 mai 2025 &#8211; Episode 1953&nbsp;&nbsp;TF1+ Demain nous appartient : Alex miraculeusement&hellip;\n","protected":false},"author":2,"featured_media":129839,"comment_status":"","ping_status":"","sticky":false,"template":"","format":"standard","meta":{"footnotes":""},"categories":[1356],"tags":[3598,4090,58,59,1365,4089,1011,27,4092,252,1364,4091,4093],"class_list":{"0":"post-129838","1":"post","2":"type-post","3":"status-publish","4":"format-standard","5":"has-post-thumbnail","7":"category-television","8":"tag-demain-nous-appartient","9":"tag-demain-nous-appartient-episode","10":"tag-divertissement","11":"tag-entertainment","12":"tag-episode","13":"tag-episode-demain-nous-appartient","14":"tag-fr","15":"tag-france","16":"tag-streaming-demain-nous-appartient","17":"tag-television","18":"tag-tv","19":"tag-video-demain-nous-appartient","20":"tag-video-en-streaming-demain-nous-appartient"},"share_on_mastodon":{"url":"https:\/\/pubeurope.com\/@fr\/114575439616011057","error":""},"_links":{"self":[{"href":"https:\/\/www.europesays.com\/fr\/wp-json\/wp\/v2\/posts\/129838","targetHints":{"allow":["GET"]}}],"collection":[{"href":"https:\/\/www.europesays.com\/fr\/wp-json\/wp\/v2\/posts"}],"about":[{"href":"https:\/\/www.europesays.com\/fr\/wp-json\/wp\/v2\/types\/post"}],"author":[{"embeddable":true,"href":"https:\/\/www.europesays.com\/fr\/wp-json\/wp\/v2\/users\/2"}],"replies":[{"embeddable":true,"href":"https:\/\/www.europesays.com\/fr\/wp-json\/wp\/v2\/comments?post=129838"}],"version-history":[{"count":0,"href":"https:\/\/www.europesays.com\/fr\/wp-json\/wp\/v2\/posts\/129838\/revisions"}],"wp:featuredmedia":[{"embeddable":true,"href":"https:\/\/www.europesays.com\/fr\/wp-json\/wp\/v2\/media\/129839"}],"wp:attachment":[{"href":"https:\/\/www.europesays.com\/fr\/wp-json\/wp\/v2\/media?parent=129838"}],"wp:term":[{"taxonomy":"category","embeddable":true,"href":"https:\/\/www.europesays.com\/fr\/wp-json\/wp\/v2\/categories?post=129838"},{"taxonomy":"post_tag","embeddable":true,"href":"https:\/\/www.europesays.com\/fr\/wp-json\/wp\/v2\/tags?post=129838"}],"curies":[{"name":"wp","href":"https:\/\/api.w.org\/{rel}","templated":true}]}}