{"id":129844,"date":"2025-05-26T18:02:09","date_gmt":"2025-05-26T18:02:09","guid":{"rendered":"https:\/\/www.europesays.com\/fr\/129844\/"},"modified":"2025-05-26T18:02:09","modified_gmt":"2025-05-26T18:02:09","slug":"un-champignon-capable-de-vous-manger-de-linterieur-pourrait-se-propager-a-cause-du-rechauffement-climatique","status":"publish","type":"post","link":"https:\/\/www.europesays.com\/fr\/129844\/","title":{"rendered":"un champignon capable de \u00ab\u00a0vous manger de l\u2019int\u00e9rieur\u00a0\u00bb pourrait se propager \u00e0 cause du r\u00e9chauffement climatique"},"content":{"rendered":"<p>Un sc\u00e9nario qui rappelle celui du jeu vid\u00e9o \u00e0 succ\u00e8s <a data-i13n=\"cpos:1;pos:1\" href=\"https:\/\/fr.news.yahoo.com\/sport\/the-last-of-us-vu-072500561.html\" data-ylk=\"slk:The Last of Us;cpos:1;pos:1;elm:context_link;itc:0;sec:content-canvas;outcm:mb_qualified_link;_E:mb_qualified_link;ct:story;\" class=\"link  yahoo-link\" target=\"_blank\" rel=\"noopener\">The Last of Us<\/a>, r\u00e9cemment adapt\u00e9 en s\u00e9rie t\u00e9l\u00e9vis\u00e9e. D&rsquo;apr\u00e8s une \u00e9quipe de chercheurs de l&rsquo;Universit\u00e9 de Manchester (Royaume-Uni) le r\u00e9chauffement climatique en cours pourrait avoir pour cons\u00e9quence le d\u00e9veloppement de certains champignons dangereux pour l&rsquo;\u00eatre humain.<\/p>\n<p>Comme l&rsquo;expliquent les scientifiques dans <a data-i13n=\"cpos:2;pos:1\" href=\"https:\/\/www.researchsquare.com\/article\/rs-6545782\/v1\" rel=\"nofollow noopener\" target=\"_blank\" data-ylk=\"slk:une \u00e9tude;cpos:2;pos:1;elm:context_link;itc:0;sec:content-canvas\" class=\"link \">une \u00e9tude<\/a> publi\u00e9e d\u00e9but mai et reprise notamment par <a data-i13n=\"cpos:3;pos:1\" href=\"https:\/\/edition.cnn.com\/2025\/05\/24\/climate\/deadly-fungi-aspergillus-spread\" rel=\"nofollow noopener\" target=\"_blank\" data-ylk=\"slk:CNN;cpos:3;pos:1;elm:context_link;itc:0;sec:content-canvas\" class=\"link \">CNN<\/a>, l&rsquo;\u00e9volution des conditions climatiques \u00e0 l&rsquo;\u00e9chelle de la plan\u00e8te risque de provoquer la migration et la propagation de diff\u00e9rentes esp\u00e8ces de type Aspergillus.<\/p>\n<p>Des mod\u00e8les informatiques pour pr\u00e9voir le d\u00e9veloppement des Aspergillus<\/p>\n<p>Pour parvenir \u00e0 ce constat, les chercheurs ont travaill\u00e9 sur diff\u00e9rents mod\u00e8les informatiques compilant des donn\u00e9es relatives aux esp\u00e8ces en question et ont r\u00e9alis\u00e9 des simulations sous la forme de pr\u00e9vision cartographiques, en fonction des changements de temp\u00e9rature attendus dans diff\u00e9rentes r\u00e9gions.<\/p>\n<p>\u00ab\u00a0Les champignons sont relativement peu \u00e9tudi\u00e9s par rapport aux virus et aux parasites, mais ces cartes montrent que les agents pathog\u00e8nes fongiques auront probablement un impact sur la plupart des r\u00e9gions du monde \u00e0 l&rsquo;avenir\u00a0\u00bb, indique Norman van Rijn, co-auteur de l&rsquo;\u00e9tude et chercheur sur le changement climatique et les maladies infectieuses \u00e0 l&rsquo;Universit\u00e9 de Manchester, cit\u00e9 par CNN.<\/p>\n<p>Migration des esp\u00e8ces et prolif\u00e9ration<\/p>\n<p>Selon le m\u00e9dia am\u00e9ricain, les mod\u00e8les d\u00e9velopp\u00e9s par les scientifiques pr\u00e9disent ainsi \u00ab\u00a0que certaines esp\u00e8ces d&rsquo;Aspergillus \u00e9tendront leur aire de r\u00e9partition \u00e0 mesure que la crise climatique s&rsquo;intensifiera, s&rsquo;\u00e9tendant \u00e0 de nouvelles r\u00e9gions d&rsquo;Am\u00e9rique du Nord, d&rsquo;Europe, de Chine et de Russie\u00a0\u00bb.<\/p>\n<p>Cette migration g\u00e9ographique devrait s&rsquo;accompagner d&rsquo;une prolif\u00e9ration de ces diff\u00e9rentes esp\u00e8ces, qui devraient voir leur population globale augmenter significativement, dans une fourchette allant de 16% \u00e0 77,5% en fonction des esp\u00e8ces.<\/p>\n<p>Une maladie provoqu\u00e9e par le d\u00e9veloppement des spores dans les poumons<\/p>\n<p>L&rsquo;essor attendu des diff\u00e9rentes familles d&rsquo;Aspergillus constitue \u00e0 n&rsquo;en pas douter un probl\u00e8me en termes de sant\u00e9 publique. CNN rappelle ainsi que ce groupe de champignons peut \u00ab\u00a0provoquer l&rsquo;aspergillose, une maladie potentiellement mortelle affectant principalement les poumons\u00a0\u00bb.<\/p>\n<p>Comme le pr\u00e9cise le m\u00e9dia am\u00e9ricain, cette maladie est directement provoqu\u00e9e par les minuscules spores lib\u00e9r\u00e9s dans l&rsquo;air par ces champignons, qui peuvent ensuite \u00eatre inhal\u00e9s par des humains sans m\u00eame que ces derniers s&rsquo;en rendent compte.<\/p>\n<p>Risque important pour les personnes souffrant de maladie pulmonaire ou de d\u00e9ficit immunitaire<\/p>\n<p>Pour la majorit\u00e9 de la population en bonne sant\u00e9, ces spores ne pr\u00e9sentent pas de danger particulier car ils sont imm\u00e9diatement \u00e9limin\u00e9s par le syst\u00e8me immunitaire, comme cela est le cas pour de nombreux autres micro-organismes \u00e9trangers.<\/p>\n<p>Le risque est en revanche bien r\u00e9el pour les personnes souffrant de maladies pulmonaires chroniques (asthme, emphys\u00e8me, fibrose kystique) et pour celles dont le syst\u00e8me immunitaire est globalement affaibli, suite \u00e0 une maladie grave et\/ou \u00e0 une hospitalisation de longue dur\u00e9e.<\/p>\n<p>Des champignons qui peuvent \u00ab\u00a0vous manger de l&rsquo;int\u00e9rieur\u00a0\u00bb<\/p>\n<p>Dans ces cas de figure, les spores des Aspergillus vont en effet survivre \u00e0 l&rsquo;action pr\u00e9ventive de l&rsquo;organisme humain. Comme le d\u00e9crit Norman van Rijn, ils vont ainsi pouvoir \u00ab\u00a0commencer \u00e0 se d\u00e9velopper et \u00e0 vous manger de l&rsquo;int\u00e9rieur, pour le dire tr\u00e8s franchement\u00a0\u00bb.<\/p>\n<p>Difficile \u00e0 diagnostiquer, car ses sympt\u00f4mes se limitent souvent \u00e0 la fi\u00e8vre et \u00e0 la toux, l&rsquo;aspergillose peut ainsi se r\u00e9v\u00e9ler aussi fulgurante que l\u00e9tale. D&rsquo;apr\u00e8s les diff\u00e9rentes statistiques mondiales en la mati\u00e8re, son taux de mortalit\u00e9 oscille entre 20% et 40%.<\/p>\n<p>De plus en plus r\u00e9sistants aux traitements et aux temp\u00e9ratures \u00e9lev\u00e9es<\/p>\n<p>Pour ne rien arranger, diff\u00e9rentes \u00e9tudes empiriques ont montr\u00e9 que ces champignons \u00e9taient de plus en plus r\u00e9sistants aux traitements antifongiques au fil des g\u00e9n\u00e9rations. D&rsquo;une mani\u00e8re g\u00e9n\u00e9rale, le r\u00e9chauffement climatique pourrait par ailleurs augmenter la tol\u00e9rance des Aspergillus \u00e0 certains facteurs, notamment la temp\u00e9rature.<\/p>\n<p>En outre, d&rsquo;apr\u00e8s CNN, les ph\u00e9nom\u00e8nes m\u00e9t\u00e9orologiques extr\u00eames, amen\u00e9s \u00e0 se multiplier avec le changement climatique, pourraient avoir pour effet de favoriser \u00ab\u00a0la propagation des spores sur de longues distances\u00a0\u00bb, augmentant encore un peu plus leur aire de r\u00e9partition et donc le risque pour les populations humaines.<\/p>\n<p>\u00ab\u00a0N\u2019importe lequel d\u2019entre nous pourrait \u00eatre affect\u00e9 \u00e0 l\u2019avenir\u00a0\u00bb<\/p>\n<p>Interrog\u00e9s par CNN, plusieurs sp\u00e9cialistes de la sant\u00e9 environnementale partagent les inqui\u00e9tudes des auteurs de l&rsquo;\u00e9tude. \u00ab\u00a0Les agents pathog\u00e8nes fongiques deviennent de plus en plus courants et r\u00e9sistants au traitement, et nous commen\u00e7ons seulement \u00e0 comprendre comment le changement climatique y contribue\u00a0\u00bb, constate Justin Remais, professeur \u00e0 l&rsquo;Universit\u00e9 de Berkeley.<\/p>\n<p>Codirectrice du Centre de mycologie m\u00e9dicale de l&rsquo;Universit\u00e9 d&rsquo;Exeter, Elaine Bignell juge pour sa part que l&rsquo;\u00e9tude sur la propagation des Aspergillus \u00ab\u00a0met en lumi\u00e8re \u00e0 juste titre la menace que repr\u00e9sentent les champignons qui vivent dans notre environnement naturel et \u00e0 quel point nous sommes mal pr\u00e9par\u00e9s \u00e0 faire face aux changements dans leur pr\u00e9valence.\u00a0\u00bb \u00ab\u00a0Il est urgent d&rsquo;inverser cette tendance compte tenu de leur l\u00e9talit\u00e9, ajoute la chercheuse. N\u2019importe lequel d\u2019entre nous pourrait \u00eatre affect\u00e9 \u00e0 l\u2019avenir.\u00a0\u00bb<\/p>\n","protected":false},"excerpt":{"rendered":"Un sc\u00e9nario qui rappelle celui du jeu vid\u00e9o \u00e0 succ\u00e8s The Last of Us, r\u00e9cemment adapt\u00e9 en s\u00e9rie&hellip;\n","protected":false},"author":2,"featured_media":129845,"comment_status":"","ping_status":"","sticky":false,"template":"","format":"standard","meta":{"footnotes":""},"categories":[10],"tags":[25386,25389,1011,27,72,25388,25387,5140,71],"class_list":{"0":"post-129844","1":"post","2":"type-post","3":"status-publish","4":"format-standard","5":"has-post-thumbnail","7":"category-sante","8":"tag-aire-de-repartition","9":"tag-differentes-familles","10":"tag-fr","11":"tag-france","12":"tag-health","13":"tag-le-changement-climatique","14":"tag-le-rechauffement-climatique","15":"tag-rechauffement-climatique","16":"tag-sante"},"share_on_mastodon":{"url":"https:\/\/pubeurope.com\/@fr\/114575451337699659","error":""},"_links":{"self":[{"href":"https:\/\/www.europesays.com\/fr\/wp-json\/wp\/v2\/posts\/129844","targetHints":{"allow":["GET"]}}],"collection":[{"href":"https:\/\/www.europesays.com\/fr\/wp-json\/wp\/v2\/posts"}],"about":[{"href":"https:\/\/www.europesays.com\/fr\/wp-json\/wp\/v2\/types\/post"}],"author":[{"embeddable":true,"href":"https:\/\/www.europesays.com\/fr\/wp-json\/wp\/v2\/users\/2"}],"replies":[{"embeddable":true,"href":"https:\/\/www.europesays.com\/fr\/wp-json\/wp\/v2\/comments?post=129844"}],"version-history":[{"count":0,"href":"https:\/\/www.europesays.com\/fr\/wp-json\/wp\/v2\/posts\/129844\/revisions"}],"wp:featuredmedia":[{"embeddable":true,"href":"https:\/\/www.europesays.com\/fr\/wp-json\/wp\/v2\/media\/129845"}],"wp:attachment":[{"href":"https:\/\/www.europesays.com\/fr\/wp-json\/wp\/v2\/media?parent=129844"}],"wp:term":[{"taxonomy":"category","embeddable":true,"href":"https:\/\/www.europesays.com\/fr\/wp-json\/wp\/v2\/categories?post=129844"},{"taxonomy":"post_tag","embeddable":true,"href":"https:\/\/www.europesays.com\/fr\/wp-json\/wp\/v2\/tags?post=129844"}],"curies":[{"name":"wp","href":"https:\/\/api.w.org\/{rel}","templated":true}]}}