{"id":129862,"date":"2025-05-26T18:11:19","date_gmt":"2025-05-26T18:11:19","guid":{"rendered":"https:\/\/www.europesays.com\/fr\/129862\/"},"modified":"2025-05-26T18:11:19","modified_gmt":"2025-05-26T18:11:19","slug":"sept-brasseries-ont-transforme-lessai","status":"publish","type":"post","link":"https:\/\/www.europesays.com\/fr\/129862\/","title":{"rendered":"sept brasseries ont transform\u00e9 l\u2019essai"},"content":{"rendered":"<p>Samedi, \u00e0 l\u2019Amicale la\u00efque du Cr\u00eat-de-Roc, sept brasseries artisanales et ind\u00e9pendantes, cinq st\u00e9phanoises et deux de l\u2019ext\u00e9rieur, ont pr\u00e9sent\u00e9 leur savoir-faire au plus grand nombre. L\u2019occasion aussi pour les nombreux visiteurs de (re) d\u00e9couvrir les bi\u00e8res de L\u2019Ours qui brasse, Les Gueules d\u2019orge, La Brasserie st\u00e9phanoise, Pylum Fungi, Hoppy time, Loqui et Bim.<\/p>\n","protected":false},"excerpt":{"rendered":"Samedi, \u00e0 l\u2019Amicale la\u00efque du Cr\u00eat-de-Roc, sept brasseries artisanales et ind\u00e9pendantes, cinq st\u00e9phanoises et deux de l\u2019ext\u00e9rieur, ont&hellip;\n","protected":false},"author":2,"featured_media":129863,"comment_status":"","ping_status":"","sticky":false,"template":"","format":"standard","meta":{"footnotes":""},"categories":[9653],"tags":[1111,11,2430,1687,7539,1777,674,3326,1011,27,12,25,4001,7538],"class_list":{"0":"post-129862","1":"post","2":"type-post","3":"status-publish","4":"format-standard","5":"has-post-thumbnail","7":"category-saint-etienne","8":"tag-actu","9":"tag-actualites","10":"tag-auvergne-rhone-alpes","11":"tag-culture-loisirs","12":"tag-edition-loire-sud","13":"tag-eu","14":"tag-europe","15":"tag-fete-locale","16":"tag-fr","17":"tag-france","18":"tag-news","19":"tag-republique-francaise","20":"tag-saint-etienne","21":"tag-saint-etienne-ville"},"share_on_mastodon":{"url":"https:\/\/pubeurope.com\/@fr\/114575486706400441","error":""},"_links":{"self":[{"href":"https:\/\/www.europesays.com\/fr\/wp-json\/wp\/v2\/posts\/129862","targetHints":{"allow":["GET"]}}],"collection":[{"href":"https:\/\/www.europesays.com\/fr\/wp-json\/wp\/v2\/posts"}],"about":[{"href":"https:\/\/www.europesays.com\/fr\/wp-json\/wp\/v2\/types\/post"}],"author":[{"embeddable":true,"href":"https:\/\/www.europesays.com\/fr\/wp-json\/wp\/v2\/users\/2"}],"replies":[{"embeddable":true,"href":"https:\/\/www.europesays.com\/fr\/wp-json\/wp\/v2\/comments?post=129862"}],"version-history":[{"count":0,"href":"https:\/\/www.europesays.com\/fr\/wp-json\/wp\/v2\/posts\/129862\/revisions"}],"wp:featuredmedia":[{"embeddable":true,"href":"https:\/\/www.europesays.com\/fr\/wp-json\/wp\/v2\/media\/129863"}],"wp:attachment":[{"href":"https:\/\/www.europesays.com\/fr\/wp-json\/wp\/v2\/media?parent=129862"}],"wp:term":[{"taxonomy":"category","embeddable":true,"href":"https:\/\/www.europesays.com\/fr\/wp-json\/wp\/v2\/categories?post=129862"},{"taxonomy":"post_tag","embeddable":true,"href":"https:\/\/www.europesays.com\/fr\/wp-json\/wp\/v2\/tags?post=129862"}],"curies":[{"name":"wp","href":"https:\/\/api.w.org\/{rel}","templated":true}]}}