{"id":129868,"date":"2025-05-26T18:14:08","date_gmt":"2025-05-26T18:14:08","guid":{"rendered":"https:\/\/www.europesays.com\/fr\/129868\/"},"modified":"2025-05-26T18:14:08","modified_gmt":"2025-05-26T18:14:08","slug":"notre-sante-et-notre-avenir-professionnel-sont-toujours-mis-en-peril-la-greve-a-la-mgen-de-la-valette-a-ete-bien-suivie","status":"publish","type":"post","link":"https:\/\/www.europesays.com\/fr\/129868\/","title":{"rendered":"\u00ab\u00a0Notre sant\u00e9 et notre avenir professionnel sont toujours mis en p\u00e9ril\u00a0\u00bb: la gr\u00e8ve \u00e0 la MGEN de La Valette a \u00e9t\u00e9 bien suivie"},"content":{"rendered":"<p>Camp\u00e9e devant l\u2019agence commerciale principale de La Valette de la mutuelle MGEN, une quinzaine de salari\u00e9es a manifest\u00e9 ludi durant toute la matin\u00e9e. Toutes r\u00e9pondaient \u00e0 un appel national \u00e0 la gr\u00e8ve lanc\u00e9 par la CFDT, la CGT et l\u2019Unsa.<\/p>\n<p>\u00ab\u00a0Nous sommes \u00e9puis\u00e9s! La MGEN a remport\u00e9 r\u00e9cemment le plus gros march\u00e9 europ\u00e9en de mutuelle de fonctionnaires avec le minist\u00e8re de L\u2019\u00c9ducation nationale. Et pourtant, les conditions de travail restent d\u00e9grad\u00e9es, notre sant\u00e9 et notre avenir professionnel sont toujours mis en p\u00e9ril\u00a0\u00bb, explique Pauline Griffon, d\u00e9l\u00e9gu\u00e9e syndicale Unsa et d\u00e9l\u00e9gu\u00e9e du personnel.<\/p>\n<p>Allongement des horaires de travail sans concertation, d\u00e9passement de t\u00e2ches, contraintes pour les salari\u00e9s sur la pose des cong\u00e9s pay\u00e9s et la r\u00e9cup\u00e9ration des heures travaill\u00e9es&#8230; Les salari\u00e9s de la mutuelle d\u00e9noncent un \u00ab\u00a0encadrement de vie au travail d\u00e9plorable\u00a0\u00bb.<\/p>\n<p>\u00ab\u00a0De plus, aucune revalorisation salariale en contrepartie de l\u2019effort demand\u00e9 ne nous est propos\u00e9e. La direction impose. Nous subissons. Jusqu\u2019\u00e0 quand?\u00a0\u00bb, demandent les gr\u00e9vistes de La Valette.<\/p>\n<p><strong>\u00ab\u00a0De la vente au d\u00e9triment du conseil\u00a0\u00bb<\/strong><\/p>\n<p>Les gr\u00e9vistes demandent donc le versement d\u2019une prime identique pour l\u2019ensemble des salari\u00e9s, une revalorisation des primes allou\u00e9es pour les samedis travaill\u00e9s sur la base du volontariat, le respect du repos compensateur et \u00ab\u00a0le gel des objectifs de production garantissant le versement des r\u00e9mun\u00e9rations variables li\u00e9es \u00e0 l\u2019exercice 2025.\u00a0\u00bb<\/p>\n<p>Il est rare que les agents de la MGEN cessent le travail comme \u00e7a. \u00ab\u00a0On veut seulement \u00eatre un peu respect\u00e9s. Or, l\u00e0, nous sommes pouss\u00e9s \u00e0 faire de la vente au d\u00e9triment du conseil qu\u2019on doit \u00e0 nos clients\u00a0\u00bb, ajoute une gr\u00e9viste.<\/p>\n<p>Pour autant, l\u2019agence de La Valette n\u2019\u00e9tait pas totalement ferm\u00e9e ce lundi matin. Les affili\u00e9s pouvaient d\u00e9poser leurs dossiers d\u2019indemnisation. Aucune rencontre avec la direction locale n\u2019a eu lieu. On ignore, pour l\u2019instant, si le mouvement sera reconduit.<\/p>\n","protected":false},"excerpt":{"rendered":"Camp\u00e9e devant l\u2019agence commerciale principale de La Valette de la mutuelle MGEN, une quinzaine de salari\u00e9es a manifest\u00e9&hellip;\n","protected":false},"author":2,"featured_media":129869,"comment_status":"","ping_status":"","sticky":false,"template":"","format":"standard","meta":{"footnotes":""},"categories":[9619],"tags":[1111,11,1777,674,1011,27,802,12,882,25,801,2310],"class_list":{"0":"post-129868","1":"post","2":"type-post","3":"status-publish","4":"format-standard","5":"has-post-thumbnail","7":"category-toulon","8":"tag-actu","9":"tag-actualites","10":"tag-eu","11":"tag-europe","12":"tag-fr","13":"tag-france","14":"tag-greves-et-mouvements-sociaux","15":"tag-news","16":"tag-provence-alpes-cote-dazur","17":"tag-republique-francaise","18":"tag-social","19":"tag-toulon"},"share_on_mastodon":{"url":"https:\/\/pubeurope.com\/@fr\/114575498555974861","error":""},"_links":{"self":[{"href":"https:\/\/www.europesays.com\/fr\/wp-json\/wp\/v2\/posts\/129868","targetHints":{"allow":["GET"]}}],"collection":[{"href":"https:\/\/www.europesays.com\/fr\/wp-json\/wp\/v2\/posts"}],"about":[{"href":"https:\/\/www.europesays.com\/fr\/wp-json\/wp\/v2\/types\/post"}],"author":[{"embeddable":true,"href":"https:\/\/www.europesays.com\/fr\/wp-json\/wp\/v2\/users\/2"}],"replies":[{"embeddable":true,"href":"https:\/\/www.europesays.com\/fr\/wp-json\/wp\/v2\/comments?post=129868"}],"version-history":[{"count":0,"href":"https:\/\/www.europesays.com\/fr\/wp-json\/wp\/v2\/posts\/129868\/revisions"}],"wp:featuredmedia":[{"embeddable":true,"href":"https:\/\/www.europesays.com\/fr\/wp-json\/wp\/v2\/media\/129869"}],"wp:attachment":[{"href":"https:\/\/www.europesays.com\/fr\/wp-json\/wp\/v2\/media?parent=129868"}],"wp:term":[{"taxonomy":"category","embeddable":true,"href":"https:\/\/www.europesays.com\/fr\/wp-json\/wp\/v2\/categories?post=129868"},{"taxonomy":"post_tag","embeddable":true,"href":"https:\/\/www.europesays.com\/fr\/wp-json\/wp\/v2\/tags?post=129868"}],"curies":[{"name":"wp","href":"https:\/\/api.w.org\/{rel}","templated":true}]}}