{"id":12988,"date":"2025-04-09T15:50:10","date_gmt":"2025-04-09T15:50:10","guid":{"rendered":"https:\/\/www.europesays.com\/fr\/12988\/"},"modified":"2025-04-09T15:50:10","modified_gmt":"2025-04-09T15:50:10","slug":"en-egypte-emmanuel-macron-denonce-une-situation-intenable-a-gaza","status":"publish","type":"post","link":"https:\/\/www.europesays.com\/fr\/12988\/","title":{"rendered":"En \u00c9gypte, Emmanuel Macron d\u00e9nonce \u00abune situation intenable\u00bb \u00e0 Gaza"},"content":{"rendered":"<p><strong>REPORTAGE &#8211;<\/strong> Au deuxi\u00e8me jour de sa visite en \u00c9gypte, le chef de l\u2019\u00c9tat s\u2019est rendu, mardi, aux portes de la bande de Gaza, par o\u00f9 transite l\u2019aide humanitaire vers le territoire palestinien.<\/p>\n<p class=\"fig-paragraph\">Sous un hangar en toile o\u00f9 800 palettes de mat\u00e9riel m\u00e9dical attendent d\u2019entrer dans la bande de\u00a0<a href=\"https:\/\/www.lefigaro.fr\/tag\/gaza\" target=\"_blank\" rel=\"noopener nofollow\" data-gtm-custom-categorie=\"navigation\" data-gtm-custom-action=\"crossclick\" data-gtm-custom-label=\"Contextuel\" data-gtm-event=\"customEventSPE\">Gaza<\/a>, Fabrizio Andriolo, le chef de mission de l\u2019ONG MSF en \u00c9gypte, a une longue liste de requ\u00eates \u00e0 adresser \u00e0\u00a0<a href=\"http:\/\/www.lefigaro.fr\/international\/conflits-au-proche-orient-le-hamas-ne-doit-avoir-aucune-part-dans-la-gouvernance-de-gaza-selon-emmanuel-macron-20250407\" target=\"_blank\" data-fig-type=\"NewsFlash\" rel=\"noopener nofollow\" data-gtm-custom-categorie=\"navigation\" data-gtm-custom-action=\"crossclick\" data-gtm-custom-label=\"Contextuel\" data-gtm-event=\"customEventSPE\" data-fig-domain=\"LEFIGARO\">Emmanuel Macron<\/a>\u00a0qu\u2019il attend depuis plus d\u2019une heure. Depuis le centre logistique du Croissant-Rouge \u00e9gyptien d\u2019el-Arish, \u00e0 50\u00a0km de la bande de Gaza, le tableau qu\u2019il dresse de l\u2019enclave est catastrophique. \u00ab\u00a0On a re\u00e7u des centaines de Palestiniens, bless\u00e9s et tu\u00e9s depuis la reprise des hostilit\u00e9s mi-mars entre Isra\u00ebl et le Hamas, dont 30\u00a0% d\u2019enfants de moins de 15\u00a0ans. Il y a urgence \u00e0 faire entrer de nouveau l\u2019aide humanitaire. Sur place, deux de nos employ\u00e9s palestiniens ont \u00e9t\u00e9 tu\u00e9s en un mois, et nous n\u2019avons plus que trois semaines de stocks de fournitures m\u00e9dicales dans le nord\u00a0\u00bb de la bande de Gaza.<\/p>\n<p class=\"fig-paragraph\">Une heure plus t\u00f4t, Emmanuel Macron avait atterri \u00e0 el-Arish, au\u00a0<a href=\"http:\/\/www.lefigaro.fr\/international\/en-egypte-emmanuel-macron-soutient-le-plan-de-reconstruction-arabe-pour-la-bande-de-gaza-20250407\" target=\"_blank\" data-fig-type=\"Article\" rel=\"noopener nofollow\" data-gtm-custom-categorie=\"navigation\" data-gtm-custom-action=\"crossclick\" data-gtm-custom-label=\"Contextuel\" data-gtm-event=\"customEventSPE\" data-fig-domain=\"LEFIGARO\">deuxi\u00e8me et dernier jour de sa visite en \u00c9gypte<\/a>, accompagn\u00e9 par le pr\u00e9sident Abdel Fattah al-Sissi. Une rare visite\u2026<\/p>\n<p class=\"fig-premium-paywall__infos\">\n        Cet article est r\u00e9serv\u00e9 aux abonn\u00e9s.        Il vous reste 82% \u00e0 d\u00e9couvrir.\n    <\/p>\n<p>                <img  data- alt=\"Le Figaro\" class=\"fig-img--complete fig-img\"\/><\/p>\n<p class=\"fig-premium-paywall__title\">Vous avez envie de lire la suite ?<\/p>\n<p class=\"fig-premium-paywall__subtitle\">D\u00e9bloquez tous les articles imm\u00e9diatement.<\/p>\n<p class=\"fig-premium-paywall__connect\">\n                D\u00e9j\u00e0 abonn\u00e9\u00a0?                <a class=\"fig-premium-paywall__connect-link\" href=\"https:\/\/connect.lefigaro.fr\/login?client=horizon_web&amp;type=main&amp;redirect_uri=https%3A%2F%2Fwww.lefigaro.fr%2Finternational%2Fen-egypte-emmanuel-macron-denonce-une-situation-intenable-a-gaza-20250408\" data-js-gtm=\"{&quot;customCategorie&quot;: &quot;conversion&quot;, &quot;customAction&quot;: &quot;before_Landing_Connexion_paywall_auto&quot;, &quot;customLabel&quot;: &quot;bGVmaWdhcm8uZnJfXzFmMDE0OWE2LTYyM2UtNjQ5Ni04MWU2LTgzMzE4NjdiNDM5Nl9fQXJ0aWNsZQ==_En \u00c9gypte, Emmanuel Macron d\u00e9nonce \u00abune situation intenable\u00bb \u00e0 Gaza_177&quot;, &quot;customIDSPE&quot;: &quot;bGVmaWdhcm8uZnJfXzFmMDE0OWE2LTYyM2UtNjQ5Ni04MWU2LTgzMzE4NjdiNDM5Nl9fQXJ0aWNsZQ==&quot;, &quot;event&quot;: &quot;customEventSPE&quot;}\" rel=\"nofollow noopener\" target=\"_blank\"><br \/>\n                    Connectez-vous<br \/>\n                <\/a>\n            <\/p>\n","protected":false},"excerpt":{"rendered":"REPORTAGE &#8211; Au deuxi\u00e8me jour de sa visite en \u00c9gypte, le chef de l\u2019\u00c9tat s\u2019est rendu, mardi, aux&hellip;\n","protected":false},"author":2,"featured_media":12989,"comment_status":"","ping_status":"","sticky":false,"template":"","format":"standard","meta":{"footnotes":""},"categories":[5],"tags":[259,11,260,4303,1073,1011,27,665,14,261,12,262,28],"class_list":{"0":"post-12988","1":"post","2":"type-post","3":"status-publish","4":"format-standard","5":"has-post-thumbnail","7":"category-international","8":"tag-actualite-internationale","9":"tag-actualites","10":"tag-affaires-etrangeres","11":"tag-egypte","12":"tag-emmanuel-macron","13":"tag-fr","14":"tag-france","15":"tag-gaza","16":"tag-international","17":"tag-ministere-des-affaires-etrangeres","18":"tag-news","19":"tag-politique-etrangere","20":"tag-world"},"share_on_mastodon":{"url":"https:\/\/pubeurope.com\/@fr\/114308803675317199","error":""},"_links":{"self":[{"href":"https:\/\/www.europesays.com\/fr\/wp-json\/wp\/v2\/posts\/12988","targetHints":{"allow":["GET"]}}],"collection":[{"href":"https:\/\/www.europesays.com\/fr\/wp-json\/wp\/v2\/posts"}],"about":[{"href":"https:\/\/www.europesays.com\/fr\/wp-json\/wp\/v2\/types\/post"}],"author":[{"embeddable":true,"href":"https:\/\/www.europesays.com\/fr\/wp-json\/wp\/v2\/users\/2"}],"replies":[{"embeddable":true,"href":"https:\/\/www.europesays.com\/fr\/wp-json\/wp\/v2\/comments?post=12988"}],"version-history":[{"count":0,"href":"https:\/\/www.europesays.com\/fr\/wp-json\/wp\/v2\/posts\/12988\/revisions"}],"wp:featuredmedia":[{"embeddable":true,"href":"https:\/\/www.europesays.com\/fr\/wp-json\/wp\/v2\/media\/12989"}],"wp:attachment":[{"href":"https:\/\/www.europesays.com\/fr\/wp-json\/wp\/v2\/media?parent=12988"}],"wp:term":[{"taxonomy":"category","embeddable":true,"href":"https:\/\/www.europesays.com\/fr\/wp-json\/wp\/v2\/categories?post=12988"},{"taxonomy":"post_tag","embeddable":true,"href":"https:\/\/www.europesays.com\/fr\/wp-json\/wp\/v2\/tags?post=12988"}],"curies":[{"name":"wp","href":"https:\/\/api.w.org\/{rel}","templated":true}]}}