{"id":129884,"date":"2025-05-26T18:24:18","date_gmt":"2025-05-26T18:24:18","guid":{"rendered":"https:\/\/www.europesays.com\/fr\/129884\/"},"modified":"2025-05-26T18:24:18","modified_gmt":"2025-05-26T18:24:18","slug":"forme-au-club-jacquet-sinscrit-dans-la-duree-a-rennes","status":"publish","type":"post","link":"https:\/\/www.europesays.com\/fr\/129884\/","title":{"rendered":"form\u00e9 au club, Jacquet s\u2019inscrit dans la dur\u00e9e \u00e0 Rennes"},"content":{"rendered":"<p>Ce lundi, le jeune d\u00e9fenseur central de 19 ans a prolong\u00e9 son contrat jusqu\u2019en 2029.<\/p>\n<p class=\"fig-paragraph\">Le d\u00e9fenseur central J\u00e9r\u00e9my Jacquet a sign\u00e9 un nouveau contrat avec le Stade Rennais jusqu&rsquo;en 2029, a annonc\u00e9 le club breton lundi. Pur produit de la formation rouge et noire, Jacquet (19 ans) figure dans la liste de l&rsquo;\u00e9quipe de France Espoirs pour l&rsquo;Euro qui se d\u00e9roule en juin en Slovaquie et il est l&rsquo;un des jeunes joueurs fran\u00e7ais les plus courtis\u00e9s en Europe \u00e0 son poste.<\/p>\n<p class=\"fig-paragraph\">Pr\u00eat\u00e9 en d\u00e9but de saison derni\u00e8re \u00e0 Clermont (L2), il avait \u00e9t\u00e9 rappel\u00e9 \u00e0 l&rsquo;hiver par Rennes, moyennant un d\u00e9dommagement au club auvergnat, et avait contribu\u00e9 \u00e0 stabiliser la d\u00e9fense bretonne.<\/p>\n<p class=\"fig-paragraph\">\u00abJ\u00e9r\u00e9my incarne parfaitement la volont\u00e9 du club de construire son projet autour de la formation rennaise (&#8230;) Il a de tr\u00e8s grandes qualit\u00e9s, notamment athl\u00e9tiques, et d\u00e9gage beaucoup d&rsquo;assurance et de force pour son \u00e2ge\u00bb, a comment\u00e9 le nouveau directeur sportif de Rennes, Lo\u00efc D\u00e9sir\u00e9, cit\u00e9 dans le communiqu\u00e9.<\/p>\n","protected":false},"excerpt":{"rendered":"Ce lundi, le jeune d\u00e9fenseur central de 19 ans a prolong\u00e9 son contrat jusqu\u2019en 2029. Le d\u00e9fenseur central&hellip;\n","protected":false},"author":2,"featured_media":129885,"comment_status":"","ping_status":"","sticky":false,"template":"","format":"standard","meta":{"footnotes":""},"categories":[2821],"tags":[1111,11,829,525,1981,814,1777,674,2257,63,1011,27,3309,66,1307,955,12,1176,978,93,584,25,1980,3087],"class_list":{"0":"post-129884","1":"post","2":"type-post","3":"status-publish","4":"format-standard","5":"has-post-thumbnail","7":"category-rennes","8":"tag-actu","9":"tag-actualites","10":"tag-bretagne","11":"tag-calendrier","12":"tag-classement","13":"tag-direct","14":"tag-eu","15":"tag-europe","16":"tag-foot","17":"tag-football","18":"tag-fr","19":"tag-france","20":"tag-l1","21":"tag-ligue-1","22":"tag-lille","23":"tag-match","24":"tag-news","25":"tag-olympique-de-marseille","26":"tag-olympique-lyonnais","27":"tag-psg","28":"tag-rennes","29":"tag-republique-francaise","30":"tag-resultats","31":"tag-stade-rennais"},"share_on_mastodon":{"url":"https:\/\/pubeurope.com\/@fr\/114575537940688622","error":""},"_links":{"self":[{"href":"https:\/\/www.europesays.com\/fr\/wp-json\/wp\/v2\/posts\/129884","targetHints":{"allow":["GET"]}}],"collection":[{"href":"https:\/\/www.europesays.com\/fr\/wp-json\/wp\/v2\/posts"}],"about":[{"href":"https:\/\/www.europesays.com\/fr\/wp-json\/wp\/v2\/types\/post"}],"author":[{"embeddable":true,"href":"https:\/\/www.europesays.com\/fr\/wp-json\/wp\/v2\/users\/2"}],"replies":[{"embeddable":true,"href":"https:\/\/www.europesays.com\/fr\/wp-json\/wp\/v2\/comments?post=129884"}],"version-history":[{"count":0,"href":"https:\/\/www.europesays.com\/fr\/wp-json\/wp\/v2\/posts\/129884\/revisions"}],"wp:featuredmedia":[{"embeddable":true,"href":"https:\/\/www.europesays.com\/fr\/wp-json\/wp\/v2\/media\/129885"}],"wp:attachment":[{"href":"https:\/\/www.europesays.com\/fr\/wp-json\/wp\/v2\/media?parent=129884"}],"wp:term":[{"taxonomy":"category","embeddable":true,"href":"https:\/\/www.europesays.com\/fr\/wp-json\/wp\/v2\/categories?post=129884"},{"taxonomy":"post_tag","embeddable":true,"href":"https:\/\/www.europesays.com\/fr\/wp-json\/wp\/v2\/tags?post=129884"}],"curies":[{"name":"wp","href":"https:\/\/api.w.org\/{rel}","templated":true}]}}