{"id":129886,"date":"2025-05-26T18:25:18","date_gmt":"2025-05-26T18:25:18","guid":{"rendered":"https:\/\/www.europesays.com\/fr\/129886\/"},"modified":"2025-05-26T18:25:18","modified_gmt":"2025-05-26T18:25:18","slug":"au-messdi-de-kehl-lascension-comme-une-fete-geante","status":"publish","type":"post","link":"https:\/\/www.europesays.com\/fr\/129886\/","title":{"rendered":"au Messdi\u00a0de Kehl, l\u2019Ascension comme une f\u00eate g\u00e9ante"},"content":{"rendered":"<p>Quand la cit\u00e9 badoise m\u00e9lange les ambiances foraines et de braderie en y ajoutant une programmation de concerts, on obtient <a href=\"https:\/\/www.dna.fr\/culture-loisirs\/2024\/05\/07\/de-l-ascension-a-dimanche-un-messdi-nouvelle-formule\" target=\"_blank\" rel=\"nofollow noopener\">la f\u00eate populaire de l\u2019arrondissement de l\u2019Ortenau<\/a> la plus fr\u00e9quent\u00e9e depuis des d\u00e9cennies.<\/p>\n<p>Le p\u00e9rim\u00e8tre du Messdi comprend la partie pi\u00e9tonne de la Hauptstrasse, la place du March\u00e9 et les environs de la Stadthalle (salle polyvalente). Une centaine de stands y vendront leurs produits dans une ambiance musicale assur\u00e9e sur les cinq sc\u00e8nes pos\u00e9es dans ce d\u00e9cor.<\/p>\n<p>Ce contenu est bloqu\u00e9 car vous n&rsquo;avez pas accept\u00e9 les cookies et autres traceurs.<\/p>\n<p>En cliquant sur \u00ab J\u2019accepte \u00bb, les cookies et autres traceurs seront d\u00e9pos\u00e9s et vous pourrez visualiser les contenus  (<a href=\"\" class=\"consentModule_policy\" target=\"_blank\" title=\"Consulter la politique de protection des donn\u00e9es du fournisseur\">plus d&rsquo;informations<\/a>).<\/p>\n<p>En cliquant sur \u00ab J\u2019accepte tous les cookies \u00bb, vous autorisez des d\u00e9p\u00f4ts de cookies et autres traceurs pour le stockage de vos donn\u00e9es sur nos sites et applications \u00e0 des fins de personnalisation et de ciblage publicitaire.<\/p>\n<p class=\"consentModule_secondaryText\">Vous gardez la possibilit\u00e9 de retirer votre consentement \u00e0 tout moment en consultant notre <a href=\"https:\/\/www.dna.fr\/protection-des-donnees\" target=\"_blank\" title=\"Consulter notre politique de protection des donn\u00e9es\" rel=\"nofollow noopener\">politique de protection des donn\u00e9es<\/a>. <br \/>&#13;<br \/>\n            <a href=\"https:\/\/www.dna.fr\/culture-loisirs\/2025\/05\/27\/javascript:Didomi.notice.show()\" class=\"consentModule_cmp\" rel=\"nofollow noopener\" target=\"_blank\">G\u00e9rer mes choix<\/a>&#13;\n        <\/p>\n<p>&#13;<br \/>\n                        J&rsquo;accepte&#13;<br \/>\n            J&rsquo;accepte tous les cookies&#13;\n        <\/p>\n<p>  Schnitzel et schlager<\/p>\n<p>L\u2019id\u00e9e est de fl\u00e2ner, se laisser tenter par un achat ou simplement se poser en bonne compagnie sur une des nombreuses terrasses pour d\u00e9guster une bi\u00e8re avec un schnitzel (escalope pan\u00e9e) accompagn\u00e9 de frites, au hasard.<\/p>\n<p>L\u2019\u00e9clectisme est de mise du c\u00f4t\u00e9 de la programmation. Par exemple, le samedi 31\u00a0mai \u00e0 18\u00a0h\u00a015, on pourra entendre les Busters d\u00e9livrer leur r\u00e9pertoire de ska-punk. Les amateurs de schlager ne manqueront pas, eux, les Papis Pumpels le jeudi 29\u00a0mai \u00e0 21\u00a0h.<\/p>\n<p>Le march\u00e9 aux puces se tiendra les jeudi 29\u00a0mai et dimanche 1er \u00a0juin au Centrum am Markt de 11\u00a0h \u00e0 18\u00a0h. Le dimanche verra l\u2019ouverture exceptionnelle des commerces.<\/p>\n<p>Ce contenu est bloqu\u00e9 car vous n&rsquo;avez pas accept\u00e9 les cookies et autres traceurs.<\/p>\n<p>En cliquant sur \u00ab J\u2019accepte \u00bb, les cookies et autres traceurs seront d\u00e9pos\u00e9s et vous pourrez visualiser les contenus  (<a href=\"\" class=\"consentModule_policy\" target=\"_blank\" title=\"Consulter la politique de protection des donn\u00e9es du fournisseur\">plus d&rsquo;informations<\/a>).<\/p>\n<p>En cliquant sur \u00ab J\u2019accepte tous les cookies \u00bb, vous autorisez des d\u00e9p\u00f4ts de cookies et autres traceurs pour le stockage de vos donn\u00e9es sur nos sites et applications \u00e0 des fins de personnalisation et de ciblage publicitaire.<\/p>\n<p class=\"consentModule_secondaryText\">Vous gardez la possibilit\u00e9 de retirer votre consentement \u00e0 tout moment en consultant notre <a href=\"https:\/\/www.dna.fr\/protection-des-donnees\" target=\"_blank\" title=\"Consulter notre politique de protection des donn\u00e9es\" rel=\"nofollow noopener\">politique de protection des donn\u00e9es<\/a>. <br \/>&#13;<br \/>\n            <a href=\"https:\/\/www.dna.fr\/culture-loisirs\/2025\/05\/27\/javascript:Didomi.notice.show()\" class=\"consentModule_cmp\" rel=\"nofollow noopener\" target=\"_blank\">G\u00e9rer mes choix<\/a>&#13;\n        <\/p>\n<p>&#13;<br \/>\n                        J&rsquo;accepte&#13;<br \/>\n            J&rsquo;accepte tous les cookies&#13;\n        <\/p>\n<p>  Attention aux contr\u00f4les<\/p>\n<p>En voiture on pourra se garer sur le parking Am L\u00e4ger, dans le parking souterrain du Centrum am Markt, \u00e0 l\u2019arri\u00e8re de la gare ( <a href=\"https:\/\/www.dna.fr\/transport\/2025\/05\/03\/les-acces-au-parking-sauvage-entre-les-deux-casernes-fermes-des-le-5-mai\" target=\"_blank\" rel=\"nofollow noopener\">mais plus sur la place des casernes<\/a> ) ou encore dans le parking du centre commercial City Center (sauf le jeudi de l\u2019Ascension).<\/p>\n<p>Depuis Strasbourg, on peut prendre le tram D (arr\u00eat Bahnhof). Deux points d\u2019attention\u00a0: il vaut mieux se munir de ses papiers d\u2019identit\u00e9 <a href=\"https:\/\/www.dna.fr\/faits-divers-justice\/2025\/05\/21\/controles-aux-frontieres-en-allemagne-les-maires-montent-au-creneau\" target=\"_blank\" rel=\"nofollow noopener\">au vu des contr\u00f4les<\/a> \u00e0 la fronti\u00e8re r\u00e9tablis par le minist\u00e8re de l\u2019Int\u00e9rieur allemand ces derniers jours. Par ailleurs, toute arme est prohib\u00e9e sur le site de la f\u00eate. L\u00e0 encore, des contr\u00f4les seront effectu\u00e9s par les forces de l\u2019ordre.<\/p>\n<p class=\"note\">Les 29, 30, 31 et 1er \u00a0 juin \u00e0 Kehl, dans les rues du centre-ville.<\/p>\n","protected":false},"excerpt":{"rendered":"Quand la cit\u00e9 badoise m\u00e9lange les ambiances foraines et de braderie en y ajoutant une programmation de concerts,&hellip;\n","protected":false},"author":2,"featured_media":129887,"comment_status":"","ping_status":"","sticky":false,"template":"","format":"standard","meta":{"footnotes":""},"categories":[2820],"tags":[1111,11,2389,2649,1687,2880,1777,674,3326,107,1011,27,775,12,25,640,2879],"class_list":{"0":"post-129886","1":"post","2":"type-post","3":"status-publish","4":"format-standard","5":"has-post-thumbnail","7":"category-strasbourg","8":"tag-actu","9":"tag-actualites","10":"tag-alsace","11":"tag-bas-rhin","12":"tag-culture-loisirs","13":"tag-edition-strasbourg","14":"tag-eu","15":"tag-europe","16":"tag-fete-locale","17":"tag-fil-info","18":"tag-fr","19":"tag-france","20":"tag-grand-est","21":"tag-news","22":"tag-republique-francaise","23":"tag-strasbourg","24":"tag-strasbourg-ville"},"share_on_mastodon":{"url":"https:\/\/pubeurope.com\/@fr\/114575541971031600","error":""},"_links":{"self":[{"href":"https:\/\/www.europesays.com\/fr\/wp-json\/wp\/v2\/posts\/129886","targetHints":{"allow":["GET"]}}],"collection":[{"href":"https:\/\/www.europesays.com\/fr\/wp-json\/wp\/v2\/posts"}],"about":[{"href":"https:\/\/www.europesays.com\/fr\/wp-json\/wp\/v2\/types\/post"}],"author":[{"embeddable":true,"href":"https:\/\/www.europesays.com\/fr\/wp-json\/wp\/v2\/users\/2"}],"replies":[{"embeddable":true,"href":"https:\/\/www.europesays.com\/fr\/wp-json\/wp\/v2\/comments?post=129886"}],"version-history":[{"count":0,"href":"https:\/\/www.europesays.com\/fr\/wp-json\/wp\/v2\/posts\/129886\/revisions"}],"wp:featuredmedia":[{"embeddable":true,"href":"https:\/\/www.europesays.com\/fr\/wp-json\/wp\/v2\/media\/129887"}],"wp:attachment":[{"href":"https:\/\/www.europesays.com\/fr\/wp-json\/wp\/v2\/media?parent=129886"}],"wp:term":[{"taxonomy":"category","embeddable":true,"href":"https:\/\/www.europesays.com\/fr\/wp-json\/wp\/v2\/categories?post=129886"},{"taxonomy":"post_tag","embeddable":true,"href":"https:\/\/www.europesays.com\/fr\/wp-json\/wp\/v2\/tags?post=129886"}],"curies":[{"name":"wp","href":"https:\/\/api.w.org\/{rel}","templated":true}]}}