{"id":129888,"date":"2025-05-26T18:26:12","date_gmt":"2025-05-26T18:26:12","guid":{"rendered":"https:\/\/www.europesays.com\/fr\/129888\/"},"modified":"2025-05-26T18:26:12","modified_gmt":"2025-05-26T18:26:12","slug":"deux-photos-de-la-maire-sement-la-zizanie","status":"publish","type":"post","link":"https:\/\/www.europesays.com\/fr\/129888\/","title":{"rendered":"deux photos de la maire s\u00e8ment la zizanie"},"content":{"rendered":"<p>La d\u00e9l\u00e9gation d\u2019A\u00efda n\u2019est pas arriv\u00e9e les mains vides \u00e0 Strasbourg, ce samedi 24\u00a0mai, dans le cadre du jumelage qui doit bient\u00f4t unir le camp palestinien \u00e0 la capitale alsacienne.\u00a0Ses quatre repr\u00e9sentants, dont le pr\u00e9sident du comit\u00e9 populaire d\u2019A\u00efda, ont \u00e9t\u00e9 convi\u00e9s le premier jour (leur visite se poursuit jusqu\u2019\u00e0 ce mardi 27\u00a0mai) \u00e0 un d\u00e9jeuner \u00e0 l\u2019h\u00f4tel de ville. Au cours de cet accueil officiel, en pr\u00e9sence d\u2019adjoints et de repr\u00e9sentants d\u2019associations en relation avec le camp, les prises de parole ont \u00e9voqu\u00e9 <a href=\"https:\/\/www.dna.fr\/france-monde\/israel\" target=\"_blank\" rel=\"nofollow noopener\">la guerre men\u00e9e par Isra\u00ebl \u00e0 Gaza<\/a> depuis <a href=\"https:\/\/www.dna.fr\/defense-guerre-conflit\/2023\/10\/07\/une-soudaine-et-terrible-offensive-surprise-du-hamas-sur-israel\" target=\"_blank\" rel=\"nofollow noopener\">les attentats terroristes du 7\u00a0octobre 2023<\/a> ainsi que l\u2019urgence humanitaire. Usage du protocole, des cadeaux ont \u00e9t\u00e9 remis.<\/p>\n<p>Une d\u00e9lib\u00e9ration doit \u00eatre soumise au vote au conseil municipal le lundi 23\u00a0juin pour formaliser ce nouveau lien. La maire <a href=\"https:\/\/www.dna.fr\/p\/jeanne-barseghian\" target=\"_blank\" rel=\"nofollow noopener\">Jeanne Barseghian<\/a> souhaite y associer le d\u00e9blocage d\u2019une aide d\u2019urgence et humanitaire. Et favoriser, \u00e0 moyen et long terme, des initiatives citoyennes, sportives ou culturelles.<\/p>\n<p>Deux photos qui&#8230;                <\/p>\n","protected":false},"excerpt":{"rendered":"La d\u00e9l\u00e9gation d\u2019A\u00efda n\u2019est pas arriv\u00e9e les mains vides \u00e0 Strasbourg, ce samedi 24\u00a0mai, dans le cadre du&hellip;\n","protected":false},"author":2,"featured_media":129889,"comment_status":"","ping_status":"","sticky":false,"template":"","format":"standard","meta":{"footnotes":""},"categories":[2820],"tags":[1111,11,2389,2649,1984,3206,2880,1777,674,107,1011,27,775,664,12,3518,316,25,640,2879],"class_list":{"0":"post-129888","1":"post","2":"type-post","3":"status-publish","4":"format-standard","5":"has-post-thumbnail","7":"category-strasbourg","8":"tag-actu","9":"tag-actualites","10":"tag-alsace","11":"tag-bas-rhin","12":"tag-conseil-municipal","13":"tag-defense-guerre-conflit","14":"tag-edition-strasbourg","15":"tag-eu","16":"tag-europe","17":"tag-fil-info","18":"tag-fr","19":"tag-france","20":"tag-grand-est","21":"tag-israel","22":"tag-news","23":"tag-palestine","24":"tag-politique","25":"tag-republique-francaise","26":"tag-strasbourg","27":"tag-strasbourg-ville"},"share_on_mastodon":{"url":"https:\/\/pubeurope.com\/@fr\/114575545635153599","error":""},"_links":{"self":[{"href":"https:\/\/www.europesays.com\/fr\/wp-json\/wp\/v2\/posts\/129888","targetHints":{"allow":["GET"]}}],"collection":[{"href":"https:\/\/www.europesays.com\/fr\/wp-json\/wp\/v2\/posts"}],"about":[{"href":"https:\/\/www.europesays.com\/fr\/wp-json\/wp\/v2\/types\/post"}],"author":[{"embeddable":true,"href":"https:\/\/www.europesays.com\/fr\/wp-json\/wp\/v2\/users\/2"}],"replies":[{"embeddable":true,"href":"https:\/\/www.europesays.com\/fr\/wp-json\/wp\/v2\/comments?post=129888"}],"version-history":[{"count":0,"href":"https:\/\/www.europesays.com\/fr\/wp-json\/wp\/v2\/posts\/129888\/revisions"}],"wp:featuredmedia":[{"embeddable":true,"href":"https:\/\/www.europesays.com\/fr\/wp-json\/wp\/v2\/media\/129889"}],"wp:attachment":[{"href":"https:\/\/www.europesays.com\/fr\/wp-json\/wp\/v2\/media?parent=129888"}],"wp:term":[{"taxonomy":"category","embeddable":true,"href":"https:\/\/www.europesays.com\/fr\/wp-json\/wp\/v2\/categories?post=129888"},{"taxonomy":"post_tag","embeddable":true,"href":"https:\/\/www.europesays.com\/fr\/wp-json\/wp\/v2\/tags?post=129888"}],"curies":[{"name":"wp","href":"https:\/\/api.w.org\/{rel}","templated":true}]}}