{"id":12990,"date":"2025-04-09T15:51:12","date_gmt":"2025-04-09T15:51:12","guid":{"rendered":"https:\/\/www.europesays.com\/fr\/12990\/"},"modified":"2025-04-09T15:51:12","modified_gmt":"2025-04-09T15:51:12","slug":"le-lourd-passe-de-martial-bounour-lhomme-tue-par-balles-ce-mardi-a-venzolasca","status":"publish","type":"post","link":"https:\/\/www.europesays.com\/fr\/12990\/","title":{"rendered":"Le lourd pass\u00e9 de Martial Bounour, l&rsquo;homme tu\u00e9 par balles ce mardi \u00e0 Venzolasca"},"content":{"rendered":"<p>Si le mobile ayant conduit au <a href=\"https:\/\/www.corsematin.com\/article\/faits-diversjustice\/1824774425079815\/haute-corse-un-homme-decede-par-arme-a-feu-sur-la-commune-de-venzolasca\" target=\"_blank\" rel=\"nofollow noopener\">meurtre de Martial Bounour<\/a>, ce mardi 8 avril \u00e0 Venzolasca, reste encore \u00e0 d\u00e9terminer, une chose est s\u00fbre : ce quadrag\u00e9naire d\u00e9favorablement connu des autorit\u00e9s judiciaires pour des escroqueries et des activit\u00e9s li\u00e9es aux stup\u00e9fiants dans les <strong>Bouches-du-Rh\u00f4ne<\/strong> n&rsquo;en \u00e9tait pas \u00e0 son premier \u00e9pisode de violence.<\/p>\n<p>La victime avait d\u00e9j\u00e0 \u00e9chapp\u00e9 \u00e0 la mort \u00e0 au moins deux reprises au cours de la derni\u00e8re d\u00e9cennie, sans qu&rsquo;aucun lien ne puisse \u00eatre \u00e9tabli \u00e0 ce stade entre ces diff\u00e9rentes affaires. Martial Bounour avait \u00e9t\u00e9 vis\u00e9 par une tentative de meurtre survenue \u00e0 <strong>Aix-en-Provence<\/strong>, en janvier dernier.<\/p>\n<p>Cet homme de 44 ans avait d\u00e9j\u00e0 fr\u00f4l\u00e9 la mort dix ans plus t\u00f4t. Incarc\u00e9r\u00e9 aux Baumettes, \u00e0 Marseille, pour d\u00e9faut de permis de conduire, il avait \u00e9t\u00e9 sauvagement poignard\u00e9 dans la cour de promenade par d&rsquo;autres d\u00e9tenus en d\u00e9cembre 2015 dans un contexte de rivalit\u00e9s entre bandes de la cit\u00e9 phoc\u00e9enne. L&rsquo;homme avait \u00e9t\u00e9 r\u00e9anim\u00e9 dans un \u00e9tat critique \u00e0 l&rsquo;h\u00f4pital de la Timone. Trois ans plus tard, trois hommes avaient \u00e9t\u00e9 condamn\u00e9s pour cette agression par le tribunal correctionnel de Marseille.<\/p>\n<p>\u00ab\u00a0Un proche du clan Federici\u00a0\u00bb<\/p>\n<p>\u00c0 l&rsquo;\u00e9poque, l&rsquo;affaire avait \u00e9t\u00e9 replac\u00e9e par le procureur de la ville dans un contexte de r\u00e8glements de comptes entre le clan des \u00ab\u00a0Blacks\u00a0\u00bb et celui des \u00ab\u00a0Gitans\u00a0\u00bb &#8211; appel\u00e9 aussi le \u00ab\u00a0clan des fr\u00e8res Bengler\u00a0\u00bb &#8211; pr\u00e9sent\u00e9 comme l&rsquo;un des plus violents de la r\u00e9gion, auquel aurait appartenu la victime. Au cours de ses auditions, Martial Bounour avait assur\u00e9 aux enqu\u00eateurs avoir \u00e9t\u00e9 \u00ab\u00a0confondu avec un autre, un Corse.\u00a0\u00bb<\/p>\n<p>Quels \u00e9taient justement les liens de cet homme avec l&rsquo;\u00eele ? Selon plusieurs sources, ce quadrag\u00e9naire pr\u00e9sent\u00e9 comme appartenant au milieu du grand banditisme se rendait r\u00e9guli\u00e8rement dans la r\u00e9gion de la Casinca, o\u00f9 il s\u00e9journait. Il est consid\u00e9r\u00e9 par les services d&rsquo;enqu\u00eate comme une personnalit\u00e9 proche du<strong> \u00ab\u00a0clan Federici\u00a0\u00bb<\/strong>, une bande criminelle originaire de <strong>Venzolasca<\/strong>, dont les activit\u00e9s s&rsquo;\u00e9tendraient \u00e9galement dans les <strong>Bouches-du-Rh\u00f4ne<\/strong>.<\/p>\n","protected":false},"excerpt":{"rendered":"Si le mobile ayant conduit au meurtre de Martial Bounour, ce mardi 8 avril \u00e0 Venzolasca, reste encore&hellip;\n","protected":false},"author":2,"featured_media":12991,"comment_status":"","ping_status":"","sticky":false,"template":"","format":"standard","meta":{"footnotes":""},"categories":[4],"tags":[17,11,5909,1102,274,1011,27,5910,5402,5908,12,5912,5242,25,5911],"class_list":{"0":"post-12990","1":"post","2":"type-post","3":"status-publish","4":"format-standard","5":"has-post-thumbnail","7":"category-france","8":"tag-17","9":"tag-actualites","10":"tag-bounour","11":"tag-breakingnews","12":"tag-faits-divers-justice","13":"tag-fr","14":"tag-france","15":"tag-lhomme","16":"tag-lourd","17":"tag-martial","18":"tag-news","19":"tag-par","20":"tag-passe","21":"tag-republique-francaise","22":"tag-tue"},"share_on_mastodon":{"url":"https:\/\/pubeurope.com\/@fr\/114308807614471171","error":""},"_links":{"self":[{"href":"https:\/\/www.europesays.com\/fr\/wp-json\/wp\/v2\/posts\/12990","targetHints":{"allow":["GET"]}}],"collection":[{"href":"https:\/\/www.europesays.com\/fr\/wp-json\/wp\/v2\/posts"}],"about":[{"href":"https:\/\/www.europesays.com\/fr\/wp-json\/wp\/v2\/types\/post"}],"author":[{"embeddable":true,"href":"https:\/\/www.europesays.com\/fr\/wp-json\/wp\/v2\/users\/2"}],"replies":[{"embeddable":true,"href":"https:\/\/www.europesays.com\/fr\/wp-json\/wp\/v2\/comments?post=12990"}],"version-history":[{"count":0,"href":"https:\/\/www.europesays.com\/fr\/wp-json\/wp\/v2\/posts\/12990\/revisions"}],"wp:featuredmedia":[{"embeddable":true,"href":"https:\/\/www.europesays.com\/fr\/wp-json\/wp\/v2\/media\/12991"}],"wp:attachment":[{"href":"https:\/\/www.europesays.com\/fr\/wp-json\/wp\/v2\/media?parent=12990"}],"wp:term":[{"taxonomy":"category","embeddable":true,"href":"https:\/\/www.europesays.com\/fr\/wp-json\/wp\/v2\/categories?post=12990"},{"taxonomy":"post_tag","embeddable":true,"href":"https:\/\/www.europesays.com\/fr\/wp-json\/wp\/v2\/tags?post=12990"}],"curies":[{"name":"wp","href":"https:\/\/api.w.org\/{rel}","templated":true}]}}