{"id":129904,"date":"2025-05-26T18:34:13","date_gmt":"2025-05-26T18:34:13","guid":{"rendered":"https:\/\/www.europesays.com\/fr\/129904\/"},"modified":"2025-05-26T18:34:13","modified_gmt":"2025-05-26T18:34:13","slug":"tout-en-rose-ce-celebre-club-de-toulouse-organise-la-plus-grande-soiree-champagne-2025","status":"publish","type":"post","link":"https:\/\/www.europesays.com\/fr\/129904\/","title":{"rendered":"Tout en rose, ce c\u00e9l\u00e8bre club de Toulouse organise \u00ab\u00a0la plus grande soir\u00e9e champagne 2025\u00a0\u00bb"},"content":{"rendered":"<p>            Par<br \/>\n        <strong><br \/>\n            <a href=\"https:\/\/actu.fr\/auteur\/nina-hossein-zadeh\" title=\"Consulter tous les articles de Nina Hossein-Zadeh\" rel=\"nofollow noopener\" target=\"_blank\">Nina Hossein-Zadeh<\/a><br \/>\n        <\/strong><\/p>\n<p>        Publi\u00e9 le<\/p>\n<p>            26 mai 2025 \u00e0 19h25        <\/p>\n<p>Qui dit <a href=\"https:\/\/actu.fr\/toulouse\/\" rel=\"nofollow noopener\" target=\"_blank\"><strong>Toulouse<\/strong><\/a>, dit rose\u2009! Et quoi de mieux qu\u2019une <a href=\"https:\/\/actu.fr\/occitanie\/toulouse_31555\/toulouse-la-celebre-soiree-rose-revient-dans-cette-discotheque-et-l-entree-est-gratuite_61128673.html\" rel=\"nofollow noopener\" target=\"_blank\">\u00ab\u2009Soir\u00e9e rose\u2009\u00bb<\/a>, \u00e9v\u00e9nement mythique de L<strong>\u2019\u00c9toile, la discoth\u00e8que du boulevard d\u2019Atlanta<\/strong>, pour rev\u00eatir son plus bel apparat aux couleurs rosac\u00e9es\u2009? Elle revient ce mercredi 28\u00a0mai 2025 avec un programme festif.<\/p>\n<p>Soir\u00e9e DJ set et champagne<\/p>\n<p class=\" wall-content\">Pour marquer le coup, <strong>l\u2019\u00e9tablissement nocturne a fait appel \u00e0 plusieurs DJs<\/strong>. Bovalon, William NC, Jaja, le speaker NILTON ont r\u00e9pondu pr\u00e9sents et feront danser les Toulousains toute la nuit\u2009! Le percussionniste Boh\u00e9mian sera de nouveaux parmi les artistes invit\u00e9s.<\/p>\n<p class=\" wall-content\">\u00ab\u2009Il avait beaucoup plu l\u2019ann\u00e9e derni\u00e8re donc on a voulu le reprogrammer cette ann\u00e9e\u2009\u00bb, confie Enzo Sohier, directeur artistique de L\u2019\u00c9toile.<\/p>\n<p class=\" wall-content\">Le club a \u00e9galement mis les petits plats dans les grands et annonce la couleur\u2009: cette soir\u00e9e rose va \u00eatre festive. \u00ab\u2009Le Complexe L\u2019\u00c9toile se pare d\u2019ores et d\u00e9j\u00e0 de son ind\u00e9modable costume rose et s\u2019entoure des meilleurs pour vous pr\u00e9parer<strong> la plus grande soir\u00e9e Champagne de 2025.<\/strong>\u2009\u00bb<\/p>\n<p class=\" wall-content\">Une soir\u00e9e \u00ab\u2009\u00e0 ne pas manquer\u2009\u00bb, insiste Enzo Sohier. \u00ab\u2009C\u2019est la 17e \u00e9dition, il n\u2019y en a qu\u2019une fois par an et c\u2019est la seule soir\u00e9e champagne qui touche tout le monde.\u2009\u00bb<\/p>\n<p>Vid\u00e9os : en ce moment sur Actu<\/p>\n<p class=\" wall-content\"><a href=\"https:\/\/www.instagram.com\/p\/DJXCZ1MtEq4\/embed\" title=\"Ouvrir le lien sur Instagram\" rel=\"nofollow noopener\" target=\"_blank\">Visualiser le contenu sur Instagram<\/a><\/p>\n<p>Cocktail d\u00eenatoire et entr\u00e9e gratuite<\/p>\n<p class=\" wall-content\">La soir\u00e9e rose va commencer d\u00e8s 19 heures avec un cocktail d\u00eenatoire, accessible sur invitation. Suivra une nuit de folie sur le dancefloor d\u00e8s 21 heures :<strong>\u00a0ouverture \u00e0 tous et gratuitement, avant minuit.<\/strong><\/p>\n<p class=\" wall-content\">Pour les retardataires qui se pr\u00e9senteraient apr\u00e8s minuit, l\u2019entr\u00e9e avec consommation et vestiaire est affich\u00e9e au tarif de <strong>10\u00a0euros<\/strong>. Il est conseill\u00e9 de<a href=\"https:\/\/etoile-toulouse.com\/billetterie\/?fbclid=PAZXh0bgNhZW0CMTEAAacXktU_OONRwg72mv1jmdEy8BfMFHCqGcZDgMLwF71jHkqUltv547epnvQMQQ_aem_EZZyr1O5HK9usRbUPf7Mig#events\/la-soiree-rose-28-05-2025-QLTE?theme=dark\" rel=\"nofollow noopener\" target=\"_blank\"> r\u00e9server sa place sur la billetterie en ligne du club<\/a>, afin de ne pas manquer cette soir\u00e9e mythique.<\/p>\n<p><strong>Infos pratiques\u2009:<\/strong><br \/>Soir\u00e9e Rose \u00e0 L\u2019\u00c9toile<br \/>2 Avenue d\u2019Atlanta, Toulouse<br \/>Mercredi 28 mai 2025<br \/>Contact\u2009: 07\u200983\u200980\u200933\u200918<br \/>Entr\u00e9e gratuite entre 21\u00a0heures et minuit.<\/p>\n<p class=\" wall-content\">Suivez toute l\u2019actualit\u00e9 de vos villes et m\u00e9dias favoris en vous inscrivant \u00e0 <a href=\"https:\/\/moncompte.actu.fr\" title=\"D\u00e9couvez Mon Actu\" rel=\"nofollow noopener\" data-trk=\"{&quot;cta&quot;:{&quot;action&quot;:&quot;https:\\\/\\\/moncompte.actu.fr&quot;,&quot;category&quot;:&quot;mon compte&quot;,&quot;from&quot;:&quot;article footer&quot;,&quot;name&quot;:&quot;Mon actu&quot;,&quot;type&quot;:&quot;cta&quot;}}\" target=\"_blank\">Mon Actu<\/a>.<\/p>\n<p>                    <script async src=\"\/\/www.instagram.com\/embed.js\"><\/script><\/p>\n","protected":false},"excerpt":{"rendered":"Par Nina Hossein-Zadeh Publi\u00e9 le 26 mai 2025 \u00e0 19h25 Qui dit Toulouse, dit rose\u2009! Et quoi de&hellip;\n","protected":false},"author":2,"featured_media":129905,"comment_status":"","ping_status":"","sticky":false,"template":"","format":"standard","meta":{"footnotes":""},"categories":[2816],"tags":[1111,11,1777,674,1011,27,12,2680,25,104,1341,2312],"class_list":{"0":"post-129904","1":"post","2":"type-post","3":"status-publish","4":"format-standard","5":"has-post-thumbnail","7":"category-toulouse","8":"tag-actu","9":"tag-actualites","10":"tag-eu","11":"tag-europe","12":"tag-fr","13":"tag-france","14":"tag-news","15":"tag-occitanie","16":"tag-republique-francaise","17":"tag-societe","18":"tag-sortir-a-toulouse","19":"tag-toulouse"},"share_on_mastodon":{"url":"https:\/\/pubeurope.com\/@fr\/114575577252981141","error":""},"_links":{"self":[{"href":"https:\/\/www.europesays.com\/fr\/wp-json\/wp\/v2\/posts\/129904","targetHints":{"allow":["GET"]}}],"collection":[{"href":"https:\/\/www.europesays.com\/fr\/wp-json\/wp\/v2\/posts"}],"about":[{"href":"https:\/\/www.europesays.com\/fr\/wp-json\/wp\/v2\/types\/post"}],"author":[{"embeddable":true,"href":"https:\/\/www.europesays.com\/fr\/wp-json\/wp\/v2\/users\/2"}],"replies":[{"embeddable":true,"href":"https:\/\/www.europesays.com\/fr\/wp-json\/wp\/v2\/comments?post=129904"}],"version-history":[{"count":0,"href":"https:\/\/www.europesays.com\/fr\/wp-json\/wp\/v2\/posts\/129904\/revisions"}],"wp:featuredmedia":[{"embeddable":true,"href":"https:\/\/www.europesays.com\/fr\/wp-json\/wp\/v2\/media\/129905"}],"wp:attachment":[{"href":"https:\/\/www.europesays.com\/fr\/wp-json\/wp\/v2\/media?parent=129904"}],"wp:term":[{"taxonomy":"category","embeddable":true,"href":"https:\/\/www.europesays.com\/fr\/wp-json\/wp\/v2\/categories?post=129904"},{"taxonomy":"post_tag","embeddable":true,"href":"https:\/\/www.europesays.com\/fr\/wp-json\/wp\/v2\/tags?post=129904"}],"curies":[{"name":"wp","href":"https:\/\/api.w.org\/{rel}","templated":true}]}}