{"id":129913,"date":"2025-05-26T18:39:09","date_gmt":"2025-05-26T18:39:09","guid":{"rendered":"https:\/\/www.europesays.com\/fr\/129913\/"},"modified":"2025-05-26T18:39:09","modified_gmt":"2025-05-26T18:39:09","slug":"ce-couple-lyonnais-devient-justes-devant-les-nations","status":"publish","type":"post","link":"https:\/\/www.europesays.com\/fr\/129913\/","title":{"rendered":"ce couple lyonnais devient \u00ab\u00a0Justes devant les nations\u00a0\u00bb"},"content":{"rendered":"<p>\u00ab\u00a0Il y a des gestes qui, m\u00eame s\u2019ils s\u2019accomplissent dans le silence, font plus de bruit que mille discours. Demain la France c\u00e9l\u00e8bre la R\u00e9sistance, aujourd\u2019hui nous c\u00e9l\u00e9brons l\u2019une de ses formes discr\u00e8tes mais particuli\u00e8rement efficace\u00a0: la r\u00e9sistance par l\u2019humanit\u00e9.\u00a0\u00bb<\/p>\n<p><a href=\"https:\/\/www.leprogres.fr\/p\/fabienne-buccio\" target=\"_blank\" rel=\"nofollow noopener\">Fabienne Buccio<\/a>, Pr\u00e9f\u00e8te de r\u00e9gion, a su trouver le ton juste pour entamer la remise \u00e0 titre posthume de la m\u00e9daille \u00e0 titre posthume de Justes devant les nations au couple Marie et Joseph Remillieux ce lundi \u00e0 la Pr\u00e9fecture. Une c\u00e9r\u00e9monie \u00e0 la r\u00e9sonance particuli\u00e8re \u00e0 l\u2019heure o\u00f9 les actes antis\u00e9mites explosent dans l\u2019Hexagone.<\/p>\n<p>Traqu\u00e9e par les nazis<\/p>\n<p>Au p\u00e9ril de leur vie, ces deux catholiques ont h\u00e9berg\u00e9 de d\u00e9cembre\u00a01943 \u00e0 septembre\u00a01944, Jeanne Sa\u00efmowitch, juive \u00e9trang\u00e8re,&#8230;<\/p>\n","protected":false},"excerpt":{"rendered":"\u00ab\u00a0Il y a des gestes qui, m\u00eame s\u2019ils s\u2019accomplissent dans le silence, font plus de bruit que mille&hellip;\n","protected":false},"author":2,"featured_media":129914,"comment_status":"","ping_status":"","sticky":false,"template":"","format":"standard","meta":{"footnotes":""},"categories":[1889],"tags":[1111,11,2430,1777,674,107,1011,27,937,2428,2756,12,25,2429,4604,104],"class_list":{"0":"post-129913","1":"post","2":"type-post","3":"status-publish","4":"format-standard","5":"has-post-thumbnail","7":"category-lyon","8":"tag-actu","9":"tag-actualites","10":"tag-auvergne-rhone-alpes","11":"tag-eu","12":"tag-europe","13":"tag-fil-info","14":"tag-fr","15":"tag-france","16":"tag-histoire","17":"tag-lyon","18":"tag-lyon-bassin","19":"tag-news","20":"tag-republique-francaise","21":"tag-rhone","22":"tag-selection-abonne","23":"tag-societe"},"share_on_mastodon":{"url":"https:\/\/pubeurope.com\/@fr\/114575596847278533","error":""},"_links":{"self":[{"href":"https:\/\/www.europesays.com\/fr\/wp-json\/wp\/v2\/posts\/129913","targetHints":{"allow":["GET"]}}],"collection":[{"href":"https:\/\/www.europesays.com\/fr\/wp-json\/wp\/v2\/posts"}],"about":[{"href":"https:\/\/www.europesays.com\/fr\/wp-json\/wp\/v2\/types\/post"}],"author":[{"embeddable":true,"href":"https:\/\/www.europesays.com\/fr\/wp-json\/wp\/v2\/users\/2"}],"replies":[{"embeddable":true,"href":"https:\/\/www.europesays.com\/fr\/wp-json\/wp\/v2\/comments?post=129913"}],"version-history":[{"count":0,"href":"https:\/\/www.europesays.com\/fr\/wp-json\/wp\/v2\/posts\/129913\/revisions"}],"wp:featuredmedia":[{"embeddable":true,"href":"https:\/\/www.europesays.com\/fr\/wp-json\/wp\/v2\/media\/129914"}],"wp:attachment":[{"href":"https:\/\/www.europesays.com\/fr\/wp-json\/wp\/v2\/media?parent=129913"}],"wp:term":[{"taxonomy":"category","embeddable":true,"href":"https:\/\/www.europesays.com\/fr\/wp-json\/wp\/v2\/categories?post=129913"},{"taxonomy":"post_tag","embeddable":true,"href":"https:\/\/www.europesays.com\/fr\/wp-json\/wp\/v2\/tags?post=129913"}],"curies":[{"name":"wp","href":"https:\/\/api.w.org\/{rel}","templated":true}]}}