{"id":129915,"date":"2025-05-26T18:40:16","date_gmt":"2025-05-26T18:40:16","guid":{"rendered":"https:\/\/www.europesays.com\/fr\/129915\/"},"modified":"2025-05-26T18:40:16","modified_gmt":"2025-05-26T18:40:16","slug":"lopposition-tacle-la-metropole-apres-sa-baisse-de-subvention-a-atmo","status":"publish","type":"post","link":"https:\/\/www.europesays.com\/fr\/129915\/","title":{"rendered":"l\u2019opposition tacle la M\u00e9tropole apr\u00e8s sa baisse de subvention \u00e0 Atmo"},"content":{"rendered":"<p>Dans le cadre de la lutte contre la pollution de l\u2019air, la M\u00e9tropole avait plut\u00f4t renforc\u00e9 ces derni\u00e8res ann\u00e9es sa subvention \u00e0 Atmo Auvergne-Rhone-Alpes, observatoire agr\u00e9\u00e9 par le minist\u00e8re de la Transition \u00e9cologique pour la surveillance et l\u2019information sur la qualit\u00e9 de l\u2019air. Le montant \u00e9tait pass\u00e9 de 275\u00a0000\u00a0\u20ac en 2023, \u00e0 284\u00a0000\u00a0\u20ac en 2024.<\/p>\n<p>L\u2019opposition chiffre le manque \u00e0 gagner<\/p>\n<p>La M\u00e9tropole dirig\u00e9e par le pr\u00e9sident \u00e9cologiste <a href=\"https:\/\/www.leprogres.fr\/p\/bruno-bernard\" target=\"_blank\" rel=\"noopener\">Bruno Bernard<\/a> mettait notamment en avant, l\u2019an dernier, qu\u2019Atmo participait \u00ab\u00a0\u00e0 l\u2019\u00e9valuation de l\u2019extension de la ZFE (zone \u00e0 faibles \u00e9missions)\u00a0\u00bb ou accompagnait le service de Protection maternelle et infantile \u00ab\u00a0dans l\u2019analyse des demandes d\u2019implantation de cr\u00e8ches dans des zones o\u00f9 la qualit\u00e9 de l\u2019air \u00e9tait pr\u00e9occupante\u00a0\u00bb.<\/p>\n<p>Ce lundi, en commission permanente, les Ecologistes ont pourtant propos\u00e9 une baisse de subvention de 30\u00a0000\u00a0\u20ac, avec une enveloppe de 254\u00a0000\u00a0\u20ac en 2025. Une d\u00e9cision critiqu\u00e9e par les groupes d\u2019opposition de droite et du centre &#8211; La M\u00e9tro Positive, Synergies \u00e9lus et citoyens et Inventer la M\u00e9tropole de demain &#8211; qui se sont abstenus.<\/p>\n<p>L\u2019opposition chiffre le manque \u00e0 gagner \u00e0 environ 18\u00a0000\u00a0\u20ac pour l\u2019observatoire, puisque dans le m\u00eame temps, une cotisation obligatoire calcul\u00e9e selon le nombre d\u2019habitants de la M\u00e9tropole augmente de 11\u00a0700\u00a0\u20ac.<\/p>\n<p>\u00ab\u00a0Nous avons d\u00fb diminuer l\u2019ensemble des budgets et les subventions aux associations\u00a0\u00bb<\/p>\n<p>\u00ab\u00a0Depuis des mois, vous opposez \u00e0 nos propositions d\u2019assouplissement de la ZFE, l\u2019imp\u00e9rieuse n\u00e9cessit\u00e9 d\u2019agir pour am\u00e9liorer la qualit\u00e9 de l\u2019air et de prot\u00e9ger les plus vuln\u00e9rables. Mais alors pourquoi justifier les contraintes de la ZFE comme bouclier de sant\u00e9 publique d\u2019une main, et de l\u2019autre, r\u00e9duire les moyens allou\u00e9s \u00e0 l\u2019observatoire charg\u00e9 de mesurer la qualit\u00e9 de l\u2019air et sur lequel vous vous fondez pour asseoir vos d\u00e9cisions aussi restrictives quant aux usagers\u00a0?\u00a0\u00bb, interroge Nicole Sibeud pour l\u2019opposition.<\/p>\n<p>\u00a0\u00ab\u00a0\u00c0 la suite du pr\u00e9l\u00e8vement du gouvernement sur notre budget, nous avons d\u00fb diminuer l\u2019ensemble des budgets et les subventions aux associations\u00a0\u00bb, r\u00e9pond la M\u00e9tropole interrog\u00e9e par Le Progr\u00e8s \u00ab\u00a0Compte tenu de l\u2019importance de la qualit\u00e9 de l\u2019air\u00a0\u00bb, la collectivit\u00e9 affirme avoir limit\u00e9 globalement la baisse de sa contribution \u00e0 2\u00a0% entre\u00a02024 et\u00a02025. Elle assure qu\u2019elle est \u00ab\u00a0la collectivit\u00e9 qui contribue le plus \u00e0 Atmo\u00a0\u00bb et tacle la R\u00e9gion.<\/p>\n","protected":false},"excerpt":{"rendered":"Dans le cadre de la lutte contre la pollution de l\u2019air, la M\u00e9tropole avait plut\u00f4t renforc\u00e9 ces derni\u00e8res&hellip;\n","protected":false},"author":2,"featured_media":129916,"comment_status":"","ping_status":"","sticky":false,"template":"","format":"standard","meta":{"footnotes":""},"categories":[1889],"tags":[1111,11,2430,2757,436,1777,674,1011,27,3539,2428,2756,12,316,1800,25,2429],"class_list":{"0":"post-129915","1":"post","2":"type-post","3":"status-publish","4":"format-standard","5":"has-post-thumbnail","7":"category-lyon","8":"tag-actu","9":"tag-actualites","10":"tag-auvergne-rhone-alpes","11":"tag-edition-lyon-villeurbanne","12":"tag-environnement","13":"tag-eu","14":"tag-europe","15":"tag-fr","16":"tag-france","17":"tag-les-ecologistes","18":"tag-lyon","19":"tag-lyon-bassin","20":"tag-news","21":"tag-politique","22":"tag-pollution","23":"tag-republique-francaise","24":"tag-rhone"},"share_on_mastodon":{"url":"https:\/\/pubeurope.com\/@fr\/114575600963591294","error":""},"_links":{"self":[{"href":"https:\/\/www.europesays.com\/fr\/wp-json\/wp\/v2\/posts\/129915","targetHints":{"allow":["GET"]}}],"collection":[{"href":"https:\/\/www.europesays.com\/fr\/wp-json\/wp\/v2\/posts"}],"about":[{"href":"https:\/\/www.europesays.com\/fr\/wp-json\/wp\/v2\/types\/post"}],"author":[{"embeddable":true,"href":"https:\/\/www.europesays.com\/fr\/wp-json\/wp\/v2\/users\/2"}],"replies":[{"embeddable":true,"href":"https:\/\/www.europesays.com\/fr\/wp-json\/wp\/v2\/comments?post=129915"}],"version-history":[{"count":0,"href":"https:\/\/www.europesays.com\/fr\/wp-json\/wp\/v2\/posts\/129915\/revisions"}],"wp:featuredmedia":[{"embeddable":true,"href":"https:\/\/www.europesays.com\/fr\/wp-json\/wp\/v2\/media\/129916"}],"wp:attachment":[{"href":"https:\/\/www.europesays.com\/fr\/wp-json\/wp\/v2\/media?parent=129915"}],"wp:term":[{"taxonomy":"category","embeddable":true,"href":"https:\/\/www.europesays.com\/fr\/wp-json\/wp\/v2\/categories?post=129915"},{"taxonomy":"post_tag","embeddable":true,"href":"https:\/\/www.europesays.com\/fr\/wp-json\/wp\/v2\/tags?post=129915"}],"curies":[{"name":"wp","href":"https:\/\/api.w.org\/{rel}","templated":true}]}}