{"id":129919,"date":"2025-05-26T18:42:08","date_gmt":"2025-05-26T18:42:08","guid":{"rendered":"https:\/\/www.europesays.com\/fr\/129919\/"},"modified":"2025-05-26T18:42:08","modified_gmt":"2025-05-26T18:42:08","slug":"en-seine-et-marne-les-jeunes-agriculteurs-en-colere-se-mobilisent","status":"publish","type":"post","link":"https:\/\/www.europesays.com\/fr\/129919\/","title":{"rendered":"en Seine-et-Marne, les Jeunes agriculteurs en col\u00e8re se mobilisent"},"content":{"rendered":"<p>            Par<br \/>\n        <strong><br \/>\n            <a href=\"https:\/\/actu.fr\/auteur\/paul-varenguin02-actu-fr\" title=\"Consulter tous les articles de Paul Varenguin\" rel=\"nofollow noopener\" target=\"_blank\">Paul Varenguin<\/a><br \/>\n        <\/strong><\/p>\n<p>        Publi\u00e9 le<\/p>\n<p>            26 mai 2025 \u00e0 17h58        <\/p>\n<p>Il y a presque un an et demi, en <b>janvier 2024<\/b>, il \u00e9tait <a href=\"https:\/\/actu.fr\/societe\/direct-agriculteurs-en-colere-lautoroute-a4-en-seine-et-marne-bloquee-par-des-tracteurs_60628038.html\" rel=\"nofollow noopener\" target=\"_blank\">mobilis\u00e9 sur le barrage<\/a> mont\u00e9 sur l\u2019<a href=\"https:\/\/actu.fr\/tag\/autoroute-4-a4\" rel=\"nofollow noopener\" target=\"_blank\">autoroute A4<\/a>, \u00e0 hauteur de <a href=\"https:\/\/actu.fr\/ile-de-france\/jossigny_77237\" rel=\"nofollow noopener\" target=\"_blank\">Jossigny<\/a>. Et sa <b>col\u00e8re<\/b> \u00e9tait d\u00e9j\u00e0 grande. Aujourd\u2019hui, <a href=\"https:\/\/actu.fr\/ile-de-france\/sourdun_77459\/seine-et-marne-qui-est-clement-torpier-leader-des-jeunes-agriculteurs-dile-de-france_60681014.html\" rel=\"nofollow noopener\" target=\"_blank\">Cl\u00e9ment Torpier<\/a>, agriculteur \u00e0 <a href=\"https:\/\/actu.fr\/ile-de-france\/sourdun_77459\" rel=\"nofollow noopener\" target=\"_blank\">Sourdun<\/a> (<a href=\"https:\/\/actu.fr\/ile-de-france\/seine-et-marne_77\" rel=\"nofollow noopener\" target=\"_blank\">Seine-et-Marne<\/a>) et pr\u00e9sident des <a href=\"https:\/\/actu.fr\/ile-de-france\/paris_75056\/on-ne-veut-pas-de-derapages-200-agriculteurs-vont-manifester-a-paris-lundi-avec-quelques-tracteurs_62683481.html\" rel=\"nofollow noopener\" target=\"_blank\">Jeunes agriculteurs<\/a> d\u2019<a href=\"https:\/\/actu.fr\/ile-de-france\/\" rel=\"nofollow noopener\" target=\"_blank\">\u00cele-de-France<\/a>, reste mobilis\u00e9. Il t\u00e9moigne.<\/p>\n<p class=\"ac-article-content__question wall-content\">En 2024, vous \u00e9tiez mobilis\u00e9 sur les barrages. Des promesses avaient alors \u00e9t\u00e9 faites par l\u2019\u00c9tat. O\u00f9 en est-on aujourd\u2019hui ?<\/p>\n<p class=\" wall-content\">Aujourd\u2019hui, le<b> bilan est tr\u00e8s mitig\u00e9<\/b>. Il y a eu un premier \u00e9l\u00e9ment, la <b>loi d\u2019orientation<\/b>, qui est sorti, sur des <b>questions<\/b> <b>d\u2019installation<\/b>, de <b>transmission<\/b> des <b>exploitations<\/b> <b>agricoles<\/b>, la notion de souverainet\u00e9 alimentaire, ce qui est plut\u00f4t positif.<\/p>\n<p class=\" wall-content\">Ensuite, il y avait cette fameuse <b>proposition de loi sur le sujet des entraves<\/b> (la <a href=\"https:\/\/actu.fr\/societe\/les-agriculteurs-manifestent-dans-toute-la-france-ce-lundi-26-mai-faut-il-s-attendre-au-blocage-du-pays_62685270.html\" rel=\"nofollow noopener\" target=\"_blank\">PPL Duplomb<\/a>, N.D.L.R.) port\u00e9e par<b> deux s\u00e9nateurs<\/b>, qui permettait de redonner une <b>vision strat\u00e9gique aux agriculteurs<\/b>, de pouvoir <b>redonner les moyens de production<\/b>. Elle \u00e9tait <b>extr\u00eamement<\/b> <b>attendue<\/b>, favorable \u00e0 la production agricole. Elle <b>r\u00e9pondait aux attentes des agriculteurs<\/b> suite aux mobilisations d\u2019il y a un an. Elle est pass\u00e9e au <a href=\"https:\/\/actu.fr\/tag\/senat\" rel=\"nofollow noopener\" target=\"_blank\">S\u00e9nat<\/a>, partie \u00e0 l\u2019<a href=\"https:\/\/actu.fr\/tag\/assemblee-nationale\" rel=\"nofollow noopener\" target=\"_blank\">Assembl\u00e9e nationale<\/a> pour une premi\u00e8re commission, o\u00f9 elle s\u2019est fait <b>d\u00e9truire<\/b>, et vid\u00e9e de tout son sens. On <b>est pass\u00e9 \u00e0 quelque chose qui ajoute des contraintes suppl\u00e9mentaires<\/b>. C\u2019est <b>clairement une trahison,<\/b> on nous a <b>pris pour des cons<\/b>.<\/p>\n<p class=\" wall-content\">Plus tard, elle est repass\u00e9e en commission, o\u00f9 les choses ont \u00e9volu\u00e9 dans le bon sens, mais de fa\u00e7on l\u00e9g\u00e8re. Pourtant, l\u2019avenir de l\u2019<a href=\"https:\/\/actu.fr\/tag\/agriculture\" rel=\"nofollow noopener\" target=\"_blank\">agriculture<\/a> fran\u00e7aise en d\u00e9pend.<\/p>\n<p class=\"ac-article-content__question wall-content\">Parmi les revendications d\u2019alors, certaines portaient aussi sur la charge de l\u2019administratif\u2026<\/p>\n<p class=\" wall-content\">Les <b>choses \u00e9voluent<\/b>, si je puis dire. Il y en a une partie dans la loi sur les <b>questions de l\u2019acc\u00e8s \u00e0 l\u2019eau<\/b> ou sur les <b>exploitations<\/b> et b\u00e2timents class\u00e9s vis-\u00e0-vis de l\u2019\u00e9levage. Ce sont des<b> points travaill\u00e9s aussi localement<\/b>, avec les directions d\u00e9partementale et r\u00e9gionale.<\/p>\n<p>Vid\u00e9os : en ce moment sur Actu<\/p>\n<p class=\"ac-article-content__question wall-content\">Quelles sont vos attentes aujourd\u2019hui ?<\/p>\n<p class=\" wall-content\">Ce que l\u2019on souhaite, c\u2019est<b> le vote et l\u2019approbation du texte initial<\/b>, sorti du S\u00e9nat, avec<b> l\u2019ensemble de ses articles<\/b>. Il est <b>hors de question que l\u2019on supprime <\/b>un ou des article(s) de cette proposition de loi. Il y<b> avait eu des engagements du gouvernement<\/b>, ils doivent \u00eatre tenus. On est <b>tr\u00e8s<\/b> <b>inquiets<\/b>, m\u00e9contents, et <a href=\"https:\/\/actu.fr\/ile-de-france\/fontainebleau_77186\/mobilisation-des-agriculteurs-des-actions-prevues-dans-toute-la-seine-et-marne-a-quoi-sattendre_62686366.html\" rel=\"nofollow noopener\" target=\"_blank\">on va se mobiliser pour que cette loi puisse \u00eatre vot\u00e9e<\/a>.<\/p>\n<p class=\"ac-article-content__question wall-content\">Autour de vous, voyez-vous des jeunes d\u00e9go\u00fbt\u00e9s de ce m\u00e9tier ?<\/p>\n<p class=\" wall-content\">C\u2019est<b> bien beau d\u2019avoir fait une loi sur l\u2019installation et la transmission des exploitations agricoles<\/b> en donnant une vision, mais l\u2019avoir faite sans conserver nos moyens et outils de production, sans pouvoir donner aux agriculteurs les moyens de produire, \u00e7a ne sert \u00e0 rien. \u00c9videmment, aujourd\u2019hui, c\u2019est <b>un frein \u00e0 l\u2019installation des jeunes<\/b>.<\/p>\n<p class=\" wall-content\">Des<b> agriculteurs qui en ont marre<\/b>, et qui aimeraient que les choses \u00e9voluent, j\u2019en connais.\u00a0Aujourd\u2019hui,<b> tous les agriculteurs ont beaucoup d\u2019espoir <\/b>dans ce texte.<\/p>\n<p class=\"ac-article-content__question wall-content\">Certains identifient aussi la diff\u00e9rence de l\u00e9gislation entre la France et les autres pays europ\u00e9ens comme une difficult\u00e9. Que pouvez-vous en dire ?<\/p>\n<p class=\" wall-content\">La notion de <a href=\"https:\/\/actu.fr\/bretagne\/rennes_35238\/un-pacte-et-une-loi-pour-renforcer-la-souverainete-alimentaire_57510427.html\" rel=\"nofollow noopener\" target=\"_blank\">souverainet\u00e9 alimentaire<\/a> et <a href=\"https:\/\/actu.fr\/politique\/souverainete-energetique-a-l-assemblee-nationale-sujet-explosif-et-risque-de-censure-pour-francois-bayrou_62564953.html\" rel=\"nofollow noopener\" target=\"_blank\">\u00e9nerg\u00e9tique<\/a> est un enjeu majeur, et l\u2019agriculture <b>peut \u00eatre en capacit\u00e9 d\u2019y r\u00e9pondre<\/b>, mais il faut qu\u2019on puisse conserver nos moyens de production. Si demain, les agriculteurs n\u2019ont plus la capacit\u00e9 de produire leurs cultures, <b>on les importera d\u2019autres pays qui ne respectent pas le m\u00eame cahier des charges<\/b>, avec des conditions moins bien que les n\u00f4tres.<\/p>\n<blockquote class=\"ac-article-quote wall-content\">\n<p>Il faut savoir ce que l\u2019on veut.<\/p>\n<p>Cl\u00e9ment Torpier,pr\u00e9sident des JA \u00cele-de-France<\/p><\/blockquote>\n<p class=\" wall-content\">En France, il y a de la <b>surtransposition<\/b>, et on arrive \u00e0 une <b>forme de concurrence d\u00e9loyale<\/b>, m\u00eame au sein de l\u2019<a href=\"https:\/\/actu.fr\/tag\/union-europeenne\" rel=\"nofollow noopener\" target=\"_blank\">Union europ\u00e9enne<\/a>. On n\u2019a pas les m\u00eames outils et moyens de production, <b>ce qui pose un gros probl\u00e8me<\/b>.<\/p>\n<p class=\" wall-content\">Aujourd\u2019hui, l\u2019<a href=\"https:\/\/actu.fr\/planete\/pollution\/pesticides-ce-progres-devenu-poison-dont-l-agriculture-francaise-a-du-mal-a-se-passer_60743791.html\" rel=\"nofollow noopener\" target=\"_blank\">ac\u00e9tamipride<\/a> est autoris\u00e9 dans l\u2019ensemble de l\u2019<a href=\"https:\/\/actu.fr\/tag\/europe\" rel=\"nofollow noopener\" target=\"_blank\">Europe<\/a>, sauf en France. Et <b>on n\u2019a pas les moyens de pouvoir prot\u00e9ger correctement nos cultures<\/b> face aux ravageurs, et on a des <b>rendements beaucoup plus faibles<\/b> que nos voisins. Il faudrait qu\u2019on ait <b>la m\u00eame r\u00e8gle <\/b>pour tout le monde.<\/p>\n<p class=\" wall-content\">Suivez toute l\u2019actualit\u00e9 de vos villes et m\u00e9dias favoris en vous inscrivant \u00e0 <a href=\"https:\/\/moncompte.actu.fr\" title=\"D\u00e9couvez Mon Actu\" rel=\"nofollow noopener\" data-trk=\"{&quot;cta&quot;:{&quot;action&quot;:&quot;https:\\\/\\\/moncompte.actu.fr&quot;,&quot;category&quot;:&quot;mon compte&quot;,&quot;from&quot;:&quot;article footer&quot;,&quot;name&quot;:&quot;Mon actu&quot;,&quot;type&quot;:&quot;cta&quot;}}\" target=\"_blank\">Mon Actu<\/a>.<\/p>\n<ul class=\"ac-article-tag wall-content\">\n<li><a href=\"https:\/\/actu.fr\/tag\/agriculture\" data-trk=\"{&quot;cta&quot;:{&quot;action&quot;:&quot;Agriculture&quot;,&quot;category&quot;:&quot;tag&quot;,&quot;from&quot;:&quot;article footer&quot;,&quot;name&quot;:&quot;Agriculture&quot;,&quot;type&quot;:&quot;cta&quot;}}\" rel=\"nofollow noopener\" target=\"_blank\">#Agriculture<\/a><\/li>\n<li><a href=\"https:\/\/actu.fr\/tag\/assemblee-nationale\" data-trk=\"{&quot;cta&quot;:{&quot;action&quot;:&quot;Assembl\\u00e9e nationale&quot;,&quot;category&quot;:&quot;tag&quot;,&quot;from&quot;:&quot;article footer&quot;,&quot;name&quot;:&quot;Assembl\\u00e9e nationale&quot;,&quot;type&quot;:&quot;cta&quot;}}\" rel=\"nofollow noopener\" target=\"_blank\">#Assembl\u00e9e nationale<\/a><\/li>\n<\/ul>\n","protected":false},"excerpt":{"rendered":"Par Paul Varenguin Publi\u00e9 le 26 mai 2025 \u00e0 17h58 Il y a presque un an et demi,&hellip;\n","protected":false},"author":2,"featured_media":129920,"comment_status":"","ping_status":"","sticky":false,"template":"","format":"standard","meta":{"footnotes":""},"categories":[1592],"tags":[1111,11,327,416,1777,674,1011,27,662,12,626,25,104],"class_list":{"0":"post-129919","1":"post","2":"type-post","3":"status-publish","4":"format-standard","5":"has-post-thumbnail","7":"category-ile-de-france","8":"tag-actu","9":"tag-actualites","10":"tag-agriculture","11":"tag-assemblee-nationale","12":"tag-eu","13":"tag-europe","14":"tag-fr","15":"tag-france","16":"tag-ile-de-france","17":"tag-news","18":"tag-paris","19":"tag-republique-francaise","20":"tag-societe"},"share_on_mastodon":{"url":"https:\/\/pubeurope.com\/@fr\/114575608985142717","error":""},"_links":{"self":[{"href":"https:\/\/www.europesays.com\/fr\/wp-json\/wp\/v2\/posts\/129919","targetHints":{"allow":["GET"]}}],"collection":[{"href":"https:\/\/www.europesays.com\/fr\/wp-json\/wp\/v2\/posts"}],"about":[{"href":"https:\/\/www.europesays.com\/fr\/wp-json\/wp\/v2\/types\/post"}],"author":[{"embeddable":true,"href":"https:\/\/www.europesays.com\/fr\/wp-json\/wp\/v2\/users\/2"}],"replies":[{"embeddable":true,"href":"https:\/\/www.europesays.com\/fr\/wp-json\/wp\/v2\/comments?post=129919"}],"version-history":[{"count":0,"href":"https:\/\/www.europesays.com\/fr\/wp-json\/wp\/v2\/posts\/129919\/revisions"}],"wp:featuredmedia":[{"embeddable":true,"href":"https:\/\/www.europesays.com\/fr\/wp-json\/wp\/v2\/media\/129920"}],"wp:attachment":[{"href":"https:\/\/www.europesays.com\/fr\/wp-json\/wp\/v2\/media?parent=129919"}],"wp:term":[{"taxonomy":"category","embeddable":true,"href":"https:\/\/www.europesays.com\/fr\/wp-json\/wp\/v2\/categories?post=129919"},{"taxonomy":"post_tag","embeddable":true,"href":"https:\/\/www.europesays.com\/fr\/wp-json\/wp\/v2\/tags?post=129919"}],"curies":[{"name":"wp","href":"https:\/\/api.w.org\/{rel}","templated":true}]}}