{"id":129927,"date":"2025-05-26T18:46:08","date_gmt":"2025-05-26T18:46:08","guid":{"rendered":"https:\/\/www.europesays.com\/fr\/129927\/"},"modified":"2025-05-26T18:46:08","modified_gmt":"2025-05-26T18:46:08","slug":"a-paris-le-retour-des-anneaux-olympiques-sur-la-tour-eiffel-ne-se-fera-pas-avant-2026","status":"publish","type":"post","link":"https:\/\/www.europesays.com\/fr\/129927\/","title":{"rendered":"\u00c0 Paris, le retour des anneaux olympiques sur la tour Eiffel ne se fera pas \u00ab\u00a0avant 2026\u00a0\u00bb"},"content":{"rendered":"<p>            Par<br \/>\n        <strong><br \/>\n            <a href=\"https:\/\/actu.fr\/auteur\/redaction-paris\" title=\"Consulter tous les articles de R\u00e9daction Paris\" target=\"_blank\" rel=\"noopener\">R\u00e9daction Paris<\/a><br \/>\n        <\/strong><\/p>\n<p>        Publi\u00e9 le<\/p>\n<p>            26 mai 2025 \u00e0 20h14        <\/p>\n<p><a href=\"https:\/\/actu.fr\/ile-de-france\/paris_75056\/symbole-des-jo-de-paris-2024-les-anneaux-olympiques-ont-ete-decroches-de-la-tour-eiffel_61658283.html\" target=\"_blank\" rel=\"noopener\">Le retour des anneaux olympiques<\/a> sur la tour Eiffel, <a href=\"https:\/\/actu.fr\/ile-de-france\/paris_75056\/l-un-des-heritages-des-jeux-les-anneaux-olympiques-resteront-sur-la-tour-eiffel-clame-anne-hidalgo_61551226.html\" target=\"_blank\" rel=\"noopener\">voulu par la maire de Paris Anne Hidalgo<\/a>, ne pourra se faire sans modification de <strong>la future loi sur les JO de 2030<\/strong>, a indiqu\u00e9 lundi 26\u00a0mai 2025 la municipalit\u00e9 qui n\u2019esp\u00e8re pas revoir le logo sur le monument <strong>\u00ab\u2009avant 2026\u2009\u00bb.<\/strong><\/p>\n<p>Des d\u00e9lais \u00ab\u00a0incompressibles\u00a0\u00bb<\/p>\n<p class=\" wall-content\">La mairie va proposer un amendement au projet de loi d\u00e9di\u00e9 aux JO d\u2019hiver de 2030 dans les Alpes, <strong>qui doit \u00eatre examin\u00e9 au S\u00e9nat le 24\u00a0juin<\/strong>, a expliqu\u00e9 <a href=\"https:\/\/actu.fr\/ile-de-france\/paris_75056\/une-situation-qui-n-est-pas-acceptable-pierre-rabadan-inquiet-du-risque-de-pro-d2-pour-le-stade-francais_62631234.html\" target=\"_blank\" rel=\"noopener\">Pierre Rabadan, adjoint \u00e0 la maire socialiste en charge des sports<\/a> et des Jeux olympiques, lors d\u2019une conf\u00e9rence de presse. Cet amendement vise \u00e0 int\u00e9grer une d\u00e9rogation permettant \u00e0 la ville de Paris, propri\u00e9taire de la tour Eiffel, de \u00ab\u2009disposer de la marque\u2009\u00bb des anneaux olympiques, propri\u00e9t\u00e9 du CIO, dans l\u2019espace public et sur le monument en dehors de la p\u00e9riode olympique, a d\u00e9taill\u00e9 l\u2019\u00e9lu. \u00ab\u2009On n\u2019attend plus que cette modification pour finaliser les discussions avec le CIO\u2009\u00bb, a ajout\u00e9 Pierre Rabadan, pr\u00e9cisant que l\u2019amendement devrait \u00eatre introduit <strong>\u00ab\u2009soit par le gouvernement, soit par un parlementaire\u2009\u00bb.<\/strong><\/p>\n<p class=\" wall-content\">En cas de feu vert l\u00e9gislatif, la ville lancera un appel d\u2019offres et au vu des d\u00e9lais \u00ab\u2009incompressibles\u2009\u00bb, le logo ne pourra pas \u00eatre r\u00e9install\u00e9 \u00ab\u2009avant 2026\u2009\u00bb, selon lui.<\/p>\n<p class=\" wall-content\">Les anneaux repr\u00e9sentant les cinq continents, de 29\u00a0m\u00e8tres de long et 15\u00a0m\u00e8tres de haut, ont tr\u00f4n\u00e9 durant les JO de Paris entre le premier et le deuxi\u00e8me \u00e9tage de la tour Eiffel, avant d\u2019\u00eatre d\u00e9pos\u00e9s fin septembre. Anne Hidalgo avait annonc\u00e9 leur retour sur le monument jusqu\u2019aux JO de Los Angeles en 2028, mais avec un mat\u00e9riau \u00ab\u2009plus p\u00e9renne\u2009\u00bb que les anciens, fabriqu\u00e9s en acier recycl\u00e9 et peu adapt\u00e9s \u00e0 une m\u00e9t\u00e9o hivernale. \u00ab\u2009Clin d\u2019\u0153il symbolique\u2009\u00bb, selon l\u2019\u00e9dile\u2009: <strong>ils seront projet\u00e9s sur la tour Eiffel les 26 et 27\u00a0juillet<\/strong> pour l\u2019anniversaire de la c\u00e9r\u00e9monie d\u2019ouverture des JO.<\/p>\n<p class=\" wall-content\"><strong>Avec AFP<\/strong><\/p>\n<p class=\" wall-content\">Suivez toute l\u2019actualit\u00e9 de vos villes et m\u00e9dias favoris en vous inscrivant \u00e0 <a href=\"https:\/\/moncompte.actu.fr\" title=\"D\u00e9couvez Mon Actu\" rel=\"nofollow noopener\" data-trk=\"{&quot;cta&quot;:{&quot;action&quot;:&quot;https:\\\/\\\/moncompte.actu.fr&quot;,&quot;category&quot;:&quot;mon compte&quot;,&quot;from&quot;:&quot;article footer&quot;,&quot;name&quot;:&quot;Mon actu&quot;,&quot;type&quot;:&quot;cta&quot;}}\" target=\"_blank\">Mon Actu<\/a>.<\/p>\n","protected":false},"excerpt":{"rendered":"Par R\u00e9daction Paris Publi\u00e9 le 26 mai 2025 \u00e0 20h14 Le retour des anneaux olympiques sur la tour&hellip;\n","protected":false},"author":2,"featured_media":129928,"comment_status":"","ping_status":"","sticky":false,"template":"","format":"standard","meta":{"footnotes":""},"categories":[1888],"tags":[11,1777,674,1011,27,7941,12,626,2551,25,104,7184],"class_list":{"0":"post-129927","1":"post","2":"type-post","3":"status-publish","4":"format-standard","5":"has-post-thumbnail","7":"category-paris","8":"tag-actualites","9":"tag-eu","10":"tag-europe","11":"tag-fr","12":"tag-france","13":"tag-jo-paris-2024","14":"tag-news","15":"tag-paris","16":"tag-patrimoine","17":"tag-republique-francaise","18":"tag-societe","19":"tag-tour-eiffel"},"share_on_mastodon":{"url":"https:\/\/pubeurope.com\/@fr\/114575624360024335","error":""},"_links":{"self":[{"href":"https:\/\/www.europesays.com\/fr\/wp-json\/wp\/v2\/posts\/129927","targetHints":{"allow":["GET"]}}],"collection":[{"href":"https:\/\/www.europesays.com\/fr\/wp-json\/wp\/v2\/posts"}],"about":[{"href":"https:\/\/www.europesays.com\/fr\/wp-json\/wp\/v2\/types\/post"}],"author":[{"embeddable":true,"href":"https:\/\/www.europesays.com\/fr\/wp-json\/wp\/v2\/users\/2"}],"replies":[{"embeddable":true,"href":"https:\/\/www.europesays.com\/fr\/wp-json\/wp\/v2\/comments?post=129927"}],"version-history":[{"count":0,"href":"https:\/\/www.europesays.com\/fr\/wp-json\/wp\/v2\/posts\/129927\/revisions"}],"wp:featuredmedia":[{"embeddable":true,"href":"https:\/\/www.europesays.com\/fr\/wp-json\/wp\/v2\/media\/129928"}],"wp:attachment":[{"href":"https:\/\/www.europesays.com\/fr\/wp-json\/wp\/v2\/media?parent=129927"}],"wp:term":[{"taxonomy":"category","embeddable":true,"href":"https:\/\/www.europesays.com\/fr\/wp-json\/wp\/v2\/categories?post=129927"},{"taxonomy":"post_tag","embeddable":true,"href":"https:\/\/www.europesays.com\/fr\/wp-json\/wp\/v2\/tags?post=129927"}],"curies":[{"name":"wp","href":"https:\/\/api.w.org\/{rel}","templated":true}]}}