{"id":129938,"date":"2025-05-26T18:52:08","date_gmt":"2025-05-26T18:52:08","guid":{"rendered":"https:\/\/www.europesays.com\/fr\/129938\/"},"modified":"2025-05-26T18:52:08","modified_gmt":"2025-05-26T18:52:08","slug":"lincroyable-viree-nocturne-dun-supporter-de-lubb-a-cardiff","status":"publish","type":"post","link":"https:\/\/www.europesays.com\/fr\/129938\/","title":{"rendered":"l&rsquo;incroyable vir\u00e9e nocturne d&rsquo;un supporter de l&rsquo;UBB \u00e0 Cardiff"},"content":{"rendered":"<p>            Par<br \/>\n        <strong><br \/>\n            <a href=\"https:\/\/actu.fr\/auteur\/gael-arcuset\" title=\"Consulter tous les articles de Ga\u00ebl Arcuset\" target=\"_blank\" rel=\"noopener\">Ga\u00ebl Arcuset<\/a><br \/>\n        <\/strong><\/p>\n<p>        Publi\u00e9 le<\/p>\n<p>            26 mai 2025 \u00e0 19h02        <\/p>\n<p>\u00ab\u00a0Quand j\u2019ai envoy\u00e9 la photo \u00e0 mes potes, j\u2019ai \u00e9crit : \u2018Langon, champion d\u2019Europe.\u2019 Ils se sont marr\u00e9s. <b>Je crois qu\u2019ils \u00e9taient jaloux<\/b> de ne pas \u00eatre \u00e0 ma place.\u00a0\u00bb Pas peu fier de son coup, R\u00e9mi Lanusse. Samedi 24 mai 2025, le jeune joueur du <a href=\"https:\/\/actu.fr\/tag\/stade-langonnais\" target=\"_blank\" rel=\"noopener\">Stade Langonnais<\/a> a pleinement pu f\u00eater <a href=\"https:\/\/actu.fr\/sports\/rugby\/coupe-deurope\/champions-cup-bordeaux-realise-son-reve-europeen-ce-qui-nous-a-plu-et-deplu_62683809.html\" target=\"_blank\" rel=\"noopener\">la victoire de l\u2019Union Bordeaux-B\u00e8gles (UBB) en coupe d\u2019Europe<\/a> face \u00e0 Northampton (28-20). Il \u00e9tait au Millenium Stadium, \u00e0 Cardiff, avant de se retrouver <b>au c\u00f4t\u00e9 des Maxime Lucu et consorts<\/b> dans une bo\u00eete de nuit de la capitale galloise. Alors forc\u00e9ment, il en a, des choses \u00e0 raconter\u2026<\/p>\n<p class=\" wall-content\">C\u2019est en bo\u00eete de nuit que les prot\u00e9g\u00e9s de Laurent Marti ont accept\u00e9 de lui c\u00e9der, l\u2019espace de quelques instants,<b> le premier troph\u00e9e de l\u2019histoire du club.<\/b> Un sacr\u00e9 moment, aussi improbable que magique, pour le jeune homme. Il ne l\u2019oubliera pas de sit\u00f4t.<\/p>\n<p>Une nuit \u00ab\u00a0incroyable\u00a0\u00bb pour le supporter de l\u2019UBB<\/p>\n<p class=\" wall-content\">\u00ab\u00a0C\u2019\u00e9tait vraiment sympa, confie-t-il au <a href=\"https:\/\/actu.fr\/le-republicain-sud-gironde\/\" target=\"_blank\" rel=\"noopener\">R\u00e9publicain Sud-Gironde<\/a>. On a pu parler avec certains joueurs. Ils \u00e9taient gentils, tr\u00e8s ouverts.\u00a0\u00bb\u00a0<\/p>\n<p class=\" wall-content\">Il y a pr\u00e8s de deux mois, alors qu\u2019il r\u00e9servait son billet pour la finale de la coupe d\u2019Europe, R\u00e9mi \u00e9tait <b>\u00e0 mille lieues de s\u2019imaginer pareil sc\u00e9nario<\/b>. Qui l\u2019aurait pu \u00e0 vrai dire ? \u00ab\u00a0Chaque ann\u00e9e, avec un copain, on se fait la finale.\u00a0\u00bb<\/p>\n<blockquote class=\"ac-article-quote wall-content\">\n<p>L\u00e0, c\u2019est incroyable\u2026 \u00c0 la base, on allait juste voir la finale et on se retrouve \u00e0 voir le sacre de l\u2019UBB, \u00e0 soulever la coupe en bo\u00eete. C\u2019est que du bonheur !<\/p>\n<p>R\u00e9mi Lanusse<\/p><\/blockquote>\n<p class=\" wall-content\">Mais alors, par quel miracle le joueur du Stade Langonnais s\u2019est-il retrouv\u00e9 <b>au m\u00eame endroit que les joueurs de l\u2019Union Bordeaux-B\u00e8gles<\/b> ? \u00ab\u00a0Le mot commen\u00e7ait \u00e0 tourner parmi les supporters, avoue-t-il. On a appris dans quelle bo\u00eete ils se trouvaient. Alors, on y est all\u00e9s.\u00a0\u00bb El\u00e9mentaire, mon cher Watson.\u00a0<\/p>\n<p class=\" wall-content\">Et c\u2019est donc entre les murs d\u2019un \u00e9tablissement gallois, \u00e0 des centaines de kilom\u00e8tres de chez lui, que <b>R\u00e9mi Lanusse brandit la coupe d\u2019Europe<\/b>, acquise par l\u2019UBB quelques heures plus t\u00f4t. \u00ab\u00a0Je crois que c\u2019est Maxime Lucu qui me l\u2019a tendue, sourit l\u2019int\u00e9ress\u00e9. J\u2019ai r\u00e9ussi \u00e0 la soulever, elle n\u2019est pas si lourde que \u00e7a.\u00a0\u00bb L\u2019instant est bref, fugace. Une photo-souvenir et la Champions Cup repart dans les mains des Bordelo-B\u00e9glais.\u00a0<\/p>\n<p>Les f\u00e9licitations des joueurs de Northampton<\/p>\n<p class=\" wall-content\">Pour R\u00e9mi Lanusse, cette vir\u00e9e \u00e0 Cardiff est m\u00e9morable. D\u2019autant plus que le Langonnais a v\u00e9cu une autre aventure compl\u00e8tement improbable\u2026<\/p>\n<p class=\" wall-content\">\u00ab\u00a0Dans les rues, on a crois\u00e9e des joueurs de Northampton. On les regardait en se disant qu\u2019ils \u00e9taient bien costauds. Et puis, <b>ils sont venus nous serrer la main<\/b>. Ils nous ont dit : \u2018Bravo les gars !\u2019 comme si on avait jou\u00e9 la finale.\u00a0\u00bb Sorry, good game, messieurs les Anglais. Gr\u00e2ce \u00e0 l\u2019UBB, cette ann\u00e9e, la coupe d\u2019Europe est girondine. Et, gr\u00e2ce \u00e0 R\u00e9mi Lanusse, elle est aussi un peu langonnaise.<\/p>\n<p class=\" wall-content\">Suivez toute l\u2019actualit\u00e9 de vos villes et m\u00e9dias favoris en vous inscrivant \u00e0 <a href=\"https:\/\/moncompte.actu.fr\" title=\"D\u00e9couvez Mon Actu\" rel=\"nofollow noopener\" data-trk=\"{&quot;cta&quot;:{&quot;action&quot;:&quot;https:\\\/\\\/moncompte.actu.fr&quot;,&quot;category&quot;:&quot;mon compte&quot;,&quot;from&quot;:&quot;article footer&quot;,&quot;name&quot;:&quot;Mon actu&quot;,&quot;type&quot;:&quot;cta&quot;}}\" target=\"_blank\">Mon Actu<\/a>.<\/p>\n","protected":false},"excerpt":{"rendered":"Par Ga\u00ebl Arcuset Publi\u00e9 le 26 mai 2025 \u00e0 19h02 \u00ab\u00a0Quand j\u2019ai envoy\u00e9 la photo \u00e0 mes potes,&hellip;\n","protected":false},"author":2,"featured_media":129939,"comment_status":"","ping_status":"","sticky":false,"template":"","format":"standard","meta":{"footnotes":""},"categories":[1586],"tags":[11,3460,1777,674,1011,27,12,25,479,60,25392,4435],"class_list":{"0":"post-129938","1":"post","2":"type-post","3":"status-publish","4":"format-standard","5":"has-post-thumbnail","7":"category-europe","8":"tag-actualites","9":"tag-champions-cup","10":"tag-eu","11":"tag-europe","12":"tag-fr","13":"tag-france","14":"tag-news","15":"tag-republique-francaise","16":"tag-rugby","17":"tag-sports","18":"tag-stade-langonnais","19":"tag-ubb-union-bordeaux-begles"},"share_on_mastodon":{"url":"https:\/\/pubeurope.com\/@fr\/114575647949822547","error":""},"_links":{"self":[{"href":"https:\/\/www.europesays.com\/fr\/wp-json\/wp\/v2\/posts\/129938","targetHints":{"allow":["GET"]}}],"collection":[{"href":"https:\/\/www.europesays.com\/fr\/wp-json\/wp\/v2\/posts"}],"about":[{"href":"https:\/\/www.europesays.com\/fr\/wp-json\/wp\/v2\/types\/post"}],"author":[{"embeddable":true,"href":"https:\/\/www.europesays.com\/fr\/wp-json\/wp\/v2\/users\/2"}],"replies":[{"embeddable":true,"href":"https:\/\/www.europesays.com\/fr\/wp-json\/wp\/v2\/comments?post=129938"}],"version-history":[{"count":0,"href":"https:\/\/www.europesays.com\/fr\/wp-json\/wp\/v2\/posts\/129938\/revisions"}],"wp:featuredmedia":[{"embeddable":true,"href":"https:\/\/www.europesays.com\/fr\/wp-json\/wp\/v2\/media\/129939"}],"wp:attachment":[{"href":"https:\/\/www.europesays.com\/fr\/wp-json\/wp\/v2\/media?parent=129938"}],"wp:term":[{"taxonomy":"category","embeddable":true,"href":"https:\/\/www.europesays.com\/fr\/wp-json\/wp\/v2\/categories?post=129938"},{"taxonomy":"post_tag","embeddable":true,"href":"https:\/\/www.europesays.com\/fr\/wp-json\/wp\/v2\/tags?post=129938"}],"curies":[{"name":"wp","href":"https:\/\/api.w.org\/{rel}","templated":true}]}}