{"id":129948,"date":"2025-05-26T18:58:11","date_gmt":"2025-05-26T18:58:11","guid":{"rendered":"https:\/\/www.europesays.com\/fr\/129948\/"},"modified":"2025-05-26T18:58:11","modified_gmt":"2025-05-26T18:58:11","slug":"neuf-victoires-et-aucune-defaite-au-tournoi-national","status":"publish","type":"post","link":"https:\/\/www.europesays.com\/fr\/129948\/","title":{"rendered":"neuf victoires et aucune d\u00e9faite au tournoi national!"},"content":{"rendered":"<p>&#13;<br \/>\n                    Condors Chaudi\u00e8re-Appalaches&#13;\n            <\/p>\n<p>            &#13;<br \/>\n&#13;<br \/>\n                        &#13;<br \/>\n&#13;<br \/>\n&#13;<\/p>\n<p><strong>L\u2019\u00e9quipe U16 f\u00e9minine, du Club civil de volleyball Condors Chaudi\u00e8re-Appalaches, a\u00a0remport\u00e9 les honneurs du tiers 9 du tournoi national de la discipline, qui a pris fin jeudi \u00e0 Edmonton, en Alberta.<\/strong><\/p>\n<p>&#13;<br \/>\n&#13;<\/p>\n<p>En effet, les athl\u00e8tes de la r\u00e9gion n&rsquo;ont subi aucun revers et encaiss\u00e9 neuf victoires, contre des \u00e9quipes de la Colombie-Britannique, du Manitoba et de l\u2019Alberta.<\/p>\n<p>&#13;<br \/>\n&#13;<\/p>\n<p>Ce faisant, l&rsquo;\u00e9quipe a grandement am\u00e9lior\u00e9 son\u00a0classement canadien dans la cat\u00e9gorie, passant de la 92e place \u00e0 la 65e. \u00abC\u2019\u00e9tait le mieux qu\u2019on pouvait faire\u00bb, a signal\u00e9 l&rsquo;entra\u00eeneuse-chef, M\u00e9lissa Vachon, \u00e0 l&rsquo;issue de la comp\u00e9tition.<\/p>\n<p>&#13;<br \/>\n&#13;<\/p>\n<p>Elle a tenu \u00e0 remercier les commanditaires du club qui ont permis aux athl\u00e8tes de \u00abvivre une exp\u00e9rience inoubliable.\u00bb<\/p>\n<p>&#13;<br \/>\n&#13;<\/p>\n<p>\u00a0<\/p>\n<p>&#13;<br \/>\n&#13;<\/p>\n<p>\u00a0<\/p>\n<p>&#13;<\/p>\n<p>            &#13;<br \/>\n                <img decoding=\"async\" src=\"https:\/\/www.europesays.com\/fr\/wp-content\/uploads\/2025\/05\/fleche_partage_icon.png\" alt=\"fleche partage\"\/><\/p>\n<p>Partager \u00e0 ma communaut\u00e9<\/p>\n<p>&#13;<\/p>\n","protected":false},"excerpt":{"rendered":"&#13; Condors Chaudi\u00e8re-Appalaches&#13; &#13; &#13; &#13; &#13; &#13; L\u2019\u00e9quipe U16 f\u00e9minine, du Club civil de volleyball Condors Chaudi\u00e8re-Appalaches,&hellip;\n","protected":false},"author":2,"featured_media":129949,"comment_status":"","ping_status":"","sticky":false,"template":"","format":"standard","meta":{"footnotes":""},"categories":[1417],"tags":[1011,27,60,1470,1469],"class_list":{"0":"post-129948","1":"post","2":"type-post","3":"status-publish","4":"format-standard","5":"has-post-thumbnail","7":"category-volley","8":"tag-fr","9":"tag-france","10":"tag-sports","11":"tag-volley","12":"tag-volleyball"},"share_on_mastodon":{"url":"https:\/\/pubeurope.com\/@fr\/114575671527839617","error":""},"_links":{"self":[{"href":"https:\/\/www.europesays.com\/fr\/wp-json\/wp\/v2\/posts\/129948","targetHints":{"allow":["GET"]}}],"collection":[{"href":"https:\/\/www.europesays.com\/fr\/wp-json\/wp\/v2\/posts"}],"about":[{"href":"https:\/\/www.europesays.com\/fr\/wp-json\/wp\/v2\/types\/post"}],"author":[{"embeddable":true,"href":"https:\/\/www.europesays.com\/fr\/wp-json\/wp\/v2\/users\/2"}],"replies":[{"embeddable":true,"href":"https:\/\/www.europesays.com\/fr\/wp-json\/wp\/v2\/comments?post=129948"}],"version-history":[{"count":0,"href":"https:\/\/www.europesays.com\/fr\/wp-json\/wp\/v2\/posts\/129948\/revisions"}],"wp:featuredmedia":[{"embeddable":true,"href":"https:\/\/www.europesays.com\/fr\/wp-json\/wp\/v2\/media\/129949"}],"wp:attachment":[{"href":"https:\/\/www.europesays.com\/fr\/wp-json\/wp\/v2\/media?parent=129948"}],"wp:term":[{"taxonomy":"category","embeddable":true,"href":"https:\/\/www.europesays.com\/fr\/wp-json\/wp\/v2\/categories?post=129948"},{"taxonomy":"post_tag","embeddable":true,"href":"https:\/\/www.europesays.com\/fr\/wp-json\/wp\/v2\/tags?post=129948"}],"curies":[{"name":"wp","href":"https:\/\/api.w.org\/{rel}","templated":true}]}}