{"id":129952,"date":"2025-05-26T19:00:08","date_gmt":"2025-05-26T19:00:08","guid":{"rendered":"https:\/\/www.europesays.com\/fr\/129952\/"},"modified":"2025-05-26T19:00:08","modified_gmt":"2025-05-26T19:00:08","slug":"jasmine-paolini-la-grande-revelation-et-finaliste-de-2024-en-pleine-dolce-vita","status":"publish","type":"post","link":"https:\/\/www.europesays.com\/fr\/129952\/","title":{"rendered":"Jasmine Paolini, la grande r\u00e9v\u00e9lation et finaliste de 2024 en pleine Dolce Vita"},"content":{"rendered":"<p><strong>RENCONTRE &#8211; <\/strong>Un an apr\u00e8s sa finale perdue \u00e0 Paris contre Iga Swiatek, la joueuse de tennis Italienne doit assumer un nouveau statut.<\/p>\n<p class=\"fig-paragraph\">T\u00eate de s\u00e9rie num\u00e9ro\u00a04,\u00a0<a href=\"http:\/\/www.lefigaro.fr\/sports\/tennis\/tennis-apres-sa-victoire-en-simple-jasmine-paolini-sacree-en-double-a-rome-20250518\" data-fig-type=\"NewsFlash\" data-gtm-custom-categorie=\"navigation\" data-gtm-custom-action=\"crossclick\" data-gtm-custom-label=\"Contextuel\" data-gtm-event=\"customEventSPE\" data-fig-domain=\"LEFIGARO\" target=\"_blank\" rel=\"noopener\">Jasmine Paolini\u00a0<\/a>a d\u00fb sortir le bleu de chauffe dimanche soir face \u00e0 la 87e\u00a0mondiale chinoise Yuan pour acc\u00e9der au 2e\u00a0tour (victoire en 3\u00a0sets) des Internationaux de France. Grande r\u00e9v\u00e9lation de l\u2019ann\u00e9e 2024, l\u2019Italienne est devenue en l\u2019espace d\u2019un \u00e9t\u00e9 double finaliste en Grand Chelem (Roland-Garros et Wimbledon), du jamais-vu pour une femme depuis Serena Williams en 2016, et la toute premi\u00e8re Italienne \u00e0 atteindre deux finales en Majeurs sur deux surfaces diff\u00e9rentes. Heureux tennis transalpin, dont le num\u00e9ro\u00a01 mondial masculin est Jannik Sinner\u2026 Mais contrairement \u00e0 celui qu\u2019elle qualifie \u00ab\u00a0de bon gars\u00a0\u00bb, Paolini ne s\u2019est jamais vu en haut de l\u2019affiche.<\/p>\n<p class=\"fig-paragraph\">Elle a disput\u00e9 son premier match professionnel en 2011 et a attendu dix ans avant de remporter son premier titre sur le grand circuit (Portoroz en 2021). En 2024, elle est pass\u00e9e de l\u2019ombre \u00e0 la lumi\u00e8re, en devenant, \u00e0 28\u00a0ans, la joueuse la plus \u00e2g\u00e9e \u00e0 atteindre une demi-finale dans un Grand Chelem depuis Betty\u2026<\/p>\n<p class=\"fig-premium-paywall__infos\">\n        Cet article est r\u00e9serv\u00e9 aux abonn\u00e9s.        Il vous reste 82% \u00e0 d\u00e9couvrir.\n    <\/p>\n<p>                <img  data- alt=\"Le Figaro\" class=\"fig-img--complete fig-img\"\/><\/p>\n<p class=\"fig-premium-paywall__title\">Vente Flash<\/p>\n<p class=\"fig-premium-paywall__subtitle\">4,99\u20ac par mois pendant 12 mois. Sans engagement.<\/p>\n<p class=\"fig-premium-paywall__connect\">\n                D\u00e9j\u00e0 abonn\u00e9\u00a0?                <a class=\"fig-premium-paywall__connect-link\" href=\"https:\/\/connect.lefigaro.fr\/login?client=horizon_web&amp;type=main&amp;redirect_uri=https%3A%2F%2Fwww.lefigaro.fr%2Fsports%2Ftennis%2Froland-garros%2Froland-garros-jasmine-paolini-la-grande-revelation-et-finaliste-de-2024-reve-d-une-dolce-vita-20250526\" data-js-gtm=\"{&quot;customCategorie&quot;: &quot;conversion&quot;, &quot;customAction&quot;: &quot;before_Landing_Connexion_paywall_auto&quot;, &quot;customLabel&quot;: &quot;bGVmaWdhcm8uZnJfXzFmMDNhM2U5LTZiM2YtNjVhMC1hYzg2LTVmMTllNTNiMGI5MV9fQXJ0aWNsZQ==_Roland Garros: Jasmine Paolini, la grande r\u00e9v\u00e9lation et finaliste de 2024 en pleine Dolce Vita_308&quot;, &quot;customIDSPE&quot;: &quot;bGVmaWdhcm8uZnJfXzFmMDNhM2U5LTZiM2YtNjVhMC1hYzg2LTVmMTllNTNiMGI5MV9fQXJ0aWNsZQ==&quot;, &quot;event&quot;: &quot;customEventSPE&quot;}\" target=\"_blank\" rel=\"noopener\"><br \/>\n                    Connectez-vous<br \/>\n                <\/a>\n            <\/p>\n","protected":false},"excerpt":{"rendered":"RENCONTRE &#8211; Un an apr\u00e8s sa finale perdue \u00e0 Paris contre Iga Swiatek, la joueuse de tennis Italienne&hellip;\n","protected":false},"author":2,"featured_media":129953,"comment_status":"","ping_status":"","sticky":false,"template":"","format":"standard","meta":{"footnotes":""},"categories":[1415],"tags":[4169,105,2199,1011,27,24473,1960,24472,4171,60,1467,4170],"class_list":{"0":"post-129952","1":"post","2":"type-post","3":"status-publish","4":"format-standard","5":"has-post-thumbnail","7":"category-tennis","8":"tag-atp","9":"tag-djokovic","10":"tag-federer","11":"tag-fr","12":"tag-france","13":"tag-internationaux-de-france","14":"tag-nadal","15":"tag-rg","16":"tag-roland-garros","17":"tag-sports","18":"tag-tennis","19":"tag-wta"},"share_on_mastodon":{"url":"https:\/\/pubeurope.com\/@fr\/114575679321006069","error":""},"_links":{"self":[{"href":"https:\/\/www.europesays.com\/fr\/wp-json\/wp\/v2\/posts\/129952","targetHints":{"allow":["GET"]}}],"collection":[{"href":"https:\/\/www.europesays.com\/fr\/wp-json\/wp\/v2\/posts"}],"about":[{"href":"https:\/\/www.europesays.com\/fr\/wp-json\/wp\/v2\/types\/post"}],"author":[{"embeddable":true,"href":"https:\/\/www.europesays.com\/fr\/wp-json\/wp\/v2\/users\/2"}],"replies":[{"embeddable":true,"href":"https:\/\/www.europesays.com\/fr\/wp-json\/wp\/v2\/comments?post=129952"}],"version-history":[{"count":0,"href":"https:\/\/www.europesays.com\/fr\/wp-json\/wp\/v2\/posts\/129952\/revisions"}],"wp:featuredmedia":[{"embeddable":true,"href":"https:\/\/www.europesays.com\/fr\/wp-json\/wp\/v2\/media\/129953"}],"wp:attachment":[{"href":"https:\/\/www.europesays.com\/fr\/wp-json\/wp\/v2\/media?parent=129952"}],"wp:term":[{"taxonomy":"category","embeddable":true,"href":"https:\/\/www.europesays.com\/fr\/wp-json\/wp\/v2\/categories?post=129952"},{"taxonomy":"post_tag","embeddable":true,"href":"https:\/\/www.europesays.com\/fr\/wp-json\/wp\/v2\/tags?post=129952"}],"curies":[{"name":"wp","href":"https:\/\/api.w.org\/{rel}","templated":true}]}}