{"id":129956,"date":"2025-05-26T19:03:08","date_gmt":"2025-05-26T19:03:08","guid":{"rendered":"https:\/\/www.europesays.com\/fr\/129956\/"},"modified":"2025-05-26T19:03:08","modified_gmt":"2025-05-26T19:03:08","slug":"une-performance-de-haut-volee-pour-isack-hadjar-a-mocano","status":"publish","type":"post","link":"https:\/\/www.europesays.com\/fr\/129956\/","title":{"rendered":"une performance de haut vol\u00e9e pour Isack Hadjar \u00e0 Mocano"},"content":{"rendered":"<p style=\"text-align: justify;\"><strong> La pr\u00e9sence de cet homme de grande classe lui a port\u00e9 chance : Zin\u00e9dine Zidane. Dimanche 25 mai 2025, dans les rues sinueuses de Monte-Carlo, le pilote d\u2019origine alg\u00e9rienne, Isack Hadjar, a sign\u00e9 la meilleure performance de sa jeune carri\u00e8re en Formule 1 en terminant \u00e0 la sixi\u00e8me place du Grand Prix de Monaco. Un r\u00e9sultat qui marque une \u00e9tape significative pour le pilote de l\u2019\u00e9curie Racing Bulls, surnomm\u00e9 le rookie, qui n\u2019est qu\u2019\u00e0 sa premi\u00e8re saison dans l\u2019\u00e9lite du sport automobile.\u00a0<\/strong><\/p>\n<p style=\"text-align: justify;\">En effet, parti cinqui\u00e8me sur la grille, <strong>Isack Hadjar<\/strong> a su tirer parti des circonstances de course, notamment de la nouvelle r\u00e8gle imposant deux arr\u00eats aux stands, pour se maintenir dans le peloton de t\u00eate. Malgr\u00e9 une strat\u00e9gie complexe et une gestion d\u00e9licate des pneus, il a su pr\u00e9server sa position face \u00e0 des concurrents exp\u00e9riment\u00e9s, d\u00e9montrant une maturit\u00e9 impressionnante. \u00ab Je suis vraiment content de mon week-end. On a eu des difficult\u00e9s au d\u00e9but, mais on a bien progress\u00e9. Partir cinqui\u00e8me, au milieu des top teams, c\u2019\u00e9tait fou. Je suis fier de moi \u00bb, a-t-il d\u00e9clar\u00e9 au micro de Canal+ F1.<\/p>\n<blockquote class=\"twitter-tweet\" data-width=\"550\" data-dnt=\"true\">\n<p lang=\"fr\" dir=\"ltr\">\ud83d\udde8\ufe0f \u00ab\u00a0Je suis vraiment fier de moi\u00a0\u00bb<\/p>\n<p>Un excellent week-end qui se termine par une magnifique 6e place, meilleur r\u00e9sultat en carri\u00e8re pour Isack Hadjar ! \ud83c\uddeb\ud83c\uddf7\ud83e\udd70<a href=\"https:\/\/twitter.com\/hashtag\/MonacoGP?src=hash&amp;ref_src=twsrc%5Etfw\" rel=\"nofollow noopener\" target=\"_blank\">#MonacoGP<\/a> <a href=\"https:\/\/twitter.com\/hashtag\/F1?src=hash&amp;ref_src=twsrc%5Etfw\" rel=\"nofollow noopener\" target=\"_blank\">#F1<\/a> <a href=\"https:\/\/t.co\/My3yh5tFMd\" rel=\"nofollow\">pic.twitter.com\/My3yh5tFMd<\/a><\/p>\n<p>\u2014 CANAL+ F1\u00ae (@CanalplusF1) <a href=\"https:\/\/twitter.com\/CanalplusF1\/status\/1926658282992619945?ref_src=twsrc%5Etfw\" rel=\"nofollow noopener\" target=\"_blank\">May 25, 2025<\/a><\/p>\n<\/blockquote>\n<p style=\"text-align: justify;\">Ce r\u00e9sultat est d\u2019autant plus remarquable qu\u2019il intervient sur le circuit de <strong>Monaco<\/strong>, r\u00e9put\u00e9 pour sa difficult\u00e9 et son exigence technique. Isack Hadjar a ainsi prouv\u00e9 qu\u2019il est capable de rivaliser avec les meilleurs sur l\u2019un des trac\u00e9s les plus embl\u00e9matiques du calendrier de la F1.<\/p>\n<p>GP Monaco 2025 : une belle performance pour Isack Hadjar, sous le regard de Zin\u00e9dine Zidane<\/p>\n<p style=\"text-align: justify;\">Avec cette performance \u00e0 l\u2019issue des 78 tours de la course mon\u00e9gasque,<strong> Isack Hadjar<\/strong> ajoute huit points pr\u00e9cieux \u00e0 son compteur, portant son total \u00e0 15 unit\u00e9s cette saison. Un total qui lui permet de se hisser dans le Top 10 du classement g\u00e9n\u00e9ral. Isack Hadjar confirme ainsi sa progression constante depuis ses d\u00e9buts en Formule 1, o\u00f9 il avait d\u00e9j\u00e0 marqu\u00e9 les esprits en inscrivant ses premiers points au <strong>Japon<\/strong> et en <strong>Arabie Saoudite<\/strong>.<\/p>\n<blockquote class=\"twitter-tweet\" data-width=\"550\" data-dnt=\"true\">\n<p lang=\"en\" dir=\"ltr\">DRIVER STANDINGS AFTER EIGHT ROUNDS <\/p>\n<p>Piastri&rsquo;s lead cut to three points \ud83e\udd0f<br \/>Hadjar into the top 10 \ud83d\udcaa<a href=\"https:\/\/twitter.com\/hashtag\/F1?src=hash&amp;ref_src=twsrc%5Etfw\" rel=\"nofollow noopener\" target=\"_blank\">#F1<\/a> <a href=\"https:\/\/twitter.com\/hashtag\/MonacoGP?src=hash&amp;ref_src=twsrc%5Etfw\" rel=\"nofollow noopener\" target=\"_blank\">#MonacoGP<\/a> <a href=\"https:\/\/t.co\/7iSFmqu6yL\" rel=\"nofollow\">pic.twitter.com\/7iSFmqu6yL<\/a><\/p>\n<p>\u2014 Formula 1 (@F1) <a href=\"https:\/\/twitter.com\/F1\/status\/1926673112843612340?ref_src=twsrc%5Etfw\" rel=\"nofollow noopener\" target=\"_blank\">May 25, 2025<\/a><\/p>\n<\/blockquote>\n<p style=\"text-align: justify;\">Une performance sous le regard d\u2019un certain <strong>Zinedine Zidane<\/strong>, pr\u00e9sent parmi les prestigieux spectateurs de cette course. D\u2019ailleurs, m\u00eame la l\u00e9gende alg\u00e9rienne <strong>Islam Slimani<\/strong> a partag\u00e9 des clich\u00e9s de la course sur son compte Instagram. L\u2019ancien joueur de l\u2019<strong>AS Monaco<\/strong> a sans doute appr\u00e9ci\u00e9 la talent du pilote franco-alg\u00e9rien.<\/p>\n<blockquote class=\"twitter-tweet\" data-width=\"550\" data-dnt=\"true\">\n<p lang=\"ro\" dir=\"ltr\">Isack Hadjar \ud83e\udd1d Zin\u00e9dine Zidane \ud83d\ude0d\ud83c\uddeb\ud83c\uddf7<a href=\"https:\/\/twitter.com\/hashtag\/MonacoGP?src=hash&amp;ref_src=twsrc%5Etfw\" rel=\"nofollow noopener\" target=\"_blank\">#MonacoGP<\/a> <a href=\"https:\/\/twitter.com\/hashtag\/F1?src=hash&amp;ref_src=twsrc%5Etfw\" rel=\"nofollow noopener\" target=\"_blank\">#F1<\/a> <a href=\"https:\/\/t.co\/W09zxKIn2P\" rel=\"nofollow\">pic.twitter.com\/W09zxKIn2P<\/a><\/p>\n<p>\u2014 CANAL+ F1\u00ae (@CanalplusF1) <a href=\"https:\/\/twitter.com\/CanalplusF1\/status\/1926619640882438548?ref_src=twsrc%5Etfw\" rel=\"nofollow noopener\" target=\"_blank\">May 25, 2025<\/a><\/p>\n<\/blockquote>\n<p style=\"text-align: justify;\">Cette sixi\u00e8me place \u00e0 Monaco est une r\u00e9compense m\u00e9rit\u00e9e pour Hadjar, qui continue de s\u2019affirmer comme l\u2019un des talents les plus prometteurs de sa g\u00e9n\u00e9ration. Elle t\u00e9moigne, en outre, de son adaptation rapide \u00e0 la Formule 1 et de sa capacit\u00e9 \u00e0 performer sous pression, lui qui s\u2019est donn\u00e9 corps et \u00e2me, \u00e9tant plus jeune, pour r\u00e9aliser son r\u00eave de devenir pilote de F1.<\/p>\n<p style=\"text-align: justify;\">Alors que la saison 2025 se poursuit, Hadjar et son \u00e9quipe peuvent envisager l\u2019avenir avec optimisme, forts de cette performance encourageante sur un circuit aussi prestigieux que celui de Monaco.<\/p>\n<p style=\"text-align: justify;\"><strong>LIRE AUSSI : <a href=\"https:\/\/lagazettedufennec.com\/coupe-arabe-2025-tout-pour-conserver-le-titre-bougherra-se-prononce\/\" rel=\"nofollow noopener\" target=\"_blank\">Coupe Arabe 2025 : tout pour conserver le titre ? Bougherra se prononce<\/a><\/strong><\/p>\n<p>\t            <script async src=\"https:\/\/platform.twitter.com\/widgets.js\" charset=\"utf-8\"><\/script><\/p>\n","protected":false},"excerpt":{"rendered":"La pr\u00e9sence de cet homme de grande classe lui a port\u00e9 chance : Zin\u00e9dine Zidane. Dimanche 25 mai&hellip;\n","protected":false},"author":2,"featured_media":129957,"comment_status":"","ping_status":"","sticky":false,"template":"","format":"standard","meta":{"footnotes":""},"categories":[1412],"tags":[1451,1452,1453,1454,1455,1011,27,25393,2244,60],"class_list":{"0":"post-129956","1":"post","2":"type-post","3":"status-publish","4":"format-standard","5":"has-post-thumbnail","7":"category-f1","8":"tag-f1","9":"tag-formula-1","10":"tag-formula1","11":"tag-formule-1","12":"tag-formule1","13":"tag-fr","14":"tag-france","15":"tag-grand-prix-de-monaco-2025","16":"tag-isack-hadjar","17":"tag-sports"},"share_on_mastodon":{"url":"https:\/\/pubeurope.com\/@fr\/114575691444683842","error":""},"_links":{"self":[{"href":"https:\/\/www.europesays.com\/fr\/wp-json\/wp\/v2\/posts\/129956","targetHints":{"allow":["GET"]}}],"collection":[{"href":"https:\/\/www.europesays.com\/fr\/wp-json\/wp\/v2\/posts"}],"about":[{"href":"https:\/\/www.europesays.com\/fr\/wp-json\/wp\/v2\/types\/post"}],"author":[{"embeddable":true,"href":"https:\/\/www.europesays.com\/fr\/wp-json\/wp\/v2\/users\/2"}],"replies":[{"embeddable":true,"href":"https:\/\/www.europesays.com\/fr\/wp-json\/wp\/v2\/comments?post=129956"}],"version-history":[{"count":0,"href":"https:\/\/www.europesays.com\/fr\/wp-json\/wp\/v2\/posts\/129956\/revisions"}],"wp:featuredmedia":[{"embeddable":true,"href":"https:\/\/www.europesays.com\/fr\/wp-json\/wp\/v2\/media\/129957"}],"wp:attachment":[{"href":"https:\/\/www.europesays.com\/fr\/wp-json\/wp\/v2\/media?parent=129956"}],"wp:term":[{"taxonomy":"category","embeddable":true,"href":"https:\/\/www.europesays.com\/fr\/wp-json\/wp\/v2\/categories?post=129956"},{"taxonomy":"post_tag","embeddable":true,"href":"https:\/\/www.europesays.com\/fr\/wp-json\/wp\/v2\/tags?post=129956"}],"curies":[{"name":"wp","href":"https:\/\/api.w.org\/{rel}","templated":true}]}}