{"id":129966,"date":"2025-05-26T19:08:22","date_gmt":"2025-05-26T19:08:22","guid":{"rendered":"https:\/\/www.europesays.com\/fr\/129966\/"},"modified":"2025-05-26T19:08:22","modified_gmt":"2025-05-26T19:08:22","slug":"yssingeaux-un-livre-sur-les-noms-de-lieux-dyssingeaux-presente-en-mairie","status":"publish","type":"post","link":"https:\/\/www.europesays.com\/fr\/129966\/","title":{"rendered":"Yssingeaux. Un livre sur \u00ab\u00a0les noms de lieux d\u2019Yssingeaux\u00a0\u00bb pr\u00e9sent\u00e9 en mairie"},"content":{"rendered":"<p>\u00c0 l\u2019occasion de la sortie du livre Les noms de lieux d\u2019Yssingeaux , le public \u00e9tait invit\u00e9 samedi salle Dorcas \u00e0 rencontrer l\u2019auteur Jean-Baptiste Martin, professeur honoraire des universit\u00e9s, et l\u2019illustrateur Georges Lezotre, journaliste honoraire de la presse locale. La pr\u00e9sentation s\u2019est d\u00e9roul\u00e9e en pr\u00e9sence du maire, Pierre Liogier et du conseiller municipal Nicolas Haeusser, \u00e9lu r\u00e9f\u00e9rent du patrimoine au sein du conseil. <\/p>\n<p>\u00ab Ces noms sont les t\u00e9moins de l\u2019histoire des peuples \u00bb<\/p>\n<p>Cet ouvrage consacr\u00e9 \u00e0&#8230;<\/p>\n","protected":false},"excerpt":{"rendered":"\u00c0 l\u2019occasion de la sortie du livre Les noms de lieux d\u2019Yssingeaux , le public \u00e9tait invit\u00e9 samedi&hellip;\n","protected":false},"author":2,"featured_media":129967,"comment_status":"","ping_status":"","sticky":false,"template":"","format":"standard","meta":{"footnotes":""},"categories":[1357],"tags":[1379,58,10446,59,1011,27,937,1380,104,15751,25394],"class_list":{"0":"post-129966","1":"post","2":"type-post","3":"status-publish","4":"format-standard","5":"has-post-thumbnail","7":"category-livres","8":"tag-books","9":"tag-divertissement","10":"tag-edition-haute-loire","11":"tag-entertainment","12":"tag-fr","13":"tag-france","14":"tag-histoire","15":"tag-livres","16":"tag-societe","17":"tag-yssingeaux","18":"tag-yssingeaux-ville"},"share_on_mastodon":{"url":"https:\/\/pubeurope.com\/@fr\/114575710826671324","error":""},"_links":{"self":[{"href":"https:\/\/www.europesays.com\/fr\/wp-json\/wp\/v2\/posts\/129966","targetHints":{"allow":["GET"]}}],"collection":[{"href":"https:\/\/www.europesays.com\/fr\/wp-json\/wp\/v2\/posts"}],"about":[{"href":"https:\/\/www.europesays.com\/fr\/wp-json\/wp\/v2\/types\/post"}],"author":[{"embeddable":true,"href":"https:\/\/www.europesays.com\/fr\/wp-json\/wp\/v2\/users\/2"}],"replies":[{"embeddable":true,"href":"https:\/\/www.europesays.com\/fr\/wp-json\/wp\/v2\/comments?post=129966"}],"version-history":[{"count":0,"href":"https:\/\/www.europesays.com\/fr\/wp-json\/wp\/v2\/posts\/129966\/revisions"}],"wp:featuredmedia":[{"embeddable":true,"href":"https:\/\/www.europesays.com\/fr\/wp-json\/wp\/v2\/media\/129967"}],"wp:attachment":[{"href":"https:\/\/www.europesays.com\/fr\/wp-json\/wp\/v2\/media?parent=129966"}],"wp:term":[{"taxonomy":"category","embeddable":true,"href":"https:\/\/www.europesays.com\/fr\/wp-json\/wp\/v2\/categories?post=129966"},{"taxonomy":"post_tag","embeddable":true,"href":"https:\/\/www.europesays.com\/fr\/wp-json\/wp\/v2\/tags?post=129966"}],"curies":[{"name":"wp","href":"https:\/\/api.w.org\/{rel}","templated":true}]}}