{"id":129987,"date":"2025-05-26T19:19:09","date_gmt":"2025-05-26T19:19:09","guid":{"rendered":"https:\/\/www.europesays.com\/fr\/129987\/"},"modified":"2025-05-26T19:19:09","modified_gmt":"2025-05-26T19:19:09","slug":"une-voiture-fonce-dans-la-foule-lors-de-la-parade-de-victoire-du-liverpool-fc-plusieurs-blesses","status":"publish","type":"post","link":"https:\/\/www.europesays.com\/fr\/129987\/","title":{"rendered":"une voiture fonce dans la foule lors de la parade de victoire du Liverpool FC, plusieurs bless\u00e9s"},"content":{"rendered":"<p>\u00a0\u00bb<br \/>\n        data-script=\u00a0\u00bbhttps:\/\/static.lefigaro.fr\/widget-video\/short-ttl\/video\/index.js\u00a0\u00bb<br \/>\n    &gt;<\/p>\n<p>Le club de football c\u00e9l\u00e9brait sa victoire en Premier League, \u00e0 Liverpool, lors d\u2019un d\u00e9fil\u00e9 ayant d\u00e9but\u00e9 \u00e0 14h30 heure fran\u00e7aise. Un homme a \u00e9t\u00e9 interpell\u00e9.<\/p>\n<p class=\"fig-paragraph\">Une voiture a renvers\u00e9 plusieurs pi\u00e9tons \u00e0\u00a0<a href=\"http:\/\/www.lefigaro.fr\/sports\/football\/transferts\/mercato-la-pepite-florian-wirtz-aurait-choisi-liverpool-au-detriment-du-bayern-20250524\" target=\"_blank\" data-fig-type=\"NewsFlash\" rel=\"noopener nofollow\" data-gtm-custom-categorie=\"navigation\" data-gtm-custom-action=\"crossclick\" data-gtm-custom-label=\"Contextuel\" data-gtm-event=\"customEventSPE\" data-fig-domain=\"LEFIGARO\">Liverpool<\/a>\u00a0ce lundi 26 mai, lors de la parade de victoire du club de football de la ville, a annonc\u00e9 la police britannique dans un communiqu\u00e9. Le club de football c\u00e9l\u00e9brait sa victoire en\u00a0<a href=\"http:\/\/www.lefigaro.fr\/sports\/football\/angleterre\/premier-league-manchester-city-chelsea-et-newcastle-decrochent-leur-billet-pour-la-ligue-des-champions-20250525\" target=\"_blank\" data-fig-type=\"NewsFlash\" rel=\"noopener nofollow\" data-gtm-custom-categorie=\"navigation\" data-gtm-custom-action=\"crossclick\" data-gtm-custom-label=\"Contextuel\" data-gtm-event=\"customEventSPE\" data-fig-domain=\"LEFIGARO\">Premier League<\/a>, lors d\u2019un d\u00e9fil\u00e9 ayant d\u00e9but\u00e9 \u00e0 14h30 heure fran\u00e7aise.<\/p>\n<p class=\"fig-paragraph\">La police a indiqu\u00e9 avoir \u00e9t\u00e9 contact\u00e9e peu apr\u00e8s 19h heure fran\u00e7aise \u00ab\u00e0 la suite d\u2019informations faisant \u00e9tat d\u2019une collision entre une voiture et un certain nombre de pi\u00e9tons\u00bb dans le centre de la ville. Un homme a \u00e9t\u00e9 arr\u00eat\u00e9, selon la police. Il serait \u00e2g\u00e9 de 53 ans, d\u2019apr\u00e8s des informations pr\u00e9liminaires.<\/p>\n<p class=\"fig-paragraph\">Le premier ministre Keir Starmer a d\u00e9crit une sc\u00e8ne \u00ab\u00e9pouvantable\u00bb et indiqu\u00e9 dans un communiqu\u00e9 que \u00abses pens\u00e9es allaient aux personnes bless\u00e9es\u00bb. \u00abJe veux remercier la police et les services d\u2019urgence (&#8230;) Je suis mis au courant des derni\u00e8res \u00e9volutions\u00bb.<\/p>\n<p>    Une photo a\u00e9rienne montrant le lieu des faits.<br \/>\n                DARREN STAPLES \/ AFP<\/p>\n<p>Un v\u00e9hicule noir monospace<\/p>\n<p class=\"fig-paragraph\">Sur des images diffus\u00e9es sur les r\u00e9seaux sociaux, l\u2019on peut voir un v\u00e9hicule noir de type monospace foncer dans la foule, renversant de tr\u00e8s nombreuses personnes sur son passage. Le v\u00e9hicule, qui ne semble pas ralentir, effectue des zigzags lors de sa course folle, avant de se stopper net et d\u2019\u00eatre encercl\u00e9 par des dizaines de supporters du club ainsi que des\u00a0<a href=\"http:\/\/www.lefigaro.fr\/nantes\/nantes-alors-qu-ils-venaient-interrompre-une-rixe-des-policiers-municipaux-pris-a-partie-20250526\" target=\"_blank\" data-fig-type=\"NewsFlash\" rel=\"noopener nofollow\" data-gtm-custom-categorie=\"navigation\" data-gtm-custom-action=\"crossclick\" data-gtm-custom-label=\"Contextuel\" data-gtm-event=\"customEventSPE\" data-fig-domain=\"LEFIGARO\">policiers<\/a>.<\/p>\n<p class=\"fig-paragraph\">Un porte-parole des services ambulanciers a indiqu\u00e9 que la \u00abpriorit\u00e9 \u00e9tait de garantir aux (victimes) l\u2019aide m\u00e9dicale dont (elles) ont besoin aussi rapidement que possible\u00bb. De nombreuses ambulances ont \u00e9t\u00e9 d\u00e9ploy\u00e9es ainsi qu\u2019un h\u00e9licopt\u00e8re. Un p\u00e9rim\u00e8tre de s\u00e9curit\u00e9 a \u00e9t\u00e9 mis en place par la police.<\/p>\n<p>\u00abC\u2019\u00e9tait horrible\u00bb<\/p>\n<p class=\"fig-paragraph\">Aupr\u00e8s du m\u00e9dia britannique Telegraph, Mo Adass, propri\u00e9taire d\u2019une boutique de tailleur, a d\u00e9clar\u00e9: \u00abJ\u2019esp\u00e8re que tout le monde va bien. La voiture a \u00e9t\u00e9 arr\u00eat\u00e9e. Le Liverpool FC \u00e9tait partout en ville. Il y a eu tellement de monde, vous n\u2019imaginez pas \u00e0 quel point. Je surveille la situation depuis ma cam\u00e9ra de surveillance \u00e0 l\u2019ext\u00e9rieur du magasin.\u00bb\u00a0<\/p>\n<p class=\"fig-paragraph\">Un autre t\u00e9moin interrog\u00e9 par\u00a0Sky News\u00a0raconte avoir \u00abvu la voiture renverser des gens. (Les supporters) ont ensuite couru vers le v\u00e9hicule pour casser les vitres. On entendait des cris, et encore des cris. C\u2019\u00e9tait horrible.\u00bb<\/p>\n<p>    Un policier hurle aux personnes pr\u00e9sentes de s\u2019\u00e9carter du lieu des faits.<br \/>\n                DARREN STAPLES \/ AFP<\/p>\n<p class=\"fig-paragraph\">Le Liverpool FC organisait un d\u00e9fil\u00e9 pour c\u00e9l\u00e9brer son triomphe en Premier League, avec des supporters pr\u00e9sents en masse tout au long du parcours de la parade.<\/p>\n","protected":false},"excerpt":{"rendered":"\u00a0\u00bb data-script=\u00a0\u00bbhttps:\/\/static.lefigaro.fr\/widget-video\/short-ttl\/video\/index.js\u00a0\u00bb &gt; Le club de football c\u00e9l\u00e9brait sa victoire en Premier League, \u00e0 Liverpool, lors d\u2019un d\u00e9fil\u00e9&hellip;\n","protected":false},"author":2,"featured_media":129988,"comment_status":"","ping_status":"","sticky":false,"template":"","format":"standard","meta":{"footnotes":""},"categories":[2],"tags":[259,11,260,1011,27,14,261,12,262,473],"class_list":{"0":"post-129987","1":"post","2":"type-post","3":"status-publish","4":"format-standard","5":"has-post-thumbnail","7":"category-actualites","8":"tag-actualite-internationale","9":"tag-actualites","10":"tag-affaires-etrangeres","11":"tag-fr","12":"tag-france","13":"tag-international","14":"tag-ministere-des-affaires-etrangeres","15":"tag-news","16":"tag-politique-etrangere","17":"tag-royaume-uni"},"share_on_mastodon":{"url":"https:\/\/pubeurope.com\/@fr\/114575754104548786","error":""},"_links":{"self":[{"href":"https:\/\/www.europesays.com\/fr\/wp-json\/wp\/v2\/posts\/129987","targetHints":{"allow":["GET"]}}],"collection":[{"href":"https:\/\/www.europesays.com\/fr\/wp-json\/wp\/v2\/posts"}],"about":[{"href":"https:\/\/www.europesays.com\/fr\/wp-json\/wp\/v2\/types\/post"}],"author":[{"embeddable":true,"href":"https:\/\/www.europesays.com\/fr\/wp-json\/wp\/v2\/users\/2"}],"replies":[{"embeddable":true,"href":"https:\/\/www.europesays.com\/fr\/wp-json\/wp\/v2\/comments?post=129987"}],"version-history":[{"count":0,"href":"https:\/\/www.europesays.com\/fr\/wp-json\/wp\/v2\/posts\/129987\/revisions"}],"wp:featuredmedia":[{"embeddable":true,"href":"https:\/\/www.europesays.com\/fr\/wp-json\/wp\/v2\/media\/129988"}],"wp:attachment":[{"href":"https:\/\/www.europesays.com\/fr\/wp-json\/wp\/v2\/media?parent=129987"}],"wp:term":[{"taxonomy":"category","embeddable":true,"href":"https:\/\/www.europesays.com\/fr\/wp-json\/wp\/v2\/categories?post=129987"},{"taxonomy":"post_tag","embeddable":true,"href":"https:\/\/www.europesays.com\/fr\/wp-json\/wp\/v2\/tags?post=129987"}],"curies":[{"name":"wp","href":"https:\/\/api.w.org\/{rel}","templated":true}]}}