{"id":129989,"date":"2025-05-26T19:20:09","date_gmt":"2025-05-26T19:20:09","guid":{"rendered":"https:\/\/www.europesays.com\/fr\/129989\/"},"modified":"2025-05-26T19:20:09","modified_gmt":"2025-05-26T19:20:09","slug":"loire-interpelle-apres-avoir-outrage-des-agents-de-la-police-municipale-de-saint-chamond","status":"publish","type":"post","link":"https:\/\/www.europesays.com\/fr\/129989\/","title":{"rendered":"Loire. Interpell\u00e9 apr\u00e8s avoir outrag\u00e9 des agents de la police municipale de Saint-Chamond"},"content":{"rendered":"<p>Tout d\u00e9marre par un diff\u00e9rend entre plusieurs jeunes et des agents de la police municipale de Saint-Chamond, cours du Dauphin\u00e9 dans le quartier de Fonsala \u00e0 Saint-Chamond. Les membres du groupe vont aller jusqu\u2019\u00e0 outrager ces personnes d\u00e9positaires de l\u2019autorit\u00e9 publique.<\/p>\n<p>\u00c0 leur arriv\u00e9e sur place, les personnels de la police nationale et de la police municipale de la circonscription du Gier rep\u00e8rent plusieurs individus en train de prendre la fuite \u00e0 pied, mais parviennent finalement \u00e0 en interpeller un. \u00c2g\u00e9 de 20 ans, ce dernier a \u00e9t\u00e9 plac\u00e9 en garde \u00e0 vue. \u00c0 l\u2019issue, il s\u2019est vu notifier une convocation devant le tribunal correctionnel de Saint-Etienne au cours des prochaines semaines.<\/p>\n","protected":false},"excerpt":{"rendered":"Tout d\u00e9marre par un diff\u00e9rend entre plusieurs jeunes et des agents de la police municipale de Saint-Chamond, cours&hellip;\n","protected":false},"author":2,"featured_media":129990,"comment_status":"","ping_status":"","sticky":false,"template":"","format":"standard","meta":{"footnotes":""},"categories":[9653],"tags":[1111,11,2430,271,272,7539,1777,674,274,1011,27,3367,12,25,9669,9670,4001],"class_list":{"0":"post-129989","1":"post","2":"type-post","3":"status-publish","4":"format-standard","5":"has-post-thumbnail","7":"category-saint-etienne","8":"tag-actu","9":"tag-actualites","10":"tag-auvergne-rhone-alpes","11":"tag-crime","12":"tag-delit-et-contravention","13":"tag-edition-loire-sud","14":"tag-eu","15":"tag-europe","16":"tag-faits-divers-justice","17":"tag-fr","18":"tag-france","19":"tag-loire","20":"tag-news","21":"tag-republique-francaise","22":"tag-saint-chamond","23":"tag-saint-chamond-ville","24":"tag-saint-etienne"},"share_on_mastodon":{"url":"https:\/\/pubeurope.com\/@fr\/114575757999574031","error":""},"_links":{"self":[{"href":"https:\/\/www.europesays.com\/fr\/wp-json\/wp\/v2\/posts\/129989","targetHints":{"allow":["GET"]}}],"collection":[{"href":"https:\/\/www.europesays.com\/fr\/wp-json\/wp\/v2\/posts"}],"about":[{"href":"https:\/\/www.europesays.com\/fr\/wp-json\/wp\/v2\/types\/post"}],"author":[{"embeddable":true,"href":"https:\/\/www.europesays.com\/fr\/wp-json\/wp\/v2\/users\/2"}],"replies":[{"embeddable":true,"href":"https:\/\/www.europesays.com\/fr\/wp-json\/wp\/v2\/comments?post=129989"}],"version-history":[{"count":0,"href":"https:\/\/www.europesays.com\/fr\/wp-json\/wp\/v2\/posts\/129989\/revisions"}],"wp:featuredmedia":[{"embeddable":true,"href":"https:\/\/www.europesays.com\/fr\/wp-json\/wp\/v2\/media\/129990"}],"wp:attachment":[{"href":"https:\/\/www.europesays.com\/fr\/wp-json\/wp\/v2\/media?parent=129989"}],"wp:term":[{"taxonomy":"category","embeddable":true,"href":"https:\/\/www.europesays.com\/fr\/wp-json\/wp\/v2\/categories?post=129989"},{"taxonomy":"post_tag","embeddable":true,"href":"https:\/\/www.europesays.com\/fr\/wp-json\/wp\/v2\/tags?post=129989"}],"curies":[{"name":"wp","href":"https:\/\/api.w.org\/{rel}","templated":true}]}}