{"id":12999,"date":"2025-04-09T15:56:56","date_gmt":"2025-04-09T15:56:56","guid":{"rendered":"https:\/\/www.europesays.com\/fr\/12999\/"},"modified":"2025-04-09T15:56:56","modified_gmt":"2025-04-09T15:56:56","slug":"les-mediatheques-seront-100-gratuites-des-2026","status":"publish","type":"post","link":"https:\/\/www.europesays.com\/fr\/12999\/","title":{"rendered":"les m\u00e9diath\u00e8ques seront 100% gratuites d\u00e8s 2026"},"content":{"rendered":"<p>    <img loading=\"lazy\" width=\"1800\" height=\"900\" src=\"https:\/\/www.europesays.com\/fr\/wp-content\/uploads\/2025\/04\/jeanne-callthepolice.jpg\" class=\"attachment-full size-full\" alt=\"\" id=\"imageLove\" decoding=\"async\"  \/><\/p>\n<p id=\"breadcrumbs\"><a href=\"https:\/\/pokaa.fr\/\" target=\"_blank\" rel=\"noopener\">Accueil<\/a> \/ <a href=\"https:\/\/pokaa.fr\/categories\/actu\/\" target=\"_blank\" rel=\"noopener\">Info locale<\/a> \/ Eurom\u00e9tropole de Strasbourg : les m\u00e9diath\u00e8ques seront 100% gratuites d\u00e8s 2026<\/p>\n<p>                    Info locale<\/p>\n<p class=\"p1\"><b>D\u00e8s le 1er janvier 2026, l\u2019acc\u00e8s aux 33 m\u00e9diath\u00e8ques et biblioth\u00e8ques de l\u2019Eurom\u00e9tropole (qui fonctionnent avec la carte Pass\u2019relle) sera enti\u00e8rement gratuit. Une d\u00e9cision vot\u00e9e le 28 mars dernier, et qui compte bien faire perdurer l\u2019esprit de Strasbourg Capitale mondiale du livre.<\/b><\/p>\n<p class=\"p1\">Si Strasbourg Capitale mondiale du livre s\u2019ach\u00e8ve bient\u00f4t, l\u2019Eurom\u00e9tropole compte bien perp\u00e9tuer son esprit, en menant notamment\u00a0<b> \u00ab une politique publique ambitieuse en faveur de l\u2019acc\u00e8s au livre et \u00e0 la lecture pour toutes et tous \u00bb<\/b>,\u00a0selon Jeanne Barseghian.<\/p>\n<p>                <a href=\"https:\/\/pokaa.fr\/2025\/03\/28\/a-strasbourg-12-evenements-gratuits-vont-fermer-le-chapitre-capitale-mondiale-du-livre\/\" target=\"_blank\" rel=\"noopener\"><br \/>\n                    <img width=\"450\" height=\"270\" src=\"https:\/\/www.europesays.com\/fr\/wp-content\/uploads\/2025\/04\/maillon5-450x270.png\" class=\"attachment-card-horizontal--same-subject size-card-horizontal--same-subject wp-post-image\" alt=\"\" decoding=\"async\" loading=\"lazy\"\/>                <\/a><\/p>\n<p>Un message social caract\u00e9ristique de cet \u00e9v\u00e9nement,<b> qui a touch\u00e9 14 186 \u00e9l\u00e8ves gr\u00e2ce \u00e0 des projets autour du livre ou de la lecture, avec notamment des livres envoy\u00e9s par centaines \u00e0 chaque \u00e9cole primaire ou \u00e9l\u00e9mentaire<\/b>.<\/p>\n<p>Pour ne pas que la f\u00eate s\u2019arr\u00eate \u00e0 la cl\u00f4ture de l\u2019\u00e9v\u00e9nement pr\u00e9vue le 16 avril prochain, l\u2019Eurom\u00e9tropole a d\u00e9cid\u00e9 de rendre gratuit l\u2019acc\u00e8s aux 33 m\u00e9diath\u00e8ques du territoire.<\/p>\n<p>    <img width=\"800\" height=\"600\" src=\"https:\/\/www.europesays.com\/fr\/wp-content\/uploads\/2025\/04\/immersion-quartier-neudorf-pokaa12.jpg\" class=\"attachment-image-size-L size-image-size-L\" alt=\"neudorf m\u00e9diath\u00e8que rivetoile Andr\u00e9 Malraux\" decoding=\"async\" loading=\"lazy\"  \/>         \u00a9 Nicolas Kaspar \/ Pokaa <\/p>\n<p>                <img width=\"375\" height=\"500\" src=\"https:\/\/www.europesays.com\/fr\/wp-content\/uploads\/2025\/04\/image00028-375x500.jpeg\" class=\"attachment-gallery size-gallery\" alt=\"Bibliobus M\u00e9diath\u00e8que de la ville de Strasbourg\" data-full-url=\"https:\/\/pokaa.fr\/wp-content\/uploads\/2024\/02\/07\/image00028.jpeg\" decoding=\"async\" loading=\"lazy\"  \/>            <\/p>\n<p>                <img width=\"667\" height=\"500\" src=\"https:\/\/www.europesays.com\/fr\/wp-content\/uploads\/2025\/04\/img-4057-667x500.jpg\" class=\"attachment-gallery size-gallery\" alt=\"M\u00e9diath\u00e8que Frida Kahlo Schiltigheim\" data-full-url=\"https:\/\/pokaa.fr\/wp-content\/uploads\/2024\/01\/05\/img-4057-1500x1125.jpg\" decoding=\"async\" loading=\"lazy\"  \/>            <\/p>\n<p>                    1. \u00a9 Bastien Pietronave \/ Pokaa ; 2. \u00a9 Nicolas Kaspar \/ Pokaa<\/p>\n<p>Les m\u00e9diath\u00e8ques gratuites \u00e0 partir du 1er janvier 2026<\/p>\n<p class=\"p1\">Le 28 mars dernier, <b>les \u00e9lu(e)s du conseil de l\u2019Eurom\u00e9tropole ont en effet vot\u00e9 en faveur de la gratuit\u00e9 de la carte Pass\u2019relle \u00e0 partir du 1er janvier 2026<\/b>. Cette carte permet, pour un an, d\u2019emprunter dans les 33 biblioth\u00e8ques et m\u00e9diath\u00e8ques des communes membres de son r\u00e9seau, dans tout le territoire eurom\u00e9tropolitain. <b>Un vote qui a rassembl\u00e9 tr\u00e8s largement, puisqu\u2019il a \u00e9t\u00e9 vot\u00e9 \u00e0 77 voix pour, 2 voix contre et 4 abstentions<\/b>.<\/p>\n<blockquote><p>\n        La culture n\u2019est pas une d\u00e9pense, c\u2019est un investissement.    <\/p><\/blockquote>\n<p>            Pia Imbs, pr\u00e9sidente de l&rsquo;Eurom\u00e9tropole<\/p>\n<p><b>Pour les Strasbourgeois(es), les huit m\u00e9diath\u00e8ques de la ville seront donc compl\u00e8tement gratuites \u00e0 l\u2019emprunt<\/b>. Une d\u00e9cision on ne peut plus actuelle selon Jeanne Barseghian, qui estime que \u00ab l\u2019acc\u00e8s aux livres et \u00e0 l\u2019information est une question culturelle, sociale et d\u00e9mocratique \u00bb. Une bonne nouvelle pour les habitant(e)s du territoire, pour l\u2019acc\u00e8s \u00e0 la culture, et plus globalement pour Strasbourg et ses alentours.<\/p>\n","protected":false},"excerpt":{"rendered":"Accueil \/ Info locale \/ Eurom\u00e9tropole de Strasbourg : les m\u00e9diath\u00e8ques seront 100% gratuites d\u00e8s 2026 Info locale&hellip;\n","protected":false},"author":2,"featured_media":13000,"comment_status":"","ping_status":"","sticky":false,"template":"","format":"standard","meta":{"footnotes":""},"categories":[2820],"tags":[1111,11,1777,674,1011,27,775,1380,5916,12,25,640],"class_list":{"0":"post-12999","1":"post","2":"type-post","3":"status-publish","4":"format-standard","5":"has-post-thumbnail","7":"category-strasbourg","8":"tag-actu","9":"tag-actualites","10":"tag-eu","11":"tag-europe","12":"tag-fr","13":"tag-france","14":"tag-grand-est","15":"tag-livres","16":"tag-mediatheques","17":"tag-news","18":"tag-republique-francaise","19":"tag-strasbourg"},"share_on_mastodon":{"url":"https:\/\/pubeurope.com\/@fr\/114308831449092981","error":""},"_links":{"self":[{"href":"https:\/\/www.europesays.com\/fr\/wp-json\/wp\/v2\/posts\/12999","targetHints":{"allow":["GET"]}}],"collection":[{"href":"https:\/\/www.europesays.com\/fr\/wp-json\/wp\/v2\/posts"}],"about":[{"href":"https:\/\/www.europesays.com\/fr\/wp-json\/wp\/v2\/types\/post"}],"author":[{"embeddable":true,"href":"https:\/\/www.europesays.com\/fr\/wp-json\/wp\/v2\/users\/2"}],"replies":[{"embeddable":true,"href":"https:\/\/www.europesays.com\/fr\/wp-json\/wp\/v2\/comments?post=12999"}],"version-history":[{"count":0,"href":"https:\/\/www.europesays.com\/fr\/wp-json\/wp\/v2\/posts\/12999\/revisions"}],"wp:featuredmedia":[{"embeddable":true,"href":"https:\/\/www.europesays.com\/fr\/wp-json\/wp\/v2\/media\/13000"}],"wp:attachment":[{"href":"https:\/\/www.europesays.com\/fr\/wp-json\/wp\/v2\/media?parent=12999"}],"wp:term":[{"taxonomy":"category","embeddable":true,"href":"https:\/\/www.europesays.com\/fr\/wp-json\/wp\/v2\/categories?post=12999"},{"taxonomy":"post_tag","embeddable":true,"href":"https:\/\/www.europesays.com\/fr\/wp-json\/wp\/v2\/tags?post=12999"}],"curies":[{"name":"wp","href":"https:\/\/api.w.org\/{rel}","templated":true}]}}