{"id":129991,"date":"2025-05-26T19:21:10","date_gmt":"2025-05-26T19:21:10","guid":{"rendered":"https:\/\/www.europesays.com\/fr\/129991\/"},"modified":"2025-05-26T19:21:10","modified_gmt":"2025-05-26T19:21:10","slug":"les-vitrines-des-commercants-deviennent-galerie-dart","status":"publish","type":"post","link":"https:\/\/www.europesays.com\/fr\/129991\/","title":{"rendered":"les vitrines des commer\u00e7ants deviennent galerie d\u2019art"},"content":{"rendered":"<p>Rue Michelet, vingt-deux \u00e9tudiants de l\u2019\u00c9cole sup\u00e9rieure d\u2019art et de design de Saint-\u00c9tienne, membres de l\u2019association \u00e9tudiante Au D\u00e9tour, pr\u00e9sentent leurs \u0153uvres, offrant un parcours artistique au sein des boutiques partenaires. Chaque pi\u00e8ce diss\u00e9min\u00e9e dans l\u2019espace commercial invite \u00e0 la curiosit\u00e9.<\/p>\n<p>Parmi ces jeunes cr\u00e9ateurs, Julie Cl\u00e9ment, \u00e9tudiante en premi\u00e8re ann\u00e9e, expose dans la boutique de Sylvie Thiriez une \u0153uvre intitul\u00e9e Crystal , r\u00e9alis\u00e9e \u00e0 la suite d\u2019un stage r\u00e9v\u00e9lateur \u00e0 Lorient chez les ma\u00eetres&#8230;<\/p>\n","protected":false},"excerpt":{"rendered":"Rue Michelet, vingt-deux \u00e9tudiants de l\u2019\u00c9cole sup\u00e9rieure d\u2019art et de design de Saint-\u00c9tienne, membres de l\u2019association \u00e9tudiante Au&hellip;\n","protected":false},"author":2,"featured_media":129992,"comment_status":"","ping_status":"","sticky":false,"template":"","format":"standard","meta":{"footnotes":""},"categories":[9653],"tags":[1111,11,2430,1687,7539,1777,674,2271,1011,27,12,25,4001,7538],"class_list":{"0":"post-129991","1":"post","2":"type-post","3":"status-publish","4":"format-standard","5":"has-post-thumbnail","7":"category-saint-etienne","8":"tag-actu","9":"tag-actualites","10":"tag-auvergne-rhone-alpes","11":"tag-culture-loisirs","12":"tag-edition-loire-sud","13":"tag-eu","14":"tag-europe","15":"tag-exposition-arts-plastiques","16":"tag-fr","17":"tag-france","18":"tag-news","19":"tag-republique-francaise","20":"tag-saint-etienne","21":"tag-saint-etienne-ville"},"share_on_mastodon":{"url":"https:\/\/pubeurope.com\/@fr\/114575762061367252","error":""},"_links":{"self":[{"href":"https:\/\/www.europesays.com\/fr\/wp-json\/wp\/v2\/posts\/129991","targetHints":{"allow":["GET"]}}],"collection":[{"href":"https:\/\/www.europesays.com\/fr\/wp-json\/wp\/v2\/posts"}],"about":[{"href":"https:\/\/www.europesays.com\/fr\/wp-json\/wp\/v2\/types\/post"}],"author":[{"embeddable":true,"href":"https:\/\/www.europesays.com\/fr\/wp-json\/wp\/v2\/users\/2"}],"replies":[{"embeddable":true,"href":"https:\/\/www.europesays.com\/fr\/wp-json\/wp\/v2\/comments?post=129991"}],"version-history":[{"count":0,"href":"https:\/\/www.europesays.com\/fr\/wp-json\/wp\/v2\/posts\/129991\/revisions"}],"wp:featuredmedia":[{"embeddable":true,"href":"https:\/\/www.europesays.com\/fr\/wp-json\/wp\/v2\/media\/129992"}],"wp:attachment":[{"href":"https:\/\/www.europesays.com\/fr\/wp-json\/wp\/v2\/media?parent=129991"}],"wp:term":[{"taxonomy":"category","embeddable":true,"href":"https:\/\/www.europesays.com\/fr\/wp-json\/wp\/v2\/categories?post=129991"},{"taxonomy":"post_tag","embeddable":true,"href":"https:\/\/www.europesays.com\/fr\/wp-json\/wp\/v2\/tags?post=129991"}],"curies":[{"name":"wp","href":"https:\/\/api.w.org\/{rel}","templated":true}]}}