{"id":129995,"date":"2025-05-26T19:23:38","date_gmt":"2025-05-26T19:23:38","guid":{"rendered":"https:\/\/www.europesays.com\/fr\/129995\/"},"modified":"2025-05-26T19:23:38","modified_gmt":"2025-05-26T19:23:38","slug":"qui-part-qui-reste-qui-arrive-leffectif-sur-le-point-detre-completement-chamboule","status":"publish","type":"post","link":"https:\/\/www.europesays.com\/fr\/129995\/","title":{"rendered":"Qui part ? Qui reste ? Qui arrive ? L&rsquo;effectif sur le point d&rsquo;\u00eatre compl\u00e8tement chamboul\u00e9"},"content":{"rendered":"<p>&#13;<br \/>\n  Ils partent<\/p>\n<ul class=\"galerieContent carousel-wrapper__slides\" id=\"0551d571-5158-421a-afa5-cbd06d9ec2c6\">        &#13;<\/p>\n<li class=\"carousel-wrapper__slides--slide item\" id=\"slide-1\">&#13;<br \/>\n                                    &#13;<br \/>\n                        <a class=\"chocolat-image GA-tracking\" data-ga_type=\"click\" data-ga_category=\"D\u00e9tail\" data-ga_action=\"zoomer\" data-ga_label=\"aggrandir image\" href=\"https:\/\/cdn-s-www.estrepublicain.fr\/images\/7fb25e13-6e1f-4dd2-84f9-e0d4d77d393d\/NW_raw\/antony-labanca-apres-cinq-belles-saisons-sous-le-maillot-du-sluc-le-successeur-de-meredis-houmounou-dans-le-role-de-capitaine-a-choisi-de-ne-pas-aller-au-terme-de-son-contrat-il-va-rejoindre-la-jl-bourg-photo-cedric-jacquot-1746216831.jpg\" title=\"ANTONY LABANCA. Apr\u00e8s cinq belles saisons sous le maillot du SLUC, le successeur de M\u00e9r\u00e9dis Houmounou dans le r\u00f4le de capitaine a choisi de ne pas aller au terme de son contrat. Il va rejoindre la JL Bourg.Photo C\u00e9dric Jacquot\u00a0\" target=\"_blank\" rel=\"noopener\">&#13;<br \/>\n                            <img decoding=\"async\" src=\"https:\/\/www.europesays.com\/fr\/wp-content\/uploads\/2025\/05\/antony-labanca-apres-cinq-belles-saisons-sous-le-maillot-du-sluc-le-successeur-de-meredis-houmounou-.jpeg\"   alt=\"ANTONY LABANCA. Apr\u00e8s cinq belles saisons sous le maillot du SLUC, le successeur de M\u00e9r\u00e9dis Houmounou dans le r\u00f4le de capitaine a choisi de ne pas aller au terme de son contrat. Il va rejoindre la JL Bourg.Photo C\u00e9dric Jacquot\u00a0\" fetchpriority=\"high\" data-mobile=\"NW_listA_M|1746216831\" data-base=\"NW_listA|1746216831\"\/>&#13;<br \/>\n                        <\/a>&#13;<\/p>\n<p><strong>ANTONY LABANCA.<\/strong> Apr\u00e8s cinq belles saisons sous le maillot du SLUC, le successeur de M\u00e9r\u00e9dis Houmounou dans le r\u00f4le de capitaine a choisi de ne pas aller au terme de son contrat. <a href=\"https:\/\/www.estrepublicain.fr\/sport\/2025\/05\/18\/comme-clement-frisch-(vitoria)-antony-labanca-va-quitter-le-sluc-nancy-pour-rejoindre-bourg-en-bresse\" target=\"_blank\" rel=\"noopener\">Il va rejoindre la JL Bourg<\/a>.<\/p>\n<p>Photo C\u00e9dric Jacquot\u00a0<\/p>\n<p>                        &#13;<br \/>\n                                           &#13;\n                <\/li>\n<p>&#13;<br \/>\n            &#13;<\/p>\n<li class=\"carousel-wrapper__slides--slide item slideWithPub\" id=\"slide-2\">&#13;<br \/>\n                        &#13;<br \/>\n                            <a class=\"chocolat-image\" title=\"Publicit\u00e9\" href=\"data:image\/gif;base64,R0lGODlhAQABAAD\/ACwAAAAAAQABAAACADs=\">&#13;<br \/>\n                                <img decoding=\"async\" src=\"data:image\/gif;base64,R0lGODlhAQABAAD\/ACwAAAAAAQABAAACADs=\" alt=\"Publicit\u00e9\" loading=\"lazy\" fetchpriority=\"low\"\/>&#13;<br \/>\n                            <\/a>&#13;<br \/>\n                        &#13;\n                    <\/li>\n<p>&#13;<\/p>\n<li class=\"carousel-wrapper__slides--slide item\" id=\"slide-3\">&#13;<br \/>\n                                    &#13;<br \/>\n                        <a class=\"chocolat-image GA-tracking\" data-ga_type=\"click\" data-ga_category=\"D\u00e9tail\" data-ga_action=\"zoomer\" data-ga_label=\"aggrandir image\" href=\"https:\/\/cdn-s-www.estrepublicain.fr\/images\/271aebf8-ea8d-400b-ad5c-5955ec0ff793\/NW_raw\/clement-frisch-son-eclosion-cette-saison-sous-le-maillot-de-nancy-a-attire-les-convoitises-arrive-au-sluc-en-2022-lui-aussi-etait-encore-sous-contrat-mais-il-disputera-l-euroleague-avec-le-club-espagnol-de-baskonia-vitoria-photo-cedric-jacquot-1747778306.jpg\" title=\"CLEMENT FRISCH. Son \u00e9closion cette saison sous le maillot de Nancy a attir\u00e9 les convoitises. Arriv\u00e9 au SLUC en 2022, lui aussi \u00e9tait encore sous contrat. Mais il disputera l&#039;Euroleague avec le club espagnol de Baskonia Vitoria.\u00a0Photo C\u00e9dric Jacquot\u00a0\" target=\"_blank\" rel=\"noopener\">&#13;<br \/>\n                            <img decoding=\"async\" src=\"https:\/\/www.europesays.com\/fr\/wp-content\/uploads\/2025\/05\/clement-frisch-son-eclosion-cette-saison-sous-le-maillot-de-nancy-a-attire-les-convoitises-arrive-au.jpeg\"   alt=\"CLEMENT FRISCH. Son \u00e9closion cette saison sous le maillot de Nancy a attir\u00e9 les convoitises. Arriv\u00e9 au SLUC en 2022, lui aussi \u00e9tait encore sous contrat. Mais il disputera l'Euroleague avec le club espagnol de Baskonia Vitoria.\u00a0Photo C\u00e9dric Jacquot\u00a0\" loading=\"lazy\" fetchpriority=\"low\" data-mobile=\"NW_listA_M|1747778306\" data-base=\"NW_listA|1747778306\"\/>&#13;<br \/>\n                        <\/a>&#13;<br \/>\n                        &#13;<br \/>\n                                           &#13;\n                <\/li>\n<p>&#13;<br \/>\n            &#13;<\/p>\n<li class=\"carousel-wrapper__slides--slide item\" id=\"slide-4\">&#13;<br \/>\n                                    &#13;<br \/>\n                        <a class=\"chocolat-image GA-tracking\" data-ga_type=\"click\" data-ga_category=\"D\u00e9tail\" data-ga_action=\"zoomer\" data-ga_label=\"aggrandir image\" href=\"https:\/\/cdn-s-www.estrepublicain.fr\/images\/49c0bd99-a370-4f53-8e21-f824814250a0\/NW_raw\/jonathan-nebout-assistant-de-sylvain-lautie-depuis-2022-le-coach-vichyssois-va-devenir-celui-de-frederic-fauthoux-sur-le-banc-de-bourg-en-bresse-photo-cedric-jacquot-1743528486.jpg\" title=\"JONATHAN NEBOUT. Assistant de Sylvain Lauti\u00e9 depuis 2022, le coach vichyssois va devenir celui de Fr\u00e9d\u00e9ric Fauthoux, sur le banc de Bourg-en-Bresse.\u00a0Photo Cedric Jacquot\" target=\"_blank\" rel=\"noopener\">&#13;<br \/>\n                            <img decoding=\"async\" src=\"https:\/\/www.europesays.com\/fr\/wp-content\/uploads\/2025\/05\/jonathan-nebout-assistant-de-sylvain-lautie-depuis-2022-le-coach-vichyssois-va-devenir-celui-de-fred.jpeg\"   alt=\"JONATHAN NEBOUT. Assistant de Sylvain Lauti\u00e9 depuis 2022, le coach vichyssois va devenir celui de Fr\u00e9d\u00e9ric Fauthoux, sur le banc de Bourg-en-Bresse.\u00a0Photo Cedric Jacquot\" loading=\"lazy\" fetchpriority=\"low\" data-mobile=\"NW_listA_M|1743528486\" data-base=\"NW_listA|1743528486\"\/>&#13;<br \/>\n                        <\/a>&#13;<\/p>\n<p><strong>JONATHAN NEBOUT.<\/strong> Assistant de Sylvain Lauti\u00e9 depuis 2022, le coach vichyssois va devenir celui de Fr\u00e9d\u00e9ric Fauthoux, <a href=\"https:\/\/www.estrepublicain.fr\/sport\/2025\/04\/01\/sluc-nancy-jonathan-nebout-rejoindra-bourg-en-bresse-la-saison-prochaine\" target=\"_blank\" rel=\"noopener\">sur le banc de Bourg-en-Bresse<\/a>.\u00a0<\/p>\n<p>Photo Cedric Jacquot<\/p>\n<p>                        &#13;<br \/>\n                                           &#13;\n                <\/li>\n<p>&#13;<br \/>\n            &#13;\n                <\/ul>\n<p>&#13;<br \/>\n  Ils vont probablement partir<\/p>\n<ul class=\"galerieContent carousel-wrapper__slides\" id=\"cc4dfe43-acbf-42e6-b4c0-216ed46bedcf\">        &#13;<\/p>\n<li class=\"carousel-wrapper__slides--slide item\" id=\"slide-1\">&#13;<br \/>\n                                    &#13;<br \/>\n                        <a class=\"chocolat-image GA-tracking\" data-ga_type=\"click\" data-ga_category=\"D\u00e9tail\" data-ga_action=\"zoomer\" data-ga_label=\"aggrandir image\" href=\"https:\/\/cdn-s-www.estrepublicain.fr\/images\/1fe72379-93df-48ec-a35c-d657a87f68ef\/NW_raw\/chris-clemons-auteur-d-une-deuxieme-saison-nanceienne-moins-enlevee-le-meneur-us-desormais-titulaire-du-statut-de-joueur-cotonou-ne-sera-probablement-pas-conserve-par-le-sluc-photo-cedric-jacquot-1747776016.jpg\" title=\"CHRIS CLEMONS. Auteur d&#039;une deuxi\u00e8me saison nanc\u00e9ienne moins enlev\u00e9e, le meneur US d\u00e9sormais titulaire du statut de joueur Cotonou, ne sera probablement pas conserv\u00e9 par le SLUC.Photo C\u00e9dric Jacquot\" target=\"_blank\" rel=\"noopener\">&#13;<br \/>\n                            <img decoding=\"async\" src=\"https:\/\/www.europesays.com\/fr\/wp-content\/uploads\/2025\/05\/chris-clemons-auteur-d-une-deuxieme-saison-nanceienne-moins-enlevee-le-meneur-us-desormais-titulaire.jpeg\"   alt=\"CHRIS CLEMONS. Auteur d'une deuxi\u00e8me saison nanc\u00e9ienne moins enlev\u00e9e, le meneur US d\u00e9sormais titulaire du statut de joueur Cotonou, ne sera probablement pas conserv\u00e9 par le SLUC.Photo C\u00e9dric Jacquot\" fetchpriority=\"high\" data-mobile=\"NW_listA_M|1747776016\" data-base=\"NW_listA|1747776016\"\/>&#13;<br \/>\n                        <\/a>&#13;<br \/>\n                        &#13;<br \/>\n                                           &#13;\n                <\/li>\n<p>&#13;<br \/>\n            &#13;<\/p>\n<li class=\"carousel-wrapper__slides--slide item slideWithPub\" id=\"slide-2\">&#13;<br \/>\n                        &#13;<br \/>\n                            <a class=\"chocolat-image\" title=\"Publicit\u00e9\" href=\"data:image\/gif;base64,R0lGODlhAQABAAD\/ACwAAAAAAQABAAACADs=\">&#13;<br \/>\n                                <img decoding=\"async\" src=\"data:image\/gif;base64,R0lGODlhAQABAAD\/ACwAAAAAAQABAAACADs=\" alt=\"Publicit\u00e9\" loading=\"lazy\" fetchpriority=\"low\"\/>&#13;<br \/>\n                            <\/a>&#13;<br \/>\n                        &#13;\n                    <\/li>\n<p>&#13;<\/p>\n<li class=\"carousel-wrapper__slides--slide item\" id=\"slide-3\">&#13;<br \/>\n                                    &#13;<br \/>\n                        <a class=\"chocolat-image GA-tracking\" data-ga_type=\"click\" data-ga_category=\"D\u00e9tail\" data-ga_action=\"zoomer\" data-ga_label=\"aggrandir image\" href=\"https:\/\/cdn-s-www.estrepublicain.fr\/images\/d6ccce9c-d703-4c53-bfa5-d465947eb22f\/NW_raw\/isaiah-washington-on-ne-devrait-pas-revoir-non-plus-l-autre-americain-international-centrafricain-qui-etait-arrive-a-nancy-en-provenance-du-championnat-allemand-photo-alexandre-marchi-1747515716.jpg\" title=\"ISAIAH WASHINGTON. On ne devrait pas revoir non plus l&#039;autre Am\u00e9ricain, international centrafricain, qui \u00e9tait arriv\u00e9 \u00e0 Nancy en provenance du championnat allemand.Photo Alexandre Marchi\" target=\"_blank\" rel=\"noopener\">&#13;<br \/>\n                            <img decoding=\"async\" src=\"https:\/\/www.europesays.com\/fr\/wp-content\/uploads\/2025\/05\/isaiah-washington-on-ne-devrait-pas-revoir-non-plus-l-autre-americain-international-centrafricain-qu.jpeg\"   alt=\"ISAIAH WASHINGTON. On ne devrait pas revoir non plus l'autre Am\u00e9ricain, international centrafricain, qui \u00e9tait arriv\u00e9 \u00e0 Nancy en provenance du championnat allemand.Photo Alexandre Marchi\" loading=\"lazy\" fetchpriority=\"low\" data-mobile=\"NW_listA_M|1747515716\" data-base=\"NW_listA|1747515716\"\/>&#13;<br \/>\n                        <\/a>&#13;<\/p>\n<p><strong>ISAIAH WASHINGTON.<\/strong> On ne devrait pas revoir non plus l&rsquo;autre Am\u00e9ricain, <a href=\"https:\/\/www.estrepublicain.fr\/sport\/2024\/09\/25\/sluc-nancy-pourquoi-les-americains-chris-clemons-et-isaiah-washington-sont-devenus-centrafricains-cet-ete\" target=\"_blank\" rel=\"noopener\">international centrafricain<\/a>, qui \u00e9tait arriv\u00e9 \u00e0 Nancy en provenance du championnat allemand.<\/p>\n<p>Photo Alexandre Marchi<\/p>\n<p>                        &#13;<br \/>\n                                           &#13;\n                <\/li>\n<p>&#13;<br \/>\n            &#13;<\/p>\n<li class=\"carousel-wrapper__slides--slide item\" id=\"slide-4\">&#13;<br \/>\n                                    &#13;<br \/>\n                        <a class=\"chocolat-image GA-tracking\" data-ga_type=\"click\" data-ga_category=\"D\u00e9tail\" data-ga_action=\"zoomer\" data-ga_label=\"aggrandir image\" href=\"https:\/\/cdn-s-www.estrepublicain.fr\/images\/dd941b8b-6773-49cb-b1c2-5a7c554bbd8d\/NW_raw\/devin-oliver-arrive-a-nancy-fin-novembre-2024-devin-oliver-a-effectue-un-bout-de-chemin-relativement-discret-en-lorraine-son-depart-apparait-comme-une-evidence-cedric-jacquot-1747776016.jpg\" title=\"DEVIN OLIVER. Arriv\u00e9 \u00e0 Nancy fin novembre 2024, Devin Oliver a effectu\u00e9 un bout de chemin relativement discret en Lorraine. Son d\u00e9part apparait comme une \u00e9vidence.C\u00e9dric Jacquot\" target=\"_blank\" rel=\"noopener\">&#13;<br \/>\n                            <img decoding=\"async\" src=\"https:\/\/www.europesays.com\/fr\/wp-content\/uploads\/2025\/05\/devin-oliver-arrive-a-nancy-fin-novembre-2024-devin-oliver-a-effectue-un-bout-de-chemin-relativement.jpeg\"   alt=\"DEVIN OLIVER. Arriv\u00e9 \u00e0 Nancy fin novembre 2024, Devin Oliver a effectu\u00e9 un bout de chemin relativement discret en Lorraine. Son d\u00e9part apparait comme une \u00e9vidence.C\u00e9dric Jacquot\" loading=\"lazy\" fetchpriority=\"low\" data-mobile=\"NW_listA_M|1747776016\" data-base=\"NW_listA|1747776016\"\/>&#13;<br \/>\n                        <\/a>&#13;<\/p>\n<p><strong>DEVIN OLIVER.<\/strong> Arriv\u00e9 \u00e0 Nancy fin novembre 2024, Devin Oliver a effectu\u00e9 un bout de chemin relativement discret en Lorraine. Son d\u00e9part apparait comme une \u00e9vidence.<\/p>\n<p>C\u00e9dric Jacquot<\/p>\n<p>                        &#13;<br \/>\n                                           &#13;\n                <\/li>\n<p>&#13;<br \/>\n            &#13;<\/p>\n<li class=\"carousel-wrapper__slides--slide item\" id=\"slide-5\">&#13;<br \/>\n                                    &#13;<br \/>\n                        <a class=\"chocolat-image GA-tracking\" data-ga_type=\"click\" data-ga_category=\"D\u00e9tail\" data-ga_action=\"zoomer\" data-ga_label=\"aggrandir image\" href=\"https:\/\/cdn-s-www.estrepublicain.fr\/images\/54a39be4-4bc9-4119-becb-d475feda37c4\/NW_raw\/caleb-walker-joueur-cadre-du-sluc-depuis-2021-l-ailier-us-ne-sera-sans-doute-plus-dans-l-effectif-la-saison-prochaine-photo-alexandre-marchi-1745095894.jpg\" title=\"CALEB WALKER. Joueur cadre du SLUC depuis 2021, l&#039;ailier US ne sera sans doute plus dans l&#039;effectif la saison prochaine.Photo Alexandre Marchi\" target=\"_blank\" rel=\"noopener\">&#13;<br \/>\n                            <img decoding=\"async\" src=\"https:\/\/www.europesays.com\/fr\/wp-content\/uploads\/2025\/05\/caleb-walker-joueur-cadre-du-sluc-depuis-2021-l-ailier-us-ne-sera-sans-doute-plus-dans-l-effectif-la.jpeg\"   alt=\"CALEB WALKER. Joueur cadre du SLUC depuis 2021, l'ailier US ne sera sans doute plus dans l'effectif la saison prochaine.Photo Alexandre Marchi\" loading=\"lazy\" fetchpriority=\"low\" data-mobile=\"NW_listA_M|1745095894\" data-base=\"NW_listA|1745095894\"\/>&#13;<br \/>\n                        <\/a>&#13;<\/p>\n<p><strong>CALEB WALKER.<\/strong> Joueur cadre du SLUC depuis 2021, l&rsquo;ailier US ne sera sans doute plus dans l&rsquo;effectif la saison prochaine.<\/p>\n<p>Photo Alexandre Marchi<\/p>\n<p>                        &#13;<br \/>\n                                           &#13;\n                <\/li>\n<p>&#13;<br \/>\n            &#13;\n                <\/ul>\n<p>&#13;<br \/>\n  Ils pourraient rester&#8230; ou pas<\/p>\n<ul class=\"galerieContent carousel-wrapper__slides\" id=\"0ccecfa8-ba56-40dc-9efa-3909af59b57c\">        &#13;<\/p>\n<li class=\"carousel-wrapper__slides--slide item\" id=\"slide-1\">&#13;<br \/>\n                                    &#13;<br \/>\n                        <a class=\"chocolat-image GA-tracking\" data-ga_type=\"click\" data-ga_category=\"D\u00e9tail\" data-ga_action=\"zoomer\" data-ga_label=\"aggrandir image\" href=\"https:\/\/cdn-s-www.estrepublicain.fr\/images\/4362bb26-f7d0-4acd-98fc-8026cda2516a\/NW_raw\/marc-owen-fodzo-dada-le-jeune-neo-pro-du-sluc-devrait-faire-partie-des-plans-pour-la-saison-prochaine-photo-alexandre-marchi-1748250021.jpg\" title=\"MARC-OWEN FODZO-DADA. Le jeune n\u00e9o-pro du SLUC devrait faire partie des plans pour la saison prochaine.Photo Alexandre Marchi\" target=\"_blank\" rel=\"noopener\">&#13;<br \/>\n                            <img decoding=\"async\" src=\"https:\/\/www.europesays.com\/fr\/wp-content\/uploads\/2025\/05\/marc-owen-fodzo-dada-le-jeune-neo-pro-du-sluc-devrait-faire-partie-des-plans-pour-la-saison-prochain.jpeg\"   alt=\"MARC-OWEN FODZO-DADA. Le jeune n\u00e9o-pro du SLUC devrait faire partie des plans pour la saison prochaine.Photo Alexandre Marchi\" fetchpriority=\"high\" data-mobile=\"NW_listA_M|1748250021\" data-base=\"NW_listA|1748250021\"\/>&#13;<br \/>\n                        <\/a>&#13;<\/p>\n<p><strong>MARC-OWEN FODZO-DADA.<\/strong> Le jeune n\u00e9o-pro du SLUC devrait faire partie des plans pour la saison prochaine.<\/p>\n<p>Photo Alexandre Marchi<\/p>\n<p>                        &#13;<br \/>\n                                           &#13;\n                <\/li>\n<p>&#13;<br \/>\n            &#13;<\/p>\n<li class=\"carousel-wrapper__slides--slide item slideWithPub\" id=\"slide-2\">&#13;<br \/>\n                        &#13;<br \/>\n                            <a class=\"chocolat-image\" title=\"Publicit\u00e9\" href=\"data:image\/gif;base64,R0lGODlhAQABAAD\/ACwAAAAAAQABAAACADs=\">&#13;<br \/>\n                                <img decoding=\"async\" src=\"data:image\/gif;base64,R0lGODlhAQABAAD\/ACwAAAAAAQABAAACADs=\" alt=\"Publicit\u00e9\" loading=\"lazy\" fetchpriority=\"low\"\/>&#13;<br \/>\n                            <\/a>&#13;<br \/>\n                        &#13;\n                    <\/li>\n<p>&#13;<\/p>\n<li class=\"carousel-wrapper__slides--slide item\" id=\"slide-3\">&#13;<br \/>\n                                    &#13;<br \/>\n                        <a class=\"chocolat-image GA-tracking\" data-ga_type=\"click\" data-ga_category=\"D\u00e9tail\" data-ga_action=\"zoomer\" data-ga_label=\"aggrandir image\" href=\"https:\/\/cdn-s-www.estrepublicain.fr\/images\/f9ea5ae5-a027-44fb-be58-93d3f421d5fb\/NW_raw\/mohammad-amini-aux-derniere-nouvelles-le-jeune-joueur-iranien-serait-enclin-a-poursuivre-l-aventure-a-nancy-plutot-que-de-ceder-aux-sirenes-de-la-ncaa-photo-alexandre-marchi-1748250021.jpg\" title=\"MOHAMMAD AMINI. Aux derni\u00e8re nouvelles, le jeune joueur iranien serait enclin \u00e0 poursuivre l&#039;aventure \u00e0 Nancy, plut\u00f4t que de c\u00e9der aux sir\u00e8nes de la NCAA.\u00a0Photo Alexandre Marchi\" target=\"_blank\" rel=\"noopener\">&#13;<br \/>\n                            <img decoding=\"async\" src=\"https:\/\/www.europesays.com\/fr\/wp-content\/uploads\/2025\/05\/mohammad-amini-aux-derniere-nouvelles-le-jeune-joueur-iranien-serait-enclin-a-poursuivre-l-aventure-.jpeg\"   alt=\"MOHAMMAD AMINI. Aux derni\u00e8re nouvelles, le jeune joueur iranien serait enclin \u00e0 poursuivre l'aventure \u00e0 Nancy, plut\u00f4t que de c\u00e9der aux sir\u00e8nes de la NCAA.\u00a0Photo Alexandre Marchi\" loading=\"lazy\" fetchpriority=\"low\" data-mobile=\"NW_listA_M|1748250021\" data-base=\"NW_listA|1748250021\"\/>&#13;<br \/>\n                        <\/a>&#13;<br \/>\n                        &#13;<br \/>\n                                           &#13;\n                <\/li>\n<p>&#13;<br \/>\n            &#13;<\/p>\n<li class=\"carousel-wrapper__slides--slide item\" id=\"slide-4\">&#13;<br \/>\n                                    &#13;<br \/>\n                        <a class=\"chocolat-image GA-tracking\" data-ga_type=\"click\" data-ga_category=\"D\u00e9tail\" data-ga_action=\"zoomer\" data-ga_label=\"aggrandir image\" href=\"https:\/\/cdn-s-www.estrepublicain.fr\/images\/02a1fced-98cb-4b8e-8623-2155a78ad182\/NW_raw\/zacharie-perrin-auteur-d-une-deuxieme-partie-de-saison-plus-convaincante-le-franc-comtois-est-sous-contrat-avec-nancy-mais-il-pourrait-aussi-decider-de-changer-d-air-et-d-activer-sa-clause-photo-alexandre-marchi-1748250021.jpg\" title=\"ZACHARIE PERRIN. Auteur d&#039;une deuxi\u00e8me partie de saison plus convaincante, le Franc-Comtois est sous contrat avec Nancy. Mais il pourrait aussi d\u00e9cider de changer d&#039;air et d&#039;activer sa clause...Photo Alexandre Marchi\" target=\"_blank\" rel=\"noopener\">&#13;<br \/>\n                            <img decoding=\"async\" src=\"https:\/\/www.europesays.com\/fr\/wp-content\/uploads\/2025\/05\/zacharie-perrin-auteur-d-une-deuxieme-partie-de-saison-plus-convaincante-le-franc-comtois-est-sous-c.jpeg\"   alt=\"ZACHARIE PERRIN. Auteur d'une deuxi\u00e8me partie de saison plus convaincante, le Franc-Comtois est sous contrat avec Nancy. Mais il pourrait aussi d\u00e9cider de changer d'air et d'activer sa clause...Photo Alexandre Marchi\" loading=\"lazy\" fetchpriority=\"low\" data-mobile=\"NW_listA_M|1748250021\" data-base=\"NW_listA|1748250021\"\/>&#13;<br \/>\n                        <\/a>&#13;<\/p>\n<p><strong>ZACHARIE PERRIN.<\/strong> Auteur d&rsquo;une deuxi\u00e8me partie de saison plus convaincante, le Franc-Comtois est sous contrat avec Nancy. Mais il pourrait aussi d\u00e9cider de changer d&rsquo;air et d&rsquo;activer sa clause&#8230;<\/p>\n<p>Photo Alexandre Marchi<\/p>\n<p>                        &#13;<br \/>\n                                           &#13;\n                <\/li>\n<p>&#13;<br \/>\n            &#13;<\/p>\n<li class=\"carousel-wrapper__slides--slide item\" id=\"slide-5\">&#13;<br \/>\n                                    &#13;<br \/>\n                        <a class=\"chocolat-image GA-tracking\" data-ga_type=\"click\" data-ga_category=\"D\u00e9tail\" data-ga_action=\"zoomer\" data-ga_label=\"aggrandir image\" href=\"https:\/\/cdn-s-www.estrepublicain.fr\/images\/e1c72b52-b198-414d-9993-5cdf6093357b\/NW_raw\/shevon-thompson-un-grand-point-d-interrogation-le-pivot-jamaicain-est-sous-contrat-mais-la-superbe-saison-du-joueur-all-star-et-elu-dans-le-cinq-majeur-de-betclic-elite-va-forcement-lui-ouvrir-des-portes-il-a-jusque-fin-juin-pour-activer-sa-clause-de-depart-photo-alexandre-marchi-1744734828.jpg\" title=\"SHEVON THOMPSON. Un grand point d&#039;interrogation. Le pivot Jama\u00efcain est sous contrat. Mais la superbe saison du joueur all star et \u00e9lu dans le cinq majeur de Betclic Elite va forc\u00e9ment lui ouvrir des portes. Il a jusque fin juin pour activer sa clause de d\u00e9part...\u00a0Photo Alexandre Marchi\" target=\"_blank\" rel=\"noopener\">&#13;<br \/>\n                            <img decoding=\"async\" src=\"https:\/\/www.europesays.com\/fr\/wp-content\/uploads\/2025\/05\/shevon-thompson-un-grand-point-d-interrogation-le-pivot-jamaicain-est-sous-contrat-mais-la-superbe-s.jpeg\"   alt=\"SHEVON THOMPSON. Un grand point d'interrogation. Le pivot Jama\u00efcain est sous contrat. Mais la superbe saison du joueur all star et \u00e9lu dans le cinq majeur de Betclic Elite va forc\u00e9ment lui ouvrir des portes. Il a jusque fin juin pour activer sa clause de d\u00e9part...\u00a0Photo Alexandre Marchi\" loading=\"lazy\" fetchpriority=\"low\" data-mobile=\"NW_listA_M|1744734828\" data-base=\"NW_listA|1744734828\"\/>&#13;<br \/>\n                        <\/a>&#13;<\/p>\n<p><strong>SHEVON THOMPSON.<\/strong> Un grand point d&rsquo;interrogation. Le pivot Jama\u00efcain est sous contrat. Mais la superbe saison du joueur all star et \u00e9lu dans le cinq majeur de Betclic Elite va forc\u00e9ment lui ouvrir des portes. Il a jusque fin juin pour activer sa clause de d\u00e9part&#8230;\u00a0<\/p>\n<p>Photo Alexandre Marchi<\/p>\n<p>                        &#13;<br \/>\n                                           &#13;\n                <\/li>\n<p>&#13;<br \/>\n            &#13;\n                <\/ul>\n<p>&#13;<br \/>\n  Ils restent<\/p>\n<p>&#13;<br \/>\n  Ils arrivent<\/p>\n<ul class=\"galerieContent carousel-wrapper__slides\" id=\"f25c537a-a004-44e7-a9e0-ed30b8be3b8c\">        &#13;<\/p>\n<li class=\"carousel-wrapper__slides--slide item\" id=\"slide-1\">&#13;<br \/>\n                                    &#13;<br \/>\n                        <a class=\"chocolat-image GA-tracking\" data-ga_type=\"click\" data-ga_category=\"D\u00e9tail\" data-ga_action=\"zoomer\" data-ga_label=\"aggrandir image\" href=\"https:\/\/cdn-s-www.estrepublicain.fr\/images\/567e1fa4-193a-40f0-baff-e47e06b9b4aa\/NW_raw\/enzo-goudou-sinha-apres-avoir-defendu-les-couleurs-de-chalons-reims-cholet-saint-quentin-et-andorre-le-meneur-(26-ans)-est-de-retour-au-sluc-la-nouvelle-n-a-pas-encore-ete-confirmee-par-le-club-nanceien-mais-le-champion-de-france-espoirs-2017-sera-bien-de-retour-a-gentilly-photo-fred-marvaux-1732562977.jpg\" title=\"ENZO GOUDOU-SINHA. Apr\u00e8s avoir d\u00e9fendu les couleurs de Ch\u00e2lons-Reims, Cholet, Saint-Quentin et Andorre, le meneur (26 ans) est de retour au SLUC ! La nouvelle n&#039;a pas encore \u00e9t\u00e9 confirm\u00e9e par le club nanc\u00e9ien, mais le champion de France espoirs 2017 sera bien de retour \u00e0 Gentilly.Photo Fred Marvaux\" target=\"_blank\" rel=\"noopener\">&#13;<br \/>\n                            <img decoding=\"async\" src=\"https:\/\/www.europesays.com\/fr\/wp-content\/uploads\/2025\/05\/enzo-goudou-sinha-apres-avoir-defendu-les-couleurs-de-chalons-reims-cholet-saint-quentin-et-andorre-.jpeg\"   alt=\"ENZO GOUDOU-SINHA. Apr\u00e8s avoir d\u00e9fendu les couleurs de Ch\u00e2lons-Reims, Cholet, Saint-Quentin et Andorre, le meneur (26 ans) est de retour au SLUC ! La nouvelle n'a pas encore \u00e9t\u00e9 confirm\u00e9e par le club nanc\u00e9ien, mais le champion de France espoirs 2017 sera bien de retour \u00e0 Gentilly.Photo Fred Marvaux\" fetchpriority=\"high\" data-mobile=\"NW_listA_M|1732562977\" data-base=\"NW_listA|1743413192\"\/>&#13;<br \/>\n                        <\/a>&#13;<\/p>\n<p><strong>ENZO GOUDOU-SINHA.<\/strong> Apr\u00e8s avoir d\u00e9fendu les couleurs de Ch\u00e2lons-Reims, Cholet, Saint-Quentin et Andorre, <a href=\"https:\/\/www.estrepublicain.fr\/sport\/2025\/05\/19\/sluc-nancy-le-retour-d-enzo-goudou-sinha-dans-les-tuyaux\" target=\"_blank\" rel=\"noopener\">le meneur (26 ans) est de retour au SLUC<\/a> ! La nouvelle n&rsquo;a pas encore \u00e9t\u00e9 confirm\u00e9e par le club nanc\u00e9ien, mais le champion de France espoirs 2017 sera bien de retour \u00e0 Gentilly.<\/p>\n<p>Photo Fred Marvaux<\/p>\n<p>                        &#13;<br \/>\n                                           &#13;\n                <\/li>\n<p>&#13;<br \/>\n            &#13;<\/p>\n<li class=\"carousel-wrapper__slides--slide item slideWithPub\" id=\"slide-2\">&#13;<br \/>\n                        &#13;<br \/>\n                            <a class=\"chocolat-image\" title=\"Publicit\u00e9\" href=\"data:image\/gif;base64,R0lGODlhAQABAAD\/ACwAAAAAAQABAAACADs=\">&#13;<br \/>\n                                <img decoding=\"async\" src=\"data:image\/gif;base64,R0lGODlhAQABAAD\/ACwAAAAAAQABAAACADs=\" alt=\"Publicit\u00e9\" loading=\"lazy\" fetchpriority=\"low\"\/>&#13;<br \/>\n                            <\/a>&#13;<br \/>\n                        &#13;\n                    <\/li>\n<p>&#13;<\/p>\n<li class=\"carousel-wrapper__slides--slide item\" id=\"slide-3\">&#13;<br \/>\n                                    &#13;<br \/>\n                        <a class=\"chocolat-image GA-tracking\" data-ga_type=\"click\" data-ga_category=\"D\u00e9tail\" data-ga_action=\"zoomer\" data-ga_label=\"aggrandir image\" href=\"https:\/\/cdn-s-www.estrepublicain.fr\/images\/af4604a7-e637-46f6-b44e-b3f7131ea38d\/NW_raw\/kevin-marsillon-noleo-forme-a-cholet-ce-poste-4-de-23-ans-(2m)-a-effectue-une-saison-solide-avec-pau-lacq-orthez-en-pro-b-(9-points-6-4-rebonds-22-minutes)-sauf-rebondissement-il-integrera-l-effectif-nanceien-la-saison-prochaine-photo-thierry-larret-maxppp-1745339934.jpg\" title=\"KEVIN MARSILLON-NOLEO. Form\u00e9 \u00e0 Cholet, ce poste 4 de 23 ans (2m) a effectu\u00e9 une saison solide avec Pau-Lacq-Orthez, en Pro B (9 points ; 6,4 rebonds ; 22 minutes). Sauf rebondissement, il int\u00e9grera l&#039;effectif nanc\u00e9ien la saison prochaine.Photo Thierry Larret\/Maxppp.\u00a0\" target=\"_blank\" rel=\"noopener\">&#13;<br \/>\n                            <img decoding=\"async\" src=\"https:\/\/www.europesays.com\/fr\/wp-content\/uploads\/2025\/05\/kevin-marsillon-noleo-forme-a-cholet-ce-poste-4-de-23-ans-(2m)-a-effectue-une-saison-solide-avec-pau.jpeg\"   alt=\"KEVIN MARSILLON-NOLEO. Form\u00e9 \u00e0 Cholet, ce poste 4 de 23 ans (2m) a effectu\u00e9 une saison solide avec Pau-Lacq-Orthez, en Pro B (9 points ; 6,4 rebonds ; 22 minutes). Sauf rebondissement, il int\u00e9grera l'effectif nanc\u00e9ien la saison prochaine.Photo Thierry Larret\/Maxppp.\u00a0\" loading=\"lazy\" fetchpriority=\"low\" data-mobile=\"NW_listA_M|1745339934\" data-base=\"NW_listA|1745339934\"\/>&#13;<br \/>\n                        <\/a>&#13;<\/p>\n<p><strong>KEVIN MARSILLON-NOLEO.<\/strong> Form\u00e9 \u00e0 Cholet, ce poste 4 de 23 ans (2m) a effectu\u00e9 une saison solide avec Pau-Lacq-Orthez, en Pro B (9 points ; 6,4 rebonds ; 22 minutes). Sauf rebondissement, <a href=\"https:\/\/www.estrepublicain.fr\/sport\/2025\/05\/03\/le-sluc-nancy-lui-aussi-menace-par-l-exode-des-jeunes-joueurs-vers-les-universites-americaines\" target=\"_blank\" rel=\"noopener\">il int\u00e9grera l&rsquo;effectif nanc\u00e9ien la saison prochaine<\/a>.<\/p>\n<p>Photo Thierry Larret\/Maxppp.\u00a0<\/p>\n<p>                        &#13;<br \/>\n                                           &#13;\n                <\/li>\n<p>&#13;<br \/>\n            &#13;\n                <\/ul>\n","protected":false},"excerpt":{"rendered":"&#13; Ils partent &#13; &#13; &#13; &#13; &#13; &#13; ANTONY LABANCA. Apr\u00e8s cinq belles saisons sous le maillot&hellip;\n","protected":false},"author":2,"featured_media":129996,"comment_status":"","ping_status":"","sticky":false,"template":"","format":"standard","meta":{"footnotes":""},"categories":[9635],"tags":[1111,11,1791,1707,1706,1705,1777,674,107,1701,1795,1011,27,5325,9540,775,3457,1702,12,25,11567,517,1700],"class_list":{"0":"post-129995","1":"post","2":"type-post","3":"status-publish","4":"format-standard","5":"has-post-thumbnail","7":"category-nancy","8":"tag-actu","9":"tag-actualites","10":"tag-basket-ball","11":"tag-edition-luneville","12":"tag-edition-pont-a-mousson","13":"tag-edition-toul","14":"tag-eu","15":"tag-europe","16":"tag-fil-info","17":"tag-fil-info-sport","18":"tag-fil-web","19":"tag-fr","20":"tag-france","21":"tag-galerie-media","22":"tag-galerie-sport","23":"tag-grand-est","24":"tag-meurthe-et-moselle","25":"tag-nancy","26":"tag-news","27":"tag-republique-francaise","28":"tag-sluc","29":"tag-sport","30":"tag-sport-lorrain"},"share_on_mastodon":{"url":"https:\/\/pubeurope.com\/@fr\/114575770329164273","error":""},"_links":{"self":[{"href":"https:\/\/www.europesays.com\/fr\/wp-json\/wp\/v2\/posts\/129995","targetHints":{"allow":["GET"]}}],"collection":[{"href":"https:\/\/www.europesays.com\/fr\/wp-json\/wp\/v2\/posts"}],"about":[{"href":"https:\/\/www.europesays.com\/fr\/wp-json\/wp\/v2\/types\/post"}],"author":[{"embeddable":true,"href":"https:\/\/www.europesays.com\/fr\/wp-json\/wp\/v2\/users\/2"}],"replies":[{"embeddable":true,"href":"https:\/\/www.europesays.com\/fr\/wp-json\/wp\/v2\/comments?post=129995"}],"version-history":[{"count":0,"href":"https:\/\/www.europesays.com\/fr\/wp-json\/wp\/v2\/posts\/129995\/revisions"}],"wp:featuredmedia":[{"embeddable":true,"href":"https:\/\/www.europesays.com\/fr\/wp-json\/wp\/v2\/media\/129996"}],"wp:attachment":[{"href":"https:\/\/www.europesays.com\/fr\/wp-json\/wp\/v2\/media?parent=129995"}],"wp:term":[{"taxonomy":"category","embeddable":true,"href":"https:\/\/www.europesays.com\/fr\/wp-json\/wp\/v2\/categories?post=129995"},{"taxonomy":"post_tag","embeddable":true,"href":"https:\/\/www.europesays.com\/fr\/wp-json\/wp\/v2\/tags?post=129995"}],"curies":[{"name":"wp","href":"https:\/\/api.w.org\/{rel}","templated":true}]}}