{"id":129997,"date":"2025-05-26T19:24:10","date_gmt":"2025-05-26T19:24:10","guid":{"rendered":"https:\/\/www.europesays.com\/fr\/129997\/"},"modified":"2025-05-26T19:24:10","modified_gmt":"2025-05-26T19:24:10","slug":"voici-a-quoi-va-ressembler-le-port-des-oursinieres-pres-de-toulon","status":"publish","type":"post","link":"https:\/\/www.europesays.com\/fr\/129997\/","title":{"rendered":"Voici \u00e0 quoi va ressembler le port des Oursini\u00e8res pr\u00e8s de Toulon"},"content":{"rendered":"<p>\u00ab\u00a0Il s\u2019agit de redonner au site son caract\u00e8re proven\u00e7al. Pas de le transformer en un petit Saint-Tropez \u00ab\u00a0, annonce d\u2019embl\u00e9e Herv\u00e9 Stassinos, maire du Pradet. Une fa\u00e7on de rassurer les habitants avant d\u2019exposer le projet de requalification du port des Oursini\u00e8res, confi\u00e9 \u00e0 Vincent Guillermin, paysagiste concepteur (1).<\/p>\n<p>La pr\u00e9sentation, qui s\u2019est tenue devant une salle comble \u00e0 l\u2019Espace des arts, t\u00e9moigne de l\u2019int\u00e9r\u00eat des Prad\u00e9tans pour ce chantier d\u2019envergure.<\/p>\n<p>Une promenade pi\u00e9tonne pour un port plus agr\u00e9able<\/p>\n<p>L\u2019un des principaux moteurs du projet porte sur la n\u00e9cessit\u00e9 de \u00a0\u00bb s\u2019adapter au changement climatique\u00a0\u00bb. La digue actuelle, fragilis\u00e9e, \u00ab\u00a0doit \u00eatre reconstruite pour pr\u00e9venir les risques de submersion marine\u00a0\u00bb, assure Vincent Guillermin. Le projet pr\u00e9voit donc une modernisation des digues et quais, une s\u00e9curisation de la zone de baignade et une pacification du plan d\u2019eau.<\/p>\n<p>L\u2019ambition affich\u00e9e est aussi de rendre le port plus accueillant. La capitainerie \u2013 qui gardera son nom contrairement aux rumeurs qui circulent \u2013 sera d\u00e9plac\u00e9e pour \u00a0\u00bb rendre la mer \u00e0 la mer\u00a0\u00bb. Des \u00eelots de fra\u00eecheur et des zones ombrag\u00e9es verront le jour, ainsi qu\u2019une promenade pi\u00e9tonne s\u00e9curis\u00e9e et accessible \u00e0 tous.<\/p>\n<p>C\u00f4t\u00e9 stationnement, des espaces seront am\u00e9nag\u00e9s pour les v\u00e9los, les deux-roues, les v\u00e9hicules \u00e9lectriques et les personnes \u00e0 mobilit\u00e9 r\u00e9duite (PMR). En revanche, on annonce une perte d\u2019une dizaine de places. Une baisse justifi\u00e9e par \u00a0\u00bb la mise aux normes des emplacements. Les dimensions minimales d\u2019une place de parking sont de 5m de longueur et 2,30m de largeur. Actuellement, ce n\u2019est pas le cas et nous voulons rectifier la donne\u00a0\u00bb.<\/p>\n<p>Pr\u00e9server l\u2019identit\u00e9 du site<\/p>\n<p>Malgr\u00e9 les transformations, plusieurs \u00e9l\u00e9ments embl\u00e9matiques seront conserv\u00e9s: les 228 places pour bateaux, la cale de mise \u00e0 l\u2019eau, les terrains de p\u00e9tanque, l\u2019aire de car\u00e9nage, l\u2019acc\u00e8s PMR \u00e0 la plage et les festivit\u00e9s de la Saint-Pierre.<\/p>\n<p>Les travaux devraient commencer \u00a0\u00bb en septembre 2026 ou 2027&Prime;, indique le maire, pour une dur\u00e9e de deux ans. Ils seront suspendus pendant les mois d\u2019\u00e9t\u00e9.<\/p>\n<p>Le co\u00fbt total du projet s\u2019\u00e9l\u00e8ve \u00e0 12 millions d\u2019euros, financ\u00e9s \u00e0 parts \u00e9gales par la commune du Pradet et la M\u00e9tropole Toulon Provence M\u00e9diterran\u00e9e. \u00ab\u00a0Ce projet n\u2019est pas fig\u00e9, il peut encore \u00e9voluer\u00a0\u00bb, souligne Herv\u00e9 Stassinos. Certaines pistes doivent \u00eatre affin\u00e9es (lire ci-dessous). Les habitants qui le souhaitent sont invit\u00e9s \u00e0 faire part de leurs suggestions directement en mairie, avant que les d\u00e9cisions finales ne soient act\u00e9es \u00bb.<\/p>\n<p>1. L\u2019\u00e9quipe de ma\u00eetrise d\u2019\u0153uvre est compos\u00e9e de l\u2019agence Guillermin, Corinthe Ing\u00e9nierie, A &amp; TU, Enveo et Naturalia.<\/p>\n","protected":false},"excerpt":{"rendered":"\u00ab\u00a0Il s\u2019agit de redonner au site son caract\u00e8re proven\u00e7al. Pas de le transformer en un petit Saint-Tropez \u00ab\u00a0,&hellip;\n","protected":false},"author":2,"featured_media":129998,"comment_status":"","ping_status":"","sticky":false,"template":"","format":"standard","meta":{"footnotes":""},"categories":[9619],"tags":[1111,11,1777,674,1011,27,12,882,25,2310,3366],"class_list":{"0":"post-129997","1":"post","2":"type-post","3":"status-publish","4":"format-standard","5":"has-post-thumbnail","7":"category-toulon","8":"tag-actu","9":"tag-actualites","10":"tag-eu","11":"tag-europe","12":"tag-fr","13":"tag-france","14":"tag-news","15":"tag-provence-alpes-cote-dazur","16":"tag-republique-francaise","17":"tag-toulon","18":"tag-vie-locale"},"share_on_mastodon":{"url":"https:\/\/pubeurope.com\/@fr\/114575773732584014","error":""},"_links":{"self":[{"href":"https:\/\/www.europesays.com\/fr\/wp-json\/wp\/v2\/posts\/129997","targetHints":{"allow":["GET"]}}],"collection":[{"href":"https:\/\/www.europesays.com\/fr\/wp-json\/wp\/v2\/posts"}],"about":[{"href":"https:\/\/www.europesays.com\/fr\/wp-json\/wp\/v2\/types\/post"}],"author":[{"embeddable":true,"href":"https:\/\/www.europesays.com\/fr\/wp-json\/wp\/v2\/users\/2"}],"replies":[{"embeddable":true,"href":"https:\/\/www.europesays.com\/fr\/wp-json\/wp\/v2\/comments?post=129997"}],"version-history":[{"count":0,"href":"https:\/\/www.europesays.com\/fr\/wp-json\/wp\/v2\/posts\/129997\/revisions"}],"wp:featuredmedia":[{"embeddable":true,"href":"https:\/\/www.europesays.com\/fr\/wp-json\/wp\/v2\/media\/129998"}],"wp:attachment":[{"href":"https:\/\/www.europesays.com\/fr\/wp-json\/wp\/v2\/media?parent=129997"}],"wp:term":[{"taxonomy":"category","embeddable":true,"href":"https:\/\/www.europesays.com\/fr\/wp-json\/wp\/v2\/categories?post=129997"},{"taxonomy":"post_tag","embeddable":true,"href":"https:\/\/www.europesays.com\/fr\/wp-json\/wp\/v2\/tags?post=129997"}],"curies":[{"name":"wp","href":"https:\/\/api.w.org\/{rel}","templated":true}]}}