{"id":130000,"date":"2025-05-26T19:26:07","date_gmt":"2025-05-26T19:26:07","guid":{"rendered":"https:\/\/www.europesays.com\/fr\/130000\/"},"modified":"2025-05-26T19:26:07","modified_gmt":"2025-05-26T19:26:07","slug":"les-guinguettes-du-recif-font-leur-retour-au-parc-clemenceau","status":"publish","type":"post","link":"https:\/\/www.europesays.com\/fr\/130000\/","title":{"rendered":"les Guinguettes du R\u00e9cif font leur retour au parc Clemenceau"},"content":{"rendered":"<p>            Par<br \/>\n        <strong><br \/>\n            <a href=\"https:\/\/actu.fr\/auteur\/metropoop\" title=\"Consulter tous les articles de R\u00e9daction M\u00e9tropolitain\" rel=\"nofollow noopener\" target=\"_blank\">R\u00e9daction M\u00e9tropolitain<\/a><br \/>\n        <\/strong><\/p>\n<p>        Publi\u00e9 le<\/p>\n<p>            26 mai 2025 \u00e0 20h32        <\/p>\n<p>Apr\u00e8s trois \u00e9ditions <strong>au parc Clemenceau \u00e0 Montpellier<\/strong> depuis 2022 et deux annulations \u00e0 cause de la m\u00e9t\u00e9o l\u2019ann\u00e9e derni\u00e8re, <strong>les Guinguettes du R\u00e9cif<\/strong>\u00a0reviennent en 2025 sous la forme de <strong>cinq soir\u00e9es festives, ludiques et artistiques<\/strong>, tous les vendredis entre le 30 mai et le 27 juin de 18h \u00e0 22h.<\/p>\n<p class=\" wall-content\">Le R\u00e9cif est une association visant \u00e0 diffuser les id\u00e9es et les valeurs de l\u2019\u00c9ducation Populaire \u00e0 travers des actions culturelles, de la formation et de l\u2019accompagnement au projet. Implant\u00e9e dans les quartiers Clemenceau, Chaptal et Gambetta, leurs projets sont culturels, \u00e9ducatifs, citoyens, gratuits pour toutes et tous et prennent diff\u00e9rentes formes : les Vendredis Jeux tous les 3\u00e8me vendredi du mois, les Ateliers (des rencontres interg\u00e9n\u00e9rationnelles hebdomadaires autour d\u2019activit\u00e9s ludiques et culturelles, construites avec les participants) et enfin les Guinguettes.<\/p>\n<p class=\" wall-content\">Depuis six mois, les b\u00e9n\u00e9voles de l\u2019association s\u2019activent dans une d\u00e9marche participative avec les habitants du quartier \u00e0 construire les guinguettes qui composeront le village associatif dans le parc Clemenceau. Un village associatif compos\u00e9 de structures de l\u2019\u00c9ducation Populaire, du milieu culturel et de l\u2019animation engag\u00e9s pour sensibiliser \u00e0 des sujets de soci\u00e9t\u00e9 ainsi que promouvoir toutes formes de culture et de pratique. Sans oublier des espaces d\u2019animation avec des ateliers cr\u00e9atifs, des jeux en bois, des parcours th\u00e9matiques pour exp\u00e9rimenter et se rencontrer.<\/p>\n<p>    <a href=\"https:\/\/www.google.com\/maps\/embed?pb=!1m18!1m12!1m3!1d2889.1181289235633!2d3.869159475675816!3d43.604081955607!2m3!1f0!2f0!3f0!3m2!1i1024!2i768!4f13.1!3m3!1m2!1s0x12b6afae9301fa09%3A0x99f6bd23a47e0316!2sParc%20Clemenceau!5e0!3m2!1sfr!2sfr!4v1746546429707!5m2!1sfr!2sfr\" title=\"Ouvrie le lien\" rel=\"nofollow noopener\" target=\"_blank\">Cliquez ici pour visualiser le contenu<\/a><\/p>\n<p class=\" wall-content\">Ainsi, tous les vendredis entre le 30 mai et le 27 juin, de 18h \u00e0 22h, les Guinguettes du R\u00e9cif, seront l\u2019occasion de donner la part belle \u00e0 des talents \u00e9mergents et faire d\u00e9couvrir diff\u00e9rentes pratiques artistiques aux publics avec des artistes musicaux et visuels locaux.<\/p>\n<p>Vid\u00e9os : en ce moment sur Actu&gt; Vendredi 30 mai, 6 juin, 13 juin, 20 juin et 27 juin au Parc Clemenceau, 35 rue Balard, Montpellier. Accessible \u00e0 toutes et tous, gratuit. Plus d\u2019informations sur <a href=\"https:\/\/le-recif.fr\/\" rel=\"nofollow noopener\" target=\"_blank\">le-recif.fr<\/a>.<\/p>\n<p class=\" wall-content\">Suivez toute l\u2019actualit\u00e9 de vos villes et m\u00e9dias favoris en vous inscrivant \u00e0 <a href=\"https:\/\/moncompte.actu.fr\" title=\"D\u00e9couvez Mon Actu\" rel=\"nofollow noopener\" data-trk=\"{&quot;cta&quot;:{&quot;action&quot;:&quot;https:\\\/\\\/moncompte.actu.fr&quot;,&quot;category&quot;:&quot;mon compte&quot;,&quot;from&quot;:&quot;article footer&quot;,&quot;name&quot;:&quot;Mon actu&quot;,&quot;type&quot;:&quot;cta&quot;}}\" target=\"_blank\">Mon Actu<\/a>.<\/p>\n","protected":false},"excerpt":{"rendered":"Par R\u00e9daction M\u00e9tropolitain Publi\u00e9 le 26 mai 2025 \u00e0 20h32 Apr\u00e8s trois \u00e9ditions au parc Clemenceau \u00e0 Montpellier&hellip;\n","protected":false},"author":2,"featured_media":130001,"comment_status":"","ping_status":"","sticky":false,"template":"","format":"standard","meta":{"footnotes":""},"categories":[9599],"tags":[1111,11,1697,1777,674,1011,27,1652,2208,12,2680,25],"class_list":{"0":"post-130000","1":"post","2":"type-post","3":"status-publish","4":"format-standard","5":"has-post-thumbnail","7":"category-montpellier","8":"tag-actu","9":"tag-actualites","10":"tag-concert","11":"tag-eu","12":"tag-europe","13":"tag-fr","14":"tag-france","15":"tag-loisirs-culture","16":"tag-montpellier","17":"tag-news","18":"tag-occitanie","19":"tag-republique-francaise"},"share_on_mastodon":{"url":"https:\/\/pubeurope.com\/@fr\/114575781612418589","error":""},"_links":{"self":[{"href":"https:\/\/www.europesays.com\/fr\/wp-json\/wp\/v2\/posts\/130000","targetHints":{"allow":["GET"]}}],"collection":[{"href":"https:\/\/www.europesays.com\/fr\/wp-json\/wp\/v2\/posts"}],"about":[{"href":"https:\/\/www.europesays.com\/fr\/wp-json\/wp\/v2\/types\/post"}],"author":[{"embeddable":true,"href":"https:\/\/www.europesays.com\/fr\/wp-json\/wp\/v2\/users\/2"}],"replies":[{"embeddable":true,"href":"https:\/\/www.europesays.com\/fr\/wp-json\/wp\/v2\/comments?post=130000"}],"version-history":[{"count":0,"href":"https:\/\/www.europesays.com\/fr\/wp-json\/wp\/v2\/posts\/130000\/revisions"}],"wp:featuredmedia":[{"embeddable":true,"href":"https:\/\/www.europesays.com\/fr\/wp-json\/wp\/v2\/media\/130001"}],"wp:attachment":[{"href":"https:\/\/www.europesays.com\/fr\/wp-json\/wp\/v2\/media?parent=130000"}],"wp:term":[{"taxonomy":"category","embeddable":true,"href":"https:\/\/www.europesays.com\/fr\/wp-json\/wp\/v2\/categories?post=130000"},{"taxonomy":"post_tag","embeddable":true,"href":"https:\/\/www.europesays.com\/fr\/wp-json\/wp\/v2\/tags?post=130000"}],"curies":[{"name":"wp","href":"https:\/\/api.w.org\/{rel}","templated":true}]}}