{"id":130010,"date":"2025-05-26T19:33:18","date_gmt":"2025-05-26T19:33:18","guid":{"rendered":"https:\/\/www.europesays.com\/fr\/130010\/"},"modified":"2025-05-26T19:33:18","modified_gmt":"2025-05-26T19:33:18","slug":"un-automobiliste-tente-de-foncer-sur-la-foule-sur-un-lieu-de-fete-un-vigile-legerement-blesse","status":"publish","type":"post","link":"https:\/\/www.europesays.com\/fr\/130010\/","title":{"rendered":"un automobiliste tente de foncer sur la foule sur un lieu de f\u00eate, un vigile l\u00e9g\u00e8rement bless\u00e9"},"content":{"rendered":"<p>            Par<br \/>\n        <strong><br \/>\n            <a href=\"https:\/\/actu.fr\/auteur\/brian-legoff\" title=\"Consulter tous les articles de Brian Le Goff\" rel=\"nofollow noopener\" target=\"_blank\">Brian Le Goff<\/a><br \/>\n        <\/strong><\/p>\n<p>        Publi\u00e9 le<\/p>\n<p>            26 mai 2025 \u00e0 18h06        <\/p>\n<p>Les <strong>faits ont eu lieu en soir\u00e9e,<\/strong> dans la nuit du samedi 17 au dimanche 18 mai. Mais ils \u00e9taient <strong>rest\u00e9s inconnus jusque-l\u00e0.<\/strong> Ce soir-l\u00e0, alors que la f\u00eate bat son plein au Jardin Moderne, rue du Manoir de Servign\u00e9, dans la <strong>zone route de Lorient<\/strong> \u00e0 l\u2019ouest de Rennes, un homme a tent\u00e9 de forcer le passage avec son v\u00e9hicule, selon le t\u00e9moignage d\u2019un homme sur place, confirm\u00e9 par la <a href=\"https:\/\/actu.fr\/tag\/police\" rel=\"nofollow noopener\" target=\"_blank\">police<\/a> \u00e0 <a href=\"https:\/\/actu.fr\/rennes\/\" rel=\"nofollow noopener\" target=\"_blank\">actu Rennes<\/a>.<\/p>\n<p>\u00ab\u00a0Alcoolis\u00e9 et possiblement en situation de handicap\u00a0\u00bb<\/p>\n<p class=\" wall-content\">\u00ab\u00a0La personne \u00e9tait alcoolis\u00e9e\u00a0\u00bb, toujours selon la police. Avec son v\u00e9hicule, il a faiblement percut\u00e9 un <strong>vigile<\/strong>. Ce dernier a \u00e9t\u00e9 <strong>l\u00e9g\u00e8rement bless\u00e9.<\/strong> Son \u00e9tat n\u2019a pas n\u00e9cessit\u00e9 de transport \u00e0 l\u2019h\u00f4pital.<\/p>\n<p class=\" wall-content\">La personne mise en cause, \u00ab\u00a0possiblement en situation de handicap\u00a0\u00bb, a \u00e9t\u00e9 prise en charge par la police, mais, \u00ab\u00a0au regard de son handicap\u00a0\u00bb, n\u2019a toujours <strong>pas pu \u00eatre entendue<\/strong>.<\/p>\n<p class=\" wall-content\">Suivez toute l\u2019actualit\u00e9 de vos villes et m\u00e9dias favoris en vous inscrivant \u00e0 <a href=\"https:\/\/moncompte.actu.fr\" title=\"D\u00e9couvez Mon Actu\" rel=\"nofollow noopener\" data-trk=\"{&quot;cta&quot;:{&quot;action&quot;:&quot;https:\\\/\\\/moncompte.actu.fr&quot;,&quot;category&quot;:&quot;mon compte&quot;,&quot;from&quot;:&quot;article footer&quot;,&quot;name&quot;:&quot;Mon actu&quot;,&quot;type&quot;:&quot;cta&quot;}}\" target=\"_blank\">Mon Actu<\/a>.<\/p>\n","protected":false},"excerpt":{"rendered":"Par Brian Le Goff Publi\u00e9 le 26 mai 2025 \u00e0 18h06 Les faits ont eu lieu en soir\u00e9e,&hellip;\n","protected":false},"author":2,"featured_media":130011,"comment_status":"","ping_status":"","sticky":false,"template":"","format":"standard","meta":{"footnotes":""},"categories":[2821],"tags":[1111,11,646,829,1777,674,118,1011,27,12,1072,584,25],"class_list":{"0":"post-130010","1":"post","2":"type-post","3":"status-publish","4":"format-standard","5":"has-post-thumbnail","7":"category-rennes","8":"tag-actu","9":"tag-actualites","10":"tag-automobile","11":"tag-bretagne","12":"tag-eu","13":"tag-europe","14":"tag-faits-divers","15":"tag-fr","16":"tag-france","17":"tag-news","18":"tag-police","19":"tag-rennes","20":"tag-republique-francaise"},"share_on_mastodon":{"url":"https:\/\/pubeurope.com\/@fr\/114575809109663404","error":""},"_links":{"self":[{"href":"https:\/\/www.europesays.com\/fr\/wp-json\/wp\/v2\/posts\/130010","targetHints":{"allow":["GET"]}}],"collection":[{"href":"https:\/\/www.europesays.com\/fr\/wp-json\/wp\/v2\/posts"}],"about":[{"href":"https:\/\/www.europesays.com\/fr\/wp-json\/wp\/v2\/types\/post"}],"author":[{"embeddable":true,"href":"https:\/\/www.europesays.com\/fr\/wp-json\/wp\/v2\/users\/2"}],"replies":[{"embeddable":true,"href":"https:\/\/www.europesays.com\/fr\/wp-json\/wp\/v2\/comments?post=130010"}],"version-history":[{"count":0,"href":"https:\/\/www.europesays.com\/fr\/wp-json\/wp\/v2\/posts\/130010\/revisions"}],"wp:featuredmedia":[{"embeddable":true,"href":"https:\/\/www.europesays.com\/fr\/wp-json\/wp\/v2\/media\/130011"}],"wp:attachment":[{"href":"https:\/\/www.europesays.com\/fr\/wp-json\/wp\/v2\/media?parent=130010"}],"wp:term":[{"taxonomy":"category","embeddable":true,"href":"https:\/\/www.europesays.com\/fr\/wp-json\/wp\/v2\/categories?post=130010"},{"taxonomy":"post_tag","embeddable":true,"href":"https:\/\/www.europesays.com\/fr\/wp-json\/wp\/v2\/tags?post=130010"}],"curies":[{"name":"wp","href":"https:\/\/api.w.org\/{rel}","templated":true}]}}