{"id":130016,"date":"2025-05-26T19:36:13","date_gmt":"2025-05-26T19:36:13","guid":{"rendered":"https:\/\/www.europesays.com\/fr\/130016\/"},"modified":"2025-05-26T19:36:13","modified_gmt":"2025-05-26T19:36:13","slug":"mathieu-le-scornet-quitte-le-racing-club-de-strasbourg-alsasports","status":"publish","type":"post","link":"https:\/\/www.europesays.com\/fr\/130016\/","title":{"rendered":"Mathieu Le Scornet quitte le Racing Club de Strasbourg \u2014 Alsa&rsquo;Sports"},"content":{"rendered":"<p><strong>Mathieu Le Scornet a officiellement annonc\u00e9 samedi dernier son d\u00e9part du Racing Club de Strasbourg sur son compte X, qui marque la fin d\u2019un chapitre important dans sa carri\u00e8re en Alsace.<\/strong><\/p>\n<p>Son d\u00e9part \u00e9tait attendu depuis plusieurs mois. Mais c\u2019est avant-hier que Mathieu Le Scornet a officiellement annonc\u00e9 qu\u2019il quittait ses fonctions au Racing. \u00ab\u00a04 saisons de pur bonheur, du maintien \u00e0 l\u2019Europe, que de chemin parcouru\u00a0\u00bb, a-t-il \u00e9crit sur sur son compte X. Promu entra\u00eeneur principal en janvier 2023 apr\u00e8s le d\u00e9part soudain de Julien St\u00e9phan, Mathieu Le Scornet avait dirig\u00e9 l\u2019\u00e9quipe premi\u00e8re du Racing lors de 6 matches de Ligue 1. Durant ce court int\u00e9rim, il a obtenu un total de 7 points (1 victoire, 4 nuls, 1 d\u00e9faite). Son passage a permis au club de retrouver une dynamique stable, m\u00eame si la direction a finalement opt\u00e9 pour un entra\u00eeneur plus exp\u00e9riment\u00e9 pour la suite de la saison et la nomination de Fr\u00e9deric Antonetti pour venir sauver le Racing de la rel\u00e9gation.\u00a0<\/p>\n<p><strong>Des r\u00e9sultats positifs avec le groupe \u00e9lite\u00a0<\/strong><\/p>\n<p>Apr\u00e8s ce court int\u00e9rim, Mathieu Le Scornet retrouvait son r\u00f4le d\u2019adjoint, d\u2019abord aupr\u00e8s de Fr\u00e9d\u00e9ric Antonetti, puis de Patrick Vieira. Mais c\u2019est surtout \u00e0 la t\u00eate du groupe \u00e9lite qu\u2019il a laiss\u00e9 une empreinte durable. Cette structure, v\u00e9ritable passerelle entre le centre de formation et le groupe professionnel, a pour mission d\u2019accompagner individuellement les jeunes espoirs du club notamment vers l\u2019\u00e9quipe premi\u00e8re dirig\u00e9e par Liam Rosenior. Sous la houlette de Mathieu Le Scornet, une dizaine de jeunes joueurs ont b\u00e9n\u00e9fici\u00e9 d\u2019un suivi personnalis\u00e9, de s\u00e9ances sp\u00e9cifiques et de confrontations de haut niveau face \u00e0 des \u00e9quipes telles que celles de Nice, Monaco, Brentford ou encore Chelsea. Cette approche a permis \u00e0 plusieurs d\u2019entre eux de franchir un cap et de se rapprocher du groupe professionnel comme pour Abdoul Ouattara.<\/p>\n<p>En 2024-2025, le groupe \u00e9lite \u00e9volue en National 3. Sur 26 matches officiels, son \u00e9quipe a enregistr\u00e9 11 victoires, 4 nuls et 11 d\u00e9faites. Ce bilan \u00e9quilibr\u00e9 a permis d\u2019assurer le maintien de la r\u00e9serve \u00e0 ce niveau avec une sixi\u00e8me place au classement, tout en poursuivant l\u2019objectif de d\u00e9veloppement des jeunes joueurs\u00a0comme Rayan Messi, ou encore Mohamed Bechikh.\u00a0<\/p>\n<p>\nhttps:\/\/twitter.com\/scornetml\/status\/1926303035443085647?s=12\n<\/p>\n<p>                    <script async src=\"https:\/\/platform.twitter.com\/widgets.js\" charset=\"utf-8\"><\/script><\/p>\n","protected":false},"excerpt":{"rendered":"Mathieu Le Scornet a officiellement annonc\u00e9 samedi dernier son d\u00e9part du Racing Club de Strasbourg sur son compte&hellip;\n","protected":false},"author":2,"featured_media":130017,"comment_status":"","ping_status":"","sticky":false,"template":"","format":"standard","meta":{"footnotes":""},"categories":[2820],"tags":[1111,11,1777,674,63,1011,27,775,66,12,4448,25,640],"class_list":{"0":"post-130016","1":"post","2":"type-post","3":"status-publish","4":"format-standard","5":"has-post-thumbnail","7":"category-strasbourg","8":"tag-actu","9":"tag-actualites","10":"tag-eu","11":"tag-europe","12":"tag-football","13":"tag-fr","14":"tag-france","15":"tag-grand-est","16":"tag-ligue-1","17":"tag-news","18":"tag-rc-strasbourg","19":"tag-republique-francaise","20":"tag-strasbourg"},"share_on_mastodon":{"url":"https:\/\/pubeurope.com\/@fr\/114575820984933980","error":""},"_links":{"self":[{"href":"https:\/\/www.europesays.com\/fr\/wp-json\/wp\/v2\/posts\/130016","targetHints":{"allow":["GET"]}}],"collection":[{"href":"https:\/\/www.europesays.com\/fr\/wp-json\/wp\/v2\/posts"}],"about":[{"href":"https:\/\/www.europesays.com\/fr\/wp-json\/wp\/v2\/types\/post"}],"author":[{"embeddable":true,"href":"https:\/\/www.europesays.com\/fr\/wp-json\/wp\/v2\/users\/2"}],"replies":[{"embeddable":true,"href":"https:\/\/www.europesays.com\/fr\/wp-json\/wp\/v2\/comments?post=130016"}],"version-history":[{"count":0,"href":"https:\/\/www.europesays.com\/fr\/wp-json\/wp\/v2\/posts\/130016\/revisions"}],"wp:featuredmedia":[{"embeddable":true,"href":"https:\/\/www.europesays.com\/fr\/wp-json\/wp\/v2\/media\/130017"}],"wp:attachment":[{"href":"https:\/\/www.europesays.com\/fr\/wp-json\/wp\/v2\/media?parent=130016"}],"wp:term":[{"taxonomy":"category","embeddable":true,"href":"https:\/\/www.europesays.com\/fr\/wp-json\/wp\/v2\/categories?post=130016"},{"taxonomy":"post_tag","embeddable":true,"href":"https:\/\/www.europesays.com\/fr\/wp-json\/wp\/v2\/tags?post=130016"}],"curies":[{"name":"wp","href":"https:\/\/api.w.org\/{rel}","templated":true}]}}