{"id":130018,"date":"2025-05-26T19:37:09","date_gmt":"2025-05-26T19:37:09","guid":{"rendered":"https:\/\/www.europesays.com\/fr\/130018\/"},"modified":"2025-05-26T19:37:09","modified_gmt":"2025-05-26T19:37:09","slug":"elle-etait-avide-de-justice-sociale-martine-nativi-figure-du-cros-de-cagnes-est-decedee","status":"publish","type":"post","link":"https:\/\/www.europesays.com\/fr\/130018\/","title":{"rendered":"\u00ab\u00a0Elle \u00e9tait avide de justice sociale\u00a0\u00bb: Martine Nativi, figure du Cros-de-Cagnes, est d\u00e9c\u00e9d\u00e9e"},"content":{"rendered":"<p>Figure incontournable du Cros-de-Cagnes, Martine Nativi s\u2019est \u00e9teinte des suites d\u2019un cancer, vendredi 23 mai 2025, \u00e0 l\u2019\u00e2ge de 74 ans. Conseill\u00e8re municipale entre 2008 et 2020, elle laisse derri\u00e8re elle le souvenir d\u2019une \u00e9lue qui \u00ab\u00a0respectait les autres \u00e9lus\u00a0\u00bb et, en retour, inspirait le respect.<\/p>\n<p>\u00ab\u00a0Je retiens d\u2019elle qu\u2019elle \u00e9tait une militante et une f\u00e9ministe tr\u00e8s engag\u00e9e pour la cause des femmes, confie Laurent Pratensi, ancien secr\u00e9taire de section du Parti socialiste \u00e0 Cagnes. Elle \u00e9tait une sorte de Gis\u00e8le Alimi [1] de Cagnes, dans un milieu politique parfois machiste.\u00a0\u00bb Une femme qui \u00ab\u00a0d\u00e9fendait ses convictions avec fermet\u00e9 et humanit\u00e9\u00a0\u00bb. \u00c0 l\u2019image de son soutien \u00e0 Pinar Selek, cette sociologue et \u00e9crivaine turque r\u00e9fugi\u00e9e politique \u2013 et d\u00e9sormais citoyenne fran\u00e7aise \u2013 condamn\u00e9e \u00e0 perp\u00e9tuit\u00e9 dans son pays pour ses recherches et son militantisme.<\/p>\n<p>\u00ab\u00a0Martine a baign\u00e9 dans le bouillon de la lutte sociale\u00a0\u00bb<\/p>\n<p>\u00ab\u00a0C\u2019est avec beaucoup de tristesse que j\u2019ai appris le d\u00e9c\u00e8s de Martine Nativi, partage Louis N\u00e8gre, le maire de Cagnes-sur-Mer. M\u00eame si elle si\u00e9geait dans l\u2019opposition, je suis tr\u00e8s respectueux du travail qu\u2019elle a accompli en faveur des Cagnois car elle avait cette volont\u00e9 d\u2019\u0153uvrer pour l\u2019int\u00e9r\u00eat g\u00e9n\u00e9ral.\u00a0\u00bb Le maire salue une femme \u00ab\u00a0exigeante\u00a0\u00bb et \u00ab\u00a0profond\u00e9ment humaine\u00a0\u00bb qui a \u00e9t\u00e9 \u00ab\u00a0fid\u00e8le \u00e0 ses valeurs jusqu\u2019au bout\u00a0\u00bb.<\/p>\n<p>Un avis que partage Michel Santinelli, l\u2019ami d\u2019enfance, avec qui elle a d\u00e9cid\u00e9 de s\u2019engager aux jeunesses communistes alors qu\u2019ils n\u2019\u00e9taient encore que des adolescents et dont <a href=\"https:\/\/www.nicematin.com\/politique\/a-cagnes-sur-mer-la-gauche-se-presente-unie-a-lelection-municipale-416621\" rel=\"nofollow noopener\" target=\"_blank\">elle a partag\u00e9 la liste lors des \u00e9lections municipales de 2020<\/a>. \u00ab\u00a0Nos parents \u00e9taient amis. Nos p\u00e8res \u00e9taient des r\u00e9sistants qui ont lutt\u00e9 contre le fascisme et le nazisme, ils ont particip\u00e9 \u00e0 la lib\u00e9ration de Cagnes, raconte-t-il. Nos m\u00e8res faisaient partie des pr\u00e9curseures du f\u00e9minisme.\u00a0\u00bb Il ajoute: \u00ab\u00a0Martine a baign\u00e9 dans le bouillon de la lutte sociale\u00a0\u00bb.<\/p>\n<p>Le Cros-de-Cagnes, son fief, \u00ab\u00a0faisait partie de son c\u0153ur\u00a0\u00bb. Et elle n\u2019h\u00e9sitait jamais \u00e0 d\u00e9fendre ses int\u00e9r\u00eats pour le pr\u00e9server de la b\u00e9tonisation.<\/p>\n<p>\u00ab\u00a0Elle menait un combat politique sans sectarisme\u00a0\u00bb<\/p>\n<p>Les t\u00e9moignages sont unanimes pour souligner la passion qui animait Martine Nativi pour d\u00e9fendre ses convictions. \u00ab\u00a0Elle n\u2019avait aucune autre ambition que celle de suivre ses id\u00e9es, affirme <a href=\"https:\/\/www.nicematin.com\/vie-locale\/le-front-de-gauche-de-cagnes-appelle-a-voter-aux-europeennes-383789\" rel=\"nofollow noopener\" target=\"_blank\">C\u00e9dric Garoyan, avec qui elle a partag\u00e9 les bancs de l\u2019opposition pendant plus de 2 ans<\/a>. C\u2019est une perte pour la gauche cagnoise et pour la Ville. Nous \u00e9tions justement en train de pr\u00e9voir la prochaine campagne ensemble.\u00a0\u00bb<\/p>\n<p>\u00ab\u00a0Infatigable\u00a0\u00bb, elle a toujours agi \u00ab\u00a0sans que personne ne lui impose une direction\u00a0\u00bb. Sa force: \u00ab\u00a0Elle menait un combat politique sans sectarisme, insiste Michel Santinelli. Elle \u00e9tait avide de justice sociale mais dans les r\u00e8gles de la R\u00e9publique.\u00a0\u00bb<\/p>\n<p>Ses obs\u00e8ques auront lieu mercredi, \u00e0 10 heures, \u00e0 l\u2019athan\u00e9e de Cagnes-sur-Mer puis au cr\u00e9matorium de Nice.<\/p>\n<p>\u00ab\u00a0Elle ne souhaitait pas de fleurs pour sa derni\u00e8re demeure, pr\u00e9cise son ami de toujours. Elle souhaitait que l\u2019argent destin\u00e9 aux fleurs soit revers\u00e9 aux Palestiniens victimes du conflit \u00e0 Gaza.\u00a0\u00bb Une vie de combat jusqu\u2019\u00e0 son dernier souffle.<\/p>\n<p>1. Figure du f\u00e9minisme en France.<\/p>\n","protected":false},"excerpt":{"rendered":"Figure incontournable du Cros-de-Cagnes, Martine Nativi s\u2019est \u00e9teinte des suites d\u2019un cancer, vendredi 23 mai 2025, \u00e0 l\u2019\u00e2ge&hellip;\n","protected":false},"author":2,"featured_media":130019,"comment_status":"","ping_status":"","sticky":false,"template":"","format":"standard","meta":{"footnotes":""},"categories":[2819],"tags":[1111,11,1777,674,1011,27,12,2401,882,25,3366],"class_list":{"0":"post-130018","1":"post","2":"type-post","3":"status-publish","4":"format-standard","5":"has-post-thumbnail","7":"category-nice","8":"tag-actu","9":"tag-actualites","10":"tag-eu","11":"tag-europe","12":"tag-fr","13":"tag-france","14":"tag-news","15":"tag-nice","16":"tag-provence-alpes-cote-dazur","17":"tag-republique-francaise","18":"tag-vie-locale"},"share_on_mastodon":{"url":"https:\/\/pubeurope.com\/@fr\/114575824864001816","error":""},"_links":{"self":[{"href":"https:\/\/www.europesays.com\/fr\/wp-json\/wp\/v2\/posts\/130018","targetHints":{"allow":["GET"]}}],"collection":[{"href":"https:\/\/www.europesays.com\/fr\/wp-json\/wp\/v2\/posts"}],"about":[{"href":"https:\/\/www.europesays.com\/fr\/wp-json\/wp\/v2\/types\/post"}],"author":[{"embeddable":true,"href":"https:\/\/www.europesays.com\/fr\/wp-json\/wp\/v2\/users\/2"}],"replies":[{"embeddable":true,"href":"https:\/\/www.europesays.com\/fr\/wp-json\/wp\/v2\/comments?post=130018"}],"version-history":[{"count":0,"href":"https:\/\/www.europesays.com\/fr\/wp-json\/wp\/v2\/posts\/130018\/revisions"}],"wp:featuredmedia":[{"embeddable":true,"href":"https:\/\/www.europesays.com\/fr\/wp-json\/wp\/v2\/media\/130019"}],"wp:attachment":[{"href":"https:\/\/www.europesays.com\/fr\/wp-json\/wp\/v2\/media?parent=130018"}],"wp:term":[{"taxonomy":"category","embeddable":true,"href":"https:\/\/www.europesays.com\/fr\/wp-json\/wp\/v2\/categories?post=130018"},{"taxonomy":"post_tag","embeddable":true,"href":"https:\/\/www.europesays.com\/fr\/wp-json\/wp\/v2\/tags?post=130018"}],"curies":[{"name":"wp","href":"https:\/\/api.w.org\/{rel}","templated":true}]}}