{"id":130039,"date":"2025-05-26T19:48:08","date_gmt":"2025-05-26T19:48:08","guid":{"rendered":"https:\/\/www.europesays.com\/fr\/130039\/"},"modified":"2025-05-26T19:48:08","modified_gmt":"2025-05-26T19:48:08","slug":"le-groupe-aubagnais-dimacco-soffre-la-villa-valmer-a-marseille","status":"publish","type":"post","link":"https:\/\/www.europesays.com\/fr\/130039\/","title":{"rendered":"Le groupe aubagnais Dimacco s&rsquo;offre la Villa Valmer \u00e0 Marseille"},"content":{"rendered":"<p>C&rsquo;\u00e9tait l&rsquo;Arl\u00e9sienne. C&rsquo;est d\u00e9sormais officiel. Le groupe Dimacco, implant\u00e9 \u00e0 Aubagne est le propri\u00e9taire de l&rsquo;h\u00f4tel qui sera positionn\u00e9 \u00e0 la <a href=\"https:\/\/www.laprovence.com\/article\/region\/8770419017523714\/a-marseille-les-travaux-de-la-villa-valmer-vont-pouvoir-reprendre-en-2025\" target=\"_blank\" rel=\"noopener\">Villa Valmer,<\/a> sur la Corniche. D\u00e9j\u00e0 propri\u00e9taire de l&rsquo;h\u00f4tel Bleu \u00e0 Carry-le-Rouet, mais aussi de l&#8217;embl\u00e9matique H\u00f4tel Liautaud, nouvelle g\u00e9n\u00e9ration, sur le port de Cassis, le groupe fond\u00e9 en 2022 a la main sur la nouvelle vie de la Villa Valmer. Le lieu prendra la forme d&rsquo;un boutique-h\u00f4tel de luxe. Selon nos informations, il sera \u00e9quip\u00e9 de 46 chambres, un Spa, deux salles de s\u00e9minaire et une salle culturelle. Propri\u00e9taire de neuf \u00e9tablissements dont le Domaine Ferret au Cap Ferret, la holding est aussi chef d&rsquo;orchestre du Saint-Christophe \u00e0 Aix-en-Provence, dans le quartier de la Rotonde.<\/p>\n<p>Pour la Villa Valmer, les travaux d\u00e9buteront en fin d&rsquo;ann\u00e9e pour une ouverture en 2027. Sp\u00e9cialis\u00e9 dans les h\u00f4tels de luxe (minimum quatre \u00e9toiles), le groupe Dimacco a \u00e9t\u00e9 cr\u00e9\u00e9 par Didier Germain. Qui en 1992, a pr\u00e9sid\u00e9 Medeos, un groupe d&rsquo;EHPAD, r\u00e9f\u00e9rent dans son secteur d&rsquo;activit\u00e9. Suite \u00e0 la vente de ce groupe, l&rsquo;homme a d\u00e9cid\u00e9 avec l&rsquo;appui de ses enfants de constituer une nouvelle entit\u00e9, la soci\u00e9t\u00e9 Dimacco. Aujourd&rsquo;hui, le groupe est port\u00e9 par C\u00e9line et Olivier, directeurs g\u00e9n\u00e9raux.\u00a0<\/p>\n","protected":false},"excerpt":{"rendered":"C&rsquo;\u00e9tait l&rsquo;Arl\u00e9sienne. C&rsquo;est d\u00e9sormais officiel. Le groupe Dimacco, implant\u00e9 \u00e0 Aubagne est le propri\u00e9taire de l&rsquo;h\u00f4tel qui sera&hellip;\n","protected":false},"author":2,"featured_media":130040,"comment_status":"","ping_status":"","sticky":false,"template":"","format":"standard","meta":{"footnotes":""},"categories":[2814],"tags":[17,1111,11,25402,25403,33,1777,674,1011,27,2705,1922,884,12,1186,882,25,9906,7825],"class_list":{"0":"post-130039","1":"post","2":"type-post","3":"status-publish","4":"format-standard","5":"has-post-thumbnail","7":"category-marseille","8":"tag-17","9":"tag-actu","10":"tag-actualites","11":"tag-aubagnais","12":"tag-dimacco","13":"tag-economie","14":"tag-eu","15":"tag-europe","16":"tag-fr","17":"tag-france","18":"tag-groupe","19":"tag-info","20":"tag-marseille","21":"tag-news","22":"tag-provence","23":"tag-provence-alpes-cote-dazur","24":"tag-republique-francaise","25":"tag-soffre","26":"tag-villa"},"share_on_mastodon":{"url":"https:\/\/pubeurope.com\/@fr\/114575868157429038","error":""},"_links":{"self":[{"href":"https:\/\/www.europesays.com\/fr\/wp-json\/wp\/v2\/posts\/130039","targetHints":{"allow":["GET"]}}],"collection":[{"href":"https:\/\/www.europesays.com\/fr\/wp-json\/wp\/v2\/posts"}],"about":[{"href":"https:\/\/www.europesays.com\/fr\/wp-json\/wp\/v2\/types\/post"}],"author":[{"embeddable":true,"href":"https:\/\/www.europesays.com\/fr\/wp-json\/wp\/v2\/users\/2"}],"replies":[{"embeddable":true,"href":"https:\/\/www.europesays.com\/fr\/wp-json\/wp\/v2\/comments?post=130039"}],"version-history":[{"count":0,"href":"https:\/\/www.europesays.com\/fr\/wp-json\/wp\/v2\/posts\/130039\/revisions"}],"wp:featuredmedia":[{"embeddable":true,"href":"https:\/\/www.europesays.com\/fr\/wp-json\/wp\/v2\/media\/130040"}],"wp:attachment":[{"href":"https:\/\/www.europesays.com\/fr\/wp-json\/wp\/v2\/media?parent=130039"}],"wp:term":[{"taxonomy":"category","embeddable":true,"href":"https:\/\/www.europesays.com\/fr\/wp-json\/wp\/v2\/categories?post=130039"},{"taxonomy":"post_tag","embeddable":true,"href":"https:\/\/www.europesays.com\/fr\/wp-json\/wp\/v2\/tags?post=130039"}],"curies":[{"name":"wp","href":"https:\/\/api.w.org\/{rel}","templated":true}]}}