{"id":130042,"date":"2025-05-26T19:50:20","date_gmt":"2025-05-26T19:50:20","guid":{"rendered":"https:\/\/www.europesays.com\/fr\/130042\/"},"modified":"2025-05-26T19:50:20","modified_gmt":"2025-05-26T19:50:20","slug":"jean-michel-aulas-propose-de-supprimer-le-cabinet-du-maire","status":"publish","type":"post","link":"https:\/\/www.europesays.com\/fr\/130042\/","title":{"rendered":"Jean-Michel Aulas propose de supprimer le cabinet du maire"},"content":{"rendered":"<p>            Par<br \/>\n        <strong><br \/>\n            <a href=\"https:\/\/actu.fr\/auteur\/nicolas-zaugra\" title=\"Consulter tous les articles de Nicolas Zaugra\" rel=\"nofollow noopener\" target=\"_blank\">Nicolas Zaugra<\/a><br \/>\n        <\/strong><\/p>\n<p>        Publi\u00e9 le<\/p>\n<p>            26 mai 2025 \u00e0 19h11        <\/p>\n<p>Encore une proposition de campagne pour un candidat aux municipales 2026 non d\u00e9clar\u00e9. <a href=\"https:\/\/actu.fr\/auvergne-rhone-alpes\/lyon_69123\/lyon-jean-michel-aulas-attaque-un-media-lyonnais-en-justice-on-vous-resume-l-affaire_62660222.html\" rel=\"nofollow noopener\" target=\"_blank\">Jean-Michel Aulas<\/a> propose la suppression pure et simple du cabinet du maire de <a href=\"https:\/\/actu.fr\/auvergne-rhone-alpes\/lyon_69123\" rel=\"nofollow noopener\" target=\"_blank\">Lyon<\/a> s\u2019il est \u00e9lu dans le fauteuil dans un an.<\/p>\n<p class=\" wall-content\">Le chef d\u2019entreprise veut s\u2019inspirer du mod\u00e8le des entreprises et tacle <a href=\"https:\/\/actu.fr\/auvergne-rhone-alpes\/lyon_69123\/lyon-gregory-doucet-veut-defendre-son-bilan-une-polemique-enfle_62686094.html\" rel=\"nofollow noopener\" target=\"_blank\">Gr\u00e9gory Doucet<\/a> sur son affaire judiciaire des charg\u00e9s de mission. Le maire \u00e9cologiste avait \u00e9t\u00e9 <a href=\"https:\/\/actu.fr\/auvergne-rhone-alpes\/lyon_69123\/lyon-gregory-doucet-sort-de-9-heures-de-garde-a-vue-et-s-exprime-pour-la-premiere-fois_62489572.html\" rel=\"nofollow noopener\" target=\"_blank\">plac\u00e9 en garde \u00e0 vue<\/a> dans le cadre de l\u2019instruction.<\/p>\n<p>Supprimer le cabinet du maire<\/p>\n<p class=\" wall-content\">C\u2019est sur X que Jean-Michel Aulas a fait sa proposition, apr\u00e8s celle de renoncer \u00e0 ses <a href=\"https:\/\/actu.fr\/auvergne-rhone-alpes\/lyon_69123\/lyon-municipales-2026-jean-michel-aulas-fait-sa-premiere-proposition-choc-de-campagne_62665560.html\" rel=\"nofollow noopener\" target=\"_blank\">indemnit\u00e9s<\/a>.\u00a0<\/p>\n<p class=\" wall-content\">\u00ab\u00a0Renoncer aux indemnit\u00e9s, j\u2019y tiens, car si je suis candidat, c\u2019est pour servir, pas pour me servir. Mais c\u2019est une premi\u00e8re \u00e9tape, pour aller plus loin : pas de cabinet politique \u00e0 l\u2019ancienne \u00e0 la mairie de Lyon. Trop d\u2019opacit\u00e9, des d\u00e9rives encore d\u2019actualit\u00e9\u00a0\u00bb, \u00e9crit Aulas sur X.<\/p>\n<p class=\" wall-content\">\n<p>Investir dans les associations et faire venir des chercheurs am\u00e9ricains<\/p>\n<p class=\" wall-content\">Selon nos informations, Jean-Michel propose de faire une \u00e9conomie consid\u00e9rable, selon les mots de son entourage\u00a0\u00bb <strong>\u00ab\u00a0entre 3,15M\u20ac et 4,2M\u20ac sur la dur\u00e9e du mandat\u00a0\u00bb<\/strong>. Le quasi candidat veut r\u00e9injecter cette somme \u00ab\u00a0dans des projets utiles et porteurs de sens.\u00a0\u00bb<\/p>\n<p>Vid\u00e9os : en ce moment sur Actu<\/p>\n<p class=\" wall-content\">L\u2019entourage du chef d\u2019entreprise cite notamment \u00ab\u00a0un soutien renforc\u00e9 aux associations de jeunesse dans les quartiers populaires et \u00ab\u00a0la cr\u00e9ation \u00e0 l\u2019Universit\u00e9 Lyon 2 d\u2019un laboratoire pour accueillir jusqu\u2019\u00e0 dix chercheurs am\u00e9ricains menac\u00e9s par l\u2019administration Trump.\u00a0\u00bb<\/p>\n<p class=\" wall-content\">L\u2019ancien pr\u00e9sident de l\u2019OL va m\u00eame plus loin en \u00e9voquant de possibles \u00ab\u00a0\u00e9conomies plus significatives encore si l\u2019on y int\u00e9grait les charg\u00e9s de mission des adjoints au maire ou des maires d\u2019arrondissement, et qui pourraient tous s\u2019appuyer sur la qualit\u00e9, l\u2019excellence et le professionnalisme de l\u2019administration lyonnaise.\u00a0\u00bb Autour de Jean-Michel Aulas, on estime que les directeurs de cabinet et autres qui ont un r\u00f4le politique ne sont pas indispensables et que les <strong>9 500 fonctionnaires de la Ville suffisent<\/strong>.\u00a0<\/p>\n<p class=\" wall-content\">\u00ab\u00a0Le sujet du cabinet est devenu judiciaire et n\u2019est plus politique\u00a0\u00bb, tacle l\u2019entourage d\u2019Aulas.<\/p>\n<p>Le tacle de l\u2019entourage de Gr\u00e9gory Doucet<\/p>\n<p class=\" wall-content\">La r\u00e9ponse de l\u2019entourage du maire de Lyon n\u2019a pas tard\u00e9. \u00ab\u00a0Il n\u2019y a toujours pas une seule proposition pour les Lyonnais\u00a0\u00bb, souligne-t-on dans les couloirs du\u2026 cabinet du maire, aupr\u00e8s d\u2019actu Lyon.<\/p>\n<p class=\" wall-content\">La semaine derni\u00e8re, le maire sortant avait assur\u00e9 que Jean-Michel Aulas faisait ce qu\u2019il voulait de ses indemnit\u00e9s, salaires ou dividendes en r\u00e9ponse \u00e0 sa proposition de renoncer \u00e0 ses indemnit\u00e9s.\u00a0<\/p>\n<p class=\" wall-content\">Suivez toute l\u2019actualit\u00e9 de vos villes et m\u00e9dias favoris en vous inscrivant \u00e0 <a href=\"https:\/\/moncompte.actu.fr\" title=\"D\u00e9couvez Mon Actu\" rel=\"nofollow noopener\" data-trk=\"{&quot;cta&quot;:{&quot;action&quot;:&quot;https:\\\/\\\/moncompte.actu.fr&quot;,&quot;category&quot;:&quot;mon compte&quot;,&quot;from&quot;:&quot;article footer&quot;,&quot;name&quot;:&quot;Mon actu&quot;,&quot;type&quot;:&quot;cta&quot;}}\" target=\"_blank\">Mon Actu<\/a>.<\/p>\n","protected":false},"excerpt":{"rendered":"Par Nicolas Zaugra Publi\u00e9 le 26 mai 2025 \u00e0 19h11 Encore une proposition de campagne pour un candidat&hellip;\n","protected":false},"author":2,"featured_media":130043,"comment_status":"","ping_status":"","sticky":false,"template":"","format":"standard","meta":{"footnotes":""},"categories":[1889],"tags":[1111,11,2430,1777,674,1011,27,5226,5227,2428,3434,12,316,25],"class_list":{"0":"post-130042","1":"post","2":"type-post","3":"status-publish","4":"format-standard","5":"has-post-thumbnail","7":"category-lyon","8":"tag-actu","9":"tag-actualites","10":"tag-auvergne-rhone-alpes","11":"tag-eu","12":"tag-europe","13":"tag-fr","14":"tag-france","15":"tag-gregory-doucet","16":"tag-jean-michel-aulas","17":"tag-lyon","18":"tag-municipales-2026","19":"tag-news","20":"tag-politique","21":"tag-republique-francaise"},"share_on_mastodon":{"url":"https:\/\/pubeurope.com\/@fr\/114575875994790989","error":""},"_links":{"self":[{"href":"https:\/\/www.europesays.com\/fr\/wp-json\/wp\/v2\/posts\/130042","targetHints":{"allow":["GET"]}}],"collection":[{"href":"https:\/\/www.europesays.com\/fr\/wp-json\/wp\/v2\/posts"}],"about":[{"href":"https:\/\/www.europesays.com\/fr\/wp-json\/wp\/v2\/types\/post"}],"author":[{"embeddable":true,"href":"https:\/\/www.europesays.com\/fr\/wp-json\/wp\/v2\/users\/2"}],"replies":[{"embeddable":true,"href":"https:\/\/www.europesays.com\/fr\/wp-json\/wp\/v2\/comments?post=130042"}],"version-history":[{"count":0,"href":"https:\/\/www.europesays.com\/fr\/wp-json\/wp\/v2\/posts\/130042\/revisions"}],"wp:featuredmedia":[{"embeddable":true,"href":"https:\/\/www.europesays.com\/fr\/wp-json\/wp\/v2\/media\/130043"}],"wp:attachment":[{"href":"https:\/\/www.europesays.com\/fr\/wp-json\/wp\/v2\/media?parent=130042"}],"wp:term":[{"taxonomy":"category","embeddable":true,"href":"https:\/\/www.europesays.com\/fr\/wp-json\/wp\/v2\/categories?post=130042"},{"taxonomy":"post_tag","embeddable":true,"href":"https:\/\/www.europesays.com\/fr\/wp-json\/wp\/v2\/tags?post=130042"}],"curies":[{"name":"wp","href":"https:\/\/api.w.org\/{rel}","templated":true}]}}