{"id":130050,"date":"2025-05-26T19:54:09","date_gmt":"2025-05-26T19:54:09","guid":{"rendered":"https:\/\/www.europesays.com\/fr\/130050\/"},"modified":"2025-05-26T19:54:09","modified_gmt":"2025-05-26T19:54:09","slug":"le-paris-fc-va-compter-un-3e-algerien-chez-les-pro","status":"publish","type":"post","link":"https:\/\/www.europesays.com\/fr\/130050\/","title":{"rendered":"Le Paris FC va compter un 3e Alg\u00e9rien chez les \u00ab\u00a0pro\u00a0\u00bb"},"content":{"rendered":"<p style=\"text-align: justify;\"><strong>Le Paris FC a r\u00e9ussi \u00e0 d\u00e9crocher une accession historique en Ligue 1 fran\u00e7aise. Il sera, avec le Paris Saint-Germain, le deuxi\u00e8me club de la capitale \u00e0 \u00e9voluer dans le palier supr\u00eame du foot en France. Et, pour la saison \u00e0 venir, l\u2019effectif pro du Paris FC pourrait compter un troisi\u00e8me Alg\u00e9rien dans ses rangs. Il s\u2019agit d\u2019Anis Fatahine, international U23, qui vient de parapher un contrat professionnel avec le PFC.<\/strong><\/p>\n<p style=\"text-align: justify;\">Ainsi, <strong>Fatahine<\/strong> rejoint <strong>Ilan Kebbal<\/strong>, l\u2019un des meilleurs \u00e9l\u00e9ments lors de l\u2019exercice 2024-2025, et <strong>Julien Lopez<\/strong> (fr\u00e8re de <strong>Maxime Lopez<\/strong>), qui est d\u00e9j\u00e0 pass\u00e9 chez les jeunes cat\u00e9gories des <strong>Verts<\/strong> par le pass\u00e9, chez les \u201cpro\u201d du team parisien. Dans l\u2019effectif parisien on peut \u00e9galement citer le d\u00e9fenseur central <strong>Samir Chergui<\/strong> (26 ans).<\/p>\n<p>Le garder ou le pr\u00eater ? D\u00e9cision \u00e0 l\u2019intersaison pour le Paris FC<\/p>\n<p style=\"text-align: justify;\">A bient\u00f4t 20 ans, <strong>Fatahine<\/strong> franchit donc un nouveau cap en carri\u00e8re en d\u00e9crochant ce contrat de trois ans. Apr\u00e8s, rien ne dit s\u2019il va faire partie de l\u2019effectif durable lors de la saison \u00e0 venir en <strong>D1<\/strong>. Surtout que le vice-champion de la <strong>Ligue 2 BKT<\/strong> envisage de se renforcer, avec des joueurs d\u2019exp\u00e9rience, pour tenter de durer en <strong>Ligue 1 McDonald\u2019s<\/strong>. Cela d\u00e9pendant donc des recrues et de ce que <strong>Fatahine<\/strong> montrera \u00e0 l\u2019intersaison.<\/p>\n<p style=\"text-align: justify;\">En tout cas, le fait que la direction le conserve montre bien qu\u2019il a su convaincre les dirigeants de ses qualit\u00e9s. Le lat\u00e9ral gauche devra d\u00e9sormais redoubler d\u2019efforts pour rester au plus haut niveau. Il se pourrait qu\u2019il soit pr\u00eat\u00e9 pour sa premi\u00e8re ann\u00e9e afin de continuer sa progression. Il faudra garder un \u0153il sur celui qui \u00e9tait pass\u00e9 par les <strong>U17<\/strong> de l\u2019<strong>\u00e9quipe de France<\/strong> avant de d\u00e9cider de repr\u00e9senter les <strong>Verts <\/strong>en<strong> U18<\/strong> depuis <strong>2021<\/strong>. Pour clore, on rappellera que le <strong>Paris FC<\/strong> a vu passer certains Fennecs ces derni\u00e8res ann\u00e9es \u00e0 l\u2019image de <strong>Mehdi Tahrat<\/strong> et <strong>Jaouen Hadjam<\/strong>.<\/p>\n<blockquote class=\"wp-embedded-content\" data-secret=\"zxynVlMmuH\">\n<p><a href=\"https:\/\/lagazettedufennec.com\/interview-lgdf-anis-fatahine-je-voulais-jouer-avec-lalgerie-depuis-tout-petit\/\" target=\"_blank\" rel=\"noopener\">Interview LGDF \/ Anis Fatahine : \u201cJe voulais jouer avec l\u2019Alg\u00e9rie depuis tout petit\u201d<\/a><\/p>\n<\/blockquote>\n","protected":false},"excerpt":{"rendered":"Le Paris FC a r\u00e9ussi \u00e0 d\u00e9crocher une accession historique en Ligue 1 fran\u00e7aise. Il sera, avec le&hellip;\n","protected":false},"author":2,"featured_media":130051,"comment_status":"","ping_status":"","sticky":false,"template":"","format":"standard","meta":{"footnotes":""},"categories":[1888],"tags":[1111,1928,11,1927,25404,1777,674,1011,27,25405,12027,25406,12,1926,626,445,1925,91,25,11001],"class_list":{"0":"post-130050","1":"post","2":"type-post","3":"status-publish","4":"format-standard","5":"has-post-thumbnail","7":"category-paris","8":"tag-actu","9":"tag-actu-paris","10":"tag-actualites","11":"tag-actualites-paris","12":"tag-anis-fatahine","13":"tag-eu","14":"tag-europe","15":"tag-fr","16":"tag-france","17":"tag-ilan-kebbal","18":"tag-ligue-1-mc-donalds","19":"tag-maxime-lopez","20":"tag-news","21":"tag-news-paris","22":"tag-paris","23":"tag-paris-fc","24":"tag-paris-news","25":"tag-paris-saint-germain","26":"tag-republique-francaise","27":"tag-verts"},"share_on_mastodon":{"url":"https:\/\/pubeurope.com\/@fr\/114575892008616933","error":""},"_links":{"self":[{"href":"https:\/\/www.europesays.com\/fr\/wp-json\/wp\/v2\/posts\/130050","targetHints":{"allow":["GET"]}}],"collection":[{"href":"https:\/\/www.europesays.com\/fr\/wp-json\/wp\/v2\/posts"}],"about":[{"href":"https:\/\/www.europesays.com\/fr\/wp-json\/wp\/v2\/types\/post"}],"author":[{"embeddable":true,"href":"https:\/\/www.europesays.com\/fr\/wp-json\/wp\/v2\/users\/2"}],"replies":[{"embeddable":true,"href":"https:\/\/www.europesays.com\/fr\/wp-json\/wp\/v2\/comments?post=130050"}],"version-history":[{"count":0,"href":"https:\/\/www.europesays.com\/fr\/wp-json\/wp\/v2\/posts\/130050\/revisions"}],"wp:featuredmedia":[{"embeddable":true,"href":"https:\/\/www.europesays.com\/fr\/wp-json\/wp\/v2\/media\/130051"}],"wp:attachment":[{"href":"https:\/\/www.europesays.com\/fr\/wp-json\/wp\/v2\/media?parent=130050"}],"wp:term":[{"taxonomy":"category","embeddable":true,"href":"https:\/\/www.europesays.com\/fr\/wp-json\/wp\/v2\/categories?post=130050"},{"taxonomy":"post_tag","embeddable":true,"href":"https:\/\/www.europesays.com\/fr\/wp-json\/wp\/v2\/tags?post=130050"}],"curies":[{"name":"wp","href":"https:\/\/api.w.org\/{rel}","templated":true}]}}