{"id":130052,"date":"2025-05-26T19:55:10","date_gmt":"2025-05-26T19:55:10","guid":{"rendered":"https:\/\/www.europesays.com\/fr\/130052\/"},"modified":"2025-05-26T19:55:10","modified_gmt":"2025-05-26T19:55:10","slug":"radio-intensite-%f0%9f%94%8ails-ont-pris-la-camera-pour-mieux-comprendre-le-monde-du-travail","status":"publish","type":"post","link":"https:\/\/www.europesays.com\/fr\/130052\/","title":{"rendered":"RADIO INTENSITE | \ud83d\udd0aIls ont pris la cam\u00e9ra pour mieux comprendre le monde du travail"},"content":{"rendered":"<p><img decoding=\"async\" class=\"\" style=\"width:100%\" src=\"https:\/\/www.europesays.com\/fr\/wp-content\/uploads\/2025\/05\/WhatsApp_Image_2025_05_26___19_33_09_7d7070381748280968205.jpg\" alt=\"Les fa\u00e7onneurs \"\/><\/p>\n<p>Les fa\u00e7onneurs \u00a9Marc Lourdelle<\/p>\n<p>Des \u00e9l\u00e8ves du lyc\u00e9e Jehan de Beauce, \u00e0 Chartres, participent cette ann\u00e9e au concours national \u00ab Je filme le m\u00e9tier qui me pla\u00eet \u00bb. Un projet p\u00e9dagogique qui m\u00eale orientation, d\u00e9couverte professionnelle et cr\u00e9ation audiovisuelle. Leur film, intitul\u00e9 \u00ab Les Fa\u00e7onneurs \u00bb, a s\u00e9duit le jury au point de les inviter \u00e0 la grande c\u00e9r\u00e9monie de remise des prix, ce mardi, dans l\u2019une des plus belles salles de cin\u00e9ma d\u2019Europe.\u00a0<\/p>\n<p>\u00a0<\/p>\n<blockquote>\n<p><strong>\u00ab\u00a0Le concours Je filme le m\u00e9tier qui me pla\u00eet, c&rsquo;est un concours qui permet \u00e0 des jeunes de fabriquer des petites vid\u00e9os de trois minutes sur un th\u00e8me qu&rsquo;ils ont choisi, notamment sur des m\u00e9tiers, et nous on a choisi des m\u00e9tiers qui recrutent et des m\u00e9tiers qui sont en tension.\u00a0\u00bb<\/strong><\/p>\n<\/blockquote>\n<p>\u00a0<\/p>\n<p>Marc Lourdelle est professeur de chaudronnerie au lyc\u00e9e Jehan de Beauce \u00e0 Chartres, il accompagne les \u00e9l\u00e8ves dans ce concours national. Un film s&rsquo;est particuli\u00e8rement d\u00e9marqu\u00e9 puisqu&rsquo;il sera projet\u00e9 demain au grand Rex. \u00ab Les Fa\u00e7onneurs \u00bb r\u00e9alis\u00e9 par des jeunes de chaudronnerie, en terminale TCI dont Lucas Cambe, il nous parle de leur r\u00e9alisation.<\/p>\n<p>\u00a0<\/p>\n<blockquote>\n<p><strong>\u00ab\u00a0Au d\u00e9but, les personnages n&rsquo;ont pas l&rsquo;air tr\u00e8s accueillants, ils veulent voler entre guillemets certaines choses. Pour finir ensuite avec un retournement de situation dans lequel ils deviennent plus gentils, ils fabriquent des choses pour les autres et montrent que la chaudronnerie peut aider les autres.\u00a0\u00bb<\/strong><\/p>\n<\/blockquote>\n<p>\u00a0<\/p>\n<p>Un film qui met \u00e9galement en avant le travail de l&rsquo;industrie et en particulier la chaudronnerie. \u00a0Antonin Cueillerrier lyc\u00e9en, acteur et r\u00e9alisateur sur le projet.\u00a0<\/p>\n<p>\u00a0<\/p>\n<blockquote>\n<p><strong>\u00ab\u00a0Ce genre de m\u00e9tier dispara\u00eet petit \u00e0 petit. Pour nous, c&rsquo;est inqui\u00e9tant parce que c&rsquo;est quand m\u00eame l&rsquo;industrie. C&rsquo;est pour \u00e7a qu&rsquo;on a fait \u00e7a, pour vraiment montrer que c&rsquo;est aussi un m\u00e9tier qui peut \u00eatre autant amusant. On a cr\u00e9\u00e9 un truc qui nous a fait plaisir et qui a fait plaisir aussi aux gens. \u00c7a, c&rsquo;est incroyable.\u00a0\u00bb<\/strong><\/p>\n<\/blockquote>\n<p>\u00a0<\/p>\n<p>La vingtaine d&rsquo;\u00e9l\u00e8ves derri\u00e8re ce film de trois minutes sera pr\u00e9sent au grand Rex pour la diffusion sur grand \u00e9cran, comme l&rsquo;explique Marc Lourdelle.\u00a0<\/p>\n<p>\u00a0<\/p>\n<blockquote>\n<p><strong>\u00ab\u00a0C&rsquo;est un petit peu le festival de Cannes des m\u00e9tiers. Ils seront tout en dimanch\u00e9 pour aller voir tous les laur\u00e9ats et tous les films qui ont \u00e9t\u00e9 s\u00e9lectionn\u00e9s sur s\u00e9lection officielle. Et ils esp\u00e8rent, on croise les doigts, pouvoir \u00e9ventuellement monter sur la sc\u00e8ne du Grand Rex si on gagne un prix.\u00a0\u00bb<\/strong><\/p>\n<\/blockquote>\n<p>\u00a0<\/p>\n<p>Une autre c\u00e9r\u00e9monie aura le 12 juin, cette fois-ci au niveau r\u00e9gional, dans l&rsquo;h\u00e9micycle du conseil r\u00e9gional d&rsquo;Orl\u00e9ans.\u00a0<\/p>\n<p>Si vous souhaitez d\u00e9couvrir vous aussi le film \u00ab Les fa\u00e7onneurs \u00bb, il suffit de se rendre sur le site internet https:\/\/www.parcoursmetiers.tv\/video\/18361-les-faconneurs<\/p>\n","protected":false},"excerpt":{"rendered":"Les fa\u00e7onneurs \u00a9Marc Lourdelle Des \u00e9l\u00e8ves du lyc\u00e9e Jehan de Beauce, \u00e0 Chartres, participent cette ann\u00e9e au concours&hellip;\n","protected":false},"author":2,"featured_media":130053,"comment_status":"","ping_status":"","sticky":false,"template":"","format":"standard","meta":{"footnotes":""},"categories":[1888],"tags":[47,11,4150,2294,25407,903,1777,674,2081,1011,27,6170,25408,12,3951,626,13737,12335,25],"class_list":{"0":"post-130052","1":"post","2":"type-post","3":"status-publish","4":"format-standard","5":"has-post-thumbnail","7":"category-paris","8":"tag-actualite","9":"tag-actualites","10":"tag-ceremonie","11":"tag-chartres","12":"tag-chaudronnerie","13":"tag-concours","14":"tag-eu","15":"tag-europe","16":"tag-film","17":"tag-fr","18":"tag-france","19":"tag-grand-rex","20":"tag-je-filme-le-metier-qui-me-plait","21":"tag-news","22":"tag-orleans","23":"tag-paris","24":"tag-projection","25":"tag-remise-de-prix","26":"tag-republique-francaise"},"share_on_mastodon":{"url":"https:\/\/pubeurope.com\/@fr\/114575895682859230","error":""},"_links":{"self":[{"href":"https:\/\/www.europesays.com\/fr\/wp-json\/wp\/v2\/posts\/130052","targetHints":{"allow":["GET"]}}],"collection":[{"href":"https:\/\/www.europesays.com\/fr\/wp-json\/wp\/v2\/posts"}],"about":[{"href":"https:\/\/www.europesays.com\/fr\/wp-json\/wp\/v2\/types\/post"}],"author":[{"embeddable":true,"href":"https:\/\/www.europesays.com\/fr\/wp-json\/wp\/v2\/users\/2"}],"replies":[{"embeddable":true,"href":"https:\/\/www.europesays.com\/fr\/wp-json\/wp\/v2\/comments?post=130052"}],"version-history":[{"count":0,"href":"https:\/\/www.europesays.com\/fr\/wp-json\/wp\/v2\/posts\/130052\/revisions"}],"wp:featuredmedia":[{"embeddable":true,"href":"https:\/\/www.europesays.com\/fr\/wp-json\/wp\/v2\/media\/130053"}],"wp:attachment":[{"href":"https:\/\/www.europesays.com\/fr\/wp-json\/wp\/v2\/media?parent=130052"}],"wp:term":[{"taxonomy":"category","embeddable":true,"href":"https:\/\/www.europesays.com\/fr\/wp-json\/wp\/v2\/categories?post=130052"},{"taxonomy":"post_tag","embeddable":true,"href":"https:\/\/www.europesays.com\/fr\/wp-json\/wp\/v2\/tags?post=130052"}],"curies":[{"name":"wp","href":"https:\/\/api.w.org\/{rel}","templated":true}]}}