{"id":130062,"date":"2025-05-26T20:00:11","date_gmt":"2025-05-26T20:00:11","guid":{"rendered":"https:\/\/www.europesays.com\/fr\/130062\/"},"modified":"2025-05-26T20:00:11","modified_gmt":"2025-05-26T20:00:11","slug":"royaume-uni-un-automobiliste-fonce-dans-la-foule-a-liverpool-lors-de-la-parade-du-club-de-football","status":"publish","type":"post","link":"https:\/\/www.europesays.com\/fr\/130062\/","title":{"rendered":"Royaume-Uni. Un automobiliste fonce dans la foule \u00e0 Liverpool lors de la parade du club de football"},"content":{"rendered":"<p>La f\u00eate est g\u00e2ch\u00e9e \u00e0 Liverpool, ce lundi. Lors de la parade en ville des \u00ab Reds \u00bb, <a href=\"https:\/\/www.ledauphine.com\/sport\/2025\/04\/27\/angleterre-liverpool-ecrase-tiottenham-et-remporte-le-20e-titre-de-son-histoire\" target=\"_blank\" rel=\"nofollow noopener\">vainqueur du championnat de Premier League de football<\/a>, une voiture a fonc\u00e9 dans la foule, renversant plusieurs pi\u00e9tons.<\/p>\n<p>Les forces de l&rsquo;ordre sont rapidement intervenus, vers 18 h, heure locale. Le v\u00e9hicule a \u00e9t\u00e9 stopp\u00e9, et un homme interpell\u00e9, a rapport\u00e9 la police sur X.<\/p>\n<p>  Un homme de 53 ans<\/p>\n<p>\u00ab\u00a0Nous demandons aux gens de ne pas sp\u00e9culer sur les circonstances entourant l&rsquo;incident de ce soir sur Water Street dans le centre-ville de Liverpool \u00bb, a ajout\u00e9 la police dans un deuxi\u00e8me message, plus tard dans la soir\u00e9e.<\/p>\n<p>\u00ab\u00a0Nous pouvons confirmer que l&rsquo;homme arr\u00eat\u00e9 est un Britannique blanc de 53 ans originaire de la r\u00e9gion de Liverpool. Des enqu\u00eates approfondies sont en cours pour \u00e9tablir les circonstances qui ont conduit \u00e0 la collision \u00bb, ajoute les forces de l&rsquo;ordre, qui relaient un appel \u00e0 t\u00e9moin.<\/p>\n<p>  \u00ab\u00a0Les sc\u00e8nes \u00e0 Liverpool sont effroyables\u00a0\u00bb<\/p>\n<p>Sur des vid\u00e9os partag\u00e9es sur les r\u00e9seaux sociaux, on voit une voiture de couleur sombre rouler dans une rue bond\u00e9e de supporters du club de Liverpool. Plusieurs pi\u00e9tons sont percut\u00e9s avant que le v\u00e9hicule ne soit immobilis\u00e9. Plusieurs victimes ont \u00e9t\u00e9 prises en charge par les secours, selon des photographies de presse. La police n&rsquo;a pas pr\u00e9cis\u00e9 le nombre de bless\u00e9s. Un journaliste de l&rsquo;AFP a vu au moins quatre personnes \u00eatre \u00e9vacu\u00e9es sur des brancards. <\/p>\n<p>\u00ab\u00a0Les sc\u00e8nes \u00e0 Liverpool sont effroyables\u00a0\u00bb, a r\u00e9agi Keir Starmer, Premier ministre britannique. \u00ab\u00a0Mes pens\u00e9es vont \u00e0 tous ceux qui sont bless\u00e9s ou touch\u00e9s. Je tiens \u00e0 remercier la police et les services d\u2019urgence pour leur r\u00e9ponse rapide et continue \u00e0 cet incident choquant.\u00a0\u00bb<\/p>\n<p>Le Liverpool FC organisait un d\u00e9fil\u00e9 pour c\u00e9l\u00e9brer son triomphe en Premier League, avec des supporters pr\u00e9sents en masse tout au long du parcours de la parade. Des centaines de milliers de supporters s&rsquo;\u00e9taient rendus dans les rues de la ville pour c\u00e9l\u00e9brer la victoire du club dans le championnat national. <\/p>\n<p>Un t\u00e9moin cit\u00e9 par l&rsquo;agence britannique PA a dit avoir \u00ab vu des gens allong\u00e9s par terre, des gens inconscients \u00bb. \u00ab C&rsquo;\u00e9tait horrible. Tellement horrible \u00bb, a dit ce t\u00e9moin, Harry Rashid, 48 ans, qui assistait \u00e0 la parade avec ses deux filles et son \u00e9pouse. Il a vu la voiture percuter la foule. Elle \u00e9tait \u00ab extr\u00eamement rapide \u00bb. Il a indiqu\u00e9 avoir entendu le bruit de personnes heurt\u00e9es par le capot d&rsquo;une voiture. <\/p>\n","protected":false},"excerpt":{"rendered":"La f\u00eate est g\u00e2ch\u00e9e \u00e0 Liverpool, ce lundi. Lors de la parade en ville des \u00ab Reds \u00bb,&hellip;\n","protected":false},"author":2,"featured_media":130063,"comment_status":"","ping_status":"","sticky":false,"template":"","format":"standard","meta":{"footnotes":""},"categories":[1588],"tags":[11,271,272,1777,674,274,107,329,12,473,1853,517,1851,1850,1852],"class_list":{"0":"post-130062","1":"post","2":"type-post","3":"status-publish","4":"format-standard","5":"has-post-thumbnail","7":"category-royaume-uni","8":"tag-actualites","9":"tag-crime","10":"tag-delit-et-contravention","11":"tag-eu","12":"tag-europe","13":"tag-faits-divers-justice","14":"tag-fil-info","15":"tag-france-monde","16":"tag-news","17":"tag-royaume-uni","18":"tag-royaume-uni-de-grande-bretagne-et-dirlande-du-nord","19":"tag-sport","20":"tag-uk","21":"tag-united-kingdom","22":"tag-united-kingdom-of-great-britain-and-northern-ireland"},"share_on_mastodon":{"url":"https:\/\/pubeurope.com\/@fr\/114575915391034540","error":""},"_links":{"self":[{"href":"https:\/\/www.europesays.com\/fr\/wp-json\/wp\/v2\/posts\/130062","targetHints":{"allow":["GET"]}}],"collection":[{"href":"https:\/\/www.europesays.com\/fr\/wp-json\/wp\/v2\/posts"}],"about":[{"href":"https:\/\/www.europesays.com\/fr\/wp-json\/wp\/v2\/types\/post"}],"author":[{"embeddable":true,"href":"https:\/\/www.europesays.com\/fr\/wp-json\/wp\/v2\/users\/2"}],"replies":[{"embeddable":true,"href":"https:\/\/www.europesays.com\/fr\/wp-json\/wp\/v2\/comments?post=130062"}],"version-history":[{"count":0,"href":"https:\/\/www.europesays.com\/fr\/wp-json\/wp\/v2\/posts\/130062\/revisions"}],"wp:featuredmedia":[{"embeddable":true,"href":"https:\/\/www.europesays.com\/fr\/wp-json\/wp\/v2\/media\/130063"}],"wp:attachment":[{"href":"https:\/\/www.europesays.com\/fr\/wp-json\/wp\/v2\/media?parent=130062"}],"wp:term":[{"taxonomy":"category","embeddable":true,"href":"https:\/\/www.europesays.com\/fr\/wp-json\/wp\/v2\/categories?post=130062"},{"taxonomy":"post_tag","embeddable":true,"href":"https:\/\/www.europesays.com\/fr\/wp-json\/wp\/v2\/tags?post=130062"}],"curies":[{"name":"wp","href":"https:\/\/api.w.org\/{rel}","templated":true}]}}