{"id":130064,"date":"2025-05-26T20:01:11","date_gmt":"2025-05-26T20:01:11","guid":{"rendered":"https:\/\/www.europesays.com\/fr\/130064\/"},"modified":"2025-05-26T20:01:11","modified_gmt":"2025-05-26T20:01:11","slug":"berlin-critique-avec-fermete-laction-disrael-a-gaza","status":"publish","type":"post","link":"https:\/\/www.europesays.com\/fr\/130064\/","title":{"rendered":"Berlin critique avec fermet\u00e9 l&rsquo;action d&rsquo;Isra\u00ebl \u00e0 Gaza"},"content":{"rendered":"<p>L&rsquo;Allemagne rejoint l&rsquo;indignation internationale croissante, alors que les civils palestiniens manquent de tout, que le Haut-Commissaire aux droits de l&rsquo;Homme de l&rsquo;Onu met en garde contre \u00ab\u00a0un nettoyage ethnique\u00a0\u00bb et que le gouvernement isra\u00e9lien a clairement annonc\u00e9 son objectif de prendre le contr\u00f4le de toute la bande de Gaza.<\/p>\n<p>L&rsquo;arm\u00e9e isra\u00e9lienne <a href=\"https:\/\/fr.news.yahoo.com\/larm%C3%A9e-isra%C3%A9lienne-intensifie-encore-op%C3%A9rations-182900497.html\" data-ylk=\"slk:poursuit ses op\u00e9rations militaires;elm:context_link;itc:0;sec:content-canvas;outcm:mb_qualified_link;_E:mb_qualified_link;ct:story;\" class=\"link  yahoo-link\" target=\"_blank\" rel=\"noopener\">poursuit ses op\u00e9rations militaires<\/a> dans l&rsquo;enclave palestinienne et l&rsquo;aide humanitaire arrive au compte-goutte, dans un territoire ou plus de 90% des maisons sont d\u00e9sormais d\u00e9truites ou endommag\u00e9es.<\/p>\n<p>\u00ab\u00a0Je ne comprends franchement pas ce que l&rsquo;arm\u00e9e isra\u00e9lienne est en train de faire dans la bande de Gaza, et je ne vois pas quel est son objectif en affectant la population civile de la sorte, comme cela a \u00e9t\u00e9 de plus en plus le cas ces derniers jours\u00a0\u00bb : voil\u00e0 ce qu&rsquo;a d\u00e9clar\u00e9 Friedrich Merz.<\/p>\n<p><img class=\"caas-img caas-lazy has-preview\" alt=\"Isra\u00ebl dit avoir vis\u00e9 des terroristes du Hamas lors de la frappe contre une \u00e9cole accueillant des d\u00e9plac\u00e9s&lt;span class=&quot;copyright&quot;&gt;Dawoud Abu Alka\/REUTERS&lt;\/span&gt;\" data-src=\"https:\/\/www.europesays.com\/fr\/wp-content\/uploads\/2025\/05\/fd2a208bf80d9b55478114cf9ca7fea9.jpeg\"\/><\/p>\n<p>Isra\u00ebl dit avoir vis\u00e9 des terroristes du Hamas lors de la frappe contre une \u00e9cole accueillant des d\u00e9plac\u00e9sDawoud Abu Alka\/REUTERS<\/p>\n<p>Le chancelier allemand a mis le gouvernement isra\u00e9lien en garde : l&rsquo;Allemagne ne pourra pas continuer \u00e0 le soutenir, estimant que l&rsquo;on ne \u00ab\u00a0peut plus justifier (l&rsquo;intensification de l&rsquo;offensive isra\u00e9lienne) par une lutte contre le terrorisme du Hamas\u00a0\u00bb.<\/p>\n<p>Appels \u00e0 stopper les livraisons d&rsquo;armes \u00e0 Isra\u00ebl<\/p>\n<p>Le ministre allemand des Affaires \u00e9trang\u00e8res a toutefois assur\u00e9 tout \u00e0 l&rsquo;heure que Berlin continuera \u00e0 vendre des armes \u00e0 Isra\u00ebl.<\/p>\n<p>\u00ab\u00a0En tant que pays qui consid\u00e8re la s\u00e9curit\u00e9 et l&rsquo;existence d&rsquo;Isra\u00ebl comme un principe fondamental, l&rsquo;Allemagne est toujours tenue d&rsquo;aider Isra\u00ebl \u00e0 garantir sa s\u00e9curit\u00e9\u00a0\u00bb, a expliqu\u00e9 Johann Wadephul depuis Madrid, o\u00f9 il rencontrait son homologue espagnol, alors que l&rsquo;Espagne a appel\u00e9 l&rsquo;Union europ\u00e9enne \u00e0 un embargo sur les livraisons d&rsquo;armes \u00e0 Isra\u00ebl.<\/p>\n<p>En Allemagne, un tel embargo n&rsquo;est pas exclu du c\u00f4t\u00e9 du SPD, le parti social-d\u00e9mocrate qui gouverne avec les conservateurs de Friedrich Merz.<\/p>\n<p><img class=\"caas-img caas-lazy has-preview\" alt=\"Friedrich Merz n'avait pas exclu d'accueillir Benjamin Netanyahu en Allemagne, malgr\u00e9 le mandat d'arr\u00eat \u00e9mis par la CPI contre le Premier ministre isra\u00e9lien&lt;span class=&quot;copyright&quot;&gt;Michael Kappeler\/dpa\/picture-alliance&lt;\/span&gt;\" data-src=\"https:\/\/www.europesays.com\/fr\/wp-content\/uploads\/2025\/05\/1b7aed5798187779d8337d05b4884ac6.jpeg\"\/><\/p>\n<p>Friedrich Merz n&rsquo;avait pas exclu d&rsquo;accueillir Benjamin Netanyahu en Allemagne, malgr\u00e9 le mandat d&rsquo;arr\u00eat \u00e9mis par la CPI contre le Premier ministre isra\u00e9lienMichael Kappeler\/dpa\/picture-alliance<\/p>\n<p>Plusieurs d\u00e9put\u00e9s du SPD exigent ainsi l&rsquo;arr\u00eat des exportations d&rsquo;armes allemandes vers Isra\u00ebl, car ces armes ne doivent pas servir \u00e0 \u00ab\u00a0propager des catastrophes humanitaires et violer le droit international\u00a0\u00bb, selon les mots d&rsquo;Adis Ahmetovic, porte-parole du SPD au sein de la Commission des affaires \u00e9trang\u00e8res au Parlement.<\/p>\n<p>La s\u00e9curit\u00e9 d&rsquo;Isra\u00ebl est \u00ab\u00a0raison d&rsquo;Etat\u00a0\u00bb<\/p>\n<p>Rarement les actions isra\u00e9liennes ont \u00e9t\u00e9 critiqu\u00e9es \u00e0 ce point alors que l&rsquo;Allemagne est, avec les Etats-Unis, <a href=\"https:\/\/fr.news.yahoo.com\/60-ans-damiti%C3%A9-entre-lallemagne-155300194.html\" data-ylk=\"slk:l&#039;un des plus fid\u00e8les alli\u00e9s d&#039;Isra\u00ebl;elm:context_link;itc:0;sec:content-canvas;outcm:mb_qualified_link;_E:mb_qualified_link;ct:story;\" class=\"link  yahoo-link\" target=\"_blank\" rel=\"noopener\">l&rsquo;un des plus fid\u00e8les alli\u00e9s d&rsquo;Isra\u00ebl<\/a>. La s\u00e9curit\u00e9 et l&rsquo;existence de l&rsquo;Etat h\u00e9breu sont une \u00ab\u00a0raison d&rsquo;Etat\u00a0\u00bb pour Berlin, en raison de la responsabilit\u00e9 historique de l&rsquo;Allemagne pour les crimes commis \u00e0 l&rsquo;\u00e9poque du national-socialisme.<\/p>\n<p><img class=\"caas-img caas-lazy has-preview\" alt=\"Malgr\u00e9 la lev\u00e9e du blocus, l'aide humanitaire entrant dans la bande de Gaza restent largement insuffisante.&lt;span class=&quot;copyright&quot;&gt;Ali Jadallah\/Anadolu\/picture alliance&lt;\/span&gt;\" data-src=\"https:\/\/www.europesays.com\/fr\/wp-content\/uploads\/2025\/05\/0053458c6e226bc4b85d7badcfbc0b51.jpeg\"\/><\/p>\n<p>Malgr\u00e9 la lev\u00e9e du blocus, l&rsquo;aide humanitaire entrant dans la bande de Gaza restent largement insuffisante.Ali Jadallah\/Anadolu\/picture alliance<\/p>\n<p>Une \u00ab\u00a0raison d&rsquo;Etat\u00a0\u00bb toutefois de plus en plus remise en question. Pour Felix Klein, le d\u00e9l\u00e9gu\u00e9 allemand \u00e0 la lutte contre l&rsquo;antis\u00e9mitisme, si l&rsquo;Allemagne doit effectivement \u00ab\u00a0s&rsquo;engager de toutes [ses] forces pour pr\u00e9server la s\u00e9curit\u00e9 d&rsquo;Isra\u00ebl et des Juifs dans le monde\u00a0\u00bb, le pays doit aussi \u00ab\u00a0dire clairement que cela ne justifie pas tout\u00a0\u00bb.<\/p>\n<p>Dans une interview \u00e0 nos confr\u00e8res de la FAZ, Felix Klein estime qu&rsquo;affamer les Palestiniens \u00ab\u00a0ne peut pas non plus \u00eatre la raison d&rsquo;Etat allemande\u00a0\u00bb et que critiquer le gouvernement isra\u00e9lien et questionner le respect des droits de l&rsquo;Homme ne rel\u00e8ve pas de l&rsquo;antis\u00e9mitisme mais bien de la politique.<\/p>\n","protected":false},"excerpt":{"rendered":"L&rsquo;Allemagne rejoint l&rsquo;indignation internationale croissante, alors que les civils palestiniens manquent de tout, que le Haut-Commissaire aux droits&hellip;\n","protected":false},"author":2,"featured_media":130065,"comment_status":"","ping_status":"","sticky":false,"template":"","format":"standard","meta":{"footnotes":""},"categories":[1587],"tags":[11,672,4628,1804,1805,1803,1777,674,4710,1801,25409,664,25410,3442,12,1802],"class_list":{"0":"post-130064","1":"post","2":"type-post","3":"status-publish","4":"format-standard","5":"has-post-thumbnail","7":"category-allemagne","8":"tag-actualites","9":"tag-allemagne","10":"tag-bande-de-gaza","11":"tag-bundesrepublik-deutschland","12":"tag-de","13":"tag-deutschland","14":"tag-eu","15":"tag-europe","16":"tag-friedrich-merz","17":"tag-germany","18":"tag-gouvernement-israelien","19":"tag-israel","20":"tag-laide-humanitaire","21":"tag-lallemagne","22":"tag-news","23":"tag-republique-federale-dallemagne"},"share_on_mastodon":{"url":"https:\/\/pubeurope.com\/@fr\/114575919263206612","error":""},"_links":{"self":[{"href":"https:\/\/www.europesays.com\/fr\/wp-json\/wp\/v2\/posts\/130064","targetHints":{"allow":["GET"]}}],"collection":[{"href":"https:\/\/www.europesays.com\/fr\/wp-json\/wp\/v2\/posts"}],"about":[{"href":"https:\/\/www.europesays.com\/fr\/wp-json\/wp\/v2\/types\/post"}],"author":[{"embeddable":true,"href":"https:\/\/www.europesays.com\/fr\/wp-json\/wp\/v2\/users\/2"}],"replies":[{"embeddable":true,"href":"https:\/\/www.europesays.com\/fr\/wp-json\/wp\/v2\/comments?post=130064"}],"version-history":[{"count":0,"href":"https:\/\/www.europesays.com\/fr\/wp-json\/wp\/v2\/posts\/130064\/revisions"}],"wp:featuredmedia":[{"embeddable":true,"href":"https:\/\/www.europesays.com\/fr\/wp-json\/wp\/v2\/media\/130065"}],"wp:attachment":[{"href":"https:\/\/www.europesays.com\/fr\/wp-json\/wp\/v2\/media?parent=130064"}],"wp:term":[{"taxonomy":"category","embeddable":true,"href":"https:\/\/www.europesays.com\/fr\/wp-json\/wp\/v2\/categories?post=130064"},{"taxonomy":"post_tag","embeddable":true,"href":"https:\/\/www.europesays.com\/fr\/wp-json\/wp\/v2\/tags?post=130064"}],"curies":[{"name":"wp","href":"https:\/\/api.w.org\/{rel}","templated":true}]}}