{"id":130086,"date":"2025-05-26T20:14:13","date_gmt":"2025-05-26T20:14:13","guid":{"rendered":"https:\/\/www.europesays.com\/fr\/130086\/"},"modified":"2025-05-26T20:14:13","modified_gmt":"2025-05-26T20:14:13","slug":"cyclisme-transferts-damiano-caruso-prolonge-dun-an-la-decision-la-plus-facile","status":"publish","type":"post","link":"https:\/\/www.europesays.com\/fr\/130086\/","title":{"rendered":"Cyclisme. Transferts &#8211; Damiano Caruso prolonge d&rsquo;un an : \u00abLa d\u00e9cision la plus facile\u00bb"},"content":{"rendered":"<p>Plac\u00e9 en 6e position du <strong><a href=\"https:\/\/www.cyclismactu.net\/..\/news-giro-route-tour-d-italie-profil-et-favoris-de-16e-etape-une-des-plus-dures-du-giro-88060.html\" target=\"_blank\" rel=\"nofollow noopener\">Tour d&rsquo;Italie<\/a><\/strong> et toujours dans le coup pour jouer le podium de la Corsa Rosa la veille de la derni\u00e8re semaine, <strong>Damiano Caruso<\/strong>\u00a0a profit\u00e9 de la journ\u00e9e de repos ce lundi pour prolonger d&rsquo;un an son contrat avec la formation <strong>Bahrain Victorious. <\/strong>Le grimpeur Italien de 37 ans, atout pr\u00e9cieux sur le Giro pour le leader d\u00e9sign\u00e9 de sa formation, <strong><a href=\"https:\/\/www.cyclismactu.net\/..\/news-tour-d-italie-route-antonio-tiberi-isaac-del-toro-a-rose-mais-juan-ayuso-88062.html\" target=\"_blank\" rel=\"nofollow noopener\">Antonio Tiberi<\/a><\/strong>, affiche encore un tr\u00e8s bon niveau sur une course qu&rsquo;il conna\u00eet tr\u00e8s bien, lui qui a remport\u00e9 une \u00e9tape et fini second en 2021. Pr\u00e9sent depuis 2019 dans l&rsquo;\u00e9quipe bahre\u00efnie, l&rsquo;Italien va donc effectuer une 20e saison chez les professionnels apr\u00e8s \u00eatre pass\u00e9 notamment au sein de la\u00a0<strong>Cannondale <\/strong>ou encore la formation <strong>BMC.<\/strong><\/p>\n<p>Vid\u00e9o &#8211; Damiano Caruso, 6e du Giro avant la derni\u00e8re semaine Lire la suite de l&rsquo;article&#13;<\/p>\n<p>\u00a0<\/p>\n<p>&#13;<br \/>\n\u00ab\u00a0La d\u00e9cision la plus facile \u00e0 prendre\u00a0\u00bb&#13;<\/p>\n<p>Avec 80 podiums et deux victoires d&rsquo;\u00e9tapes sur des grands tours (Giro et Vuelta 2021), <strong>Damiano Caruso <\/strong>a expliqu\u00e9 sur le site de sa formation : \u00ab\u00a0Pour moi, c&rsquo;\u00e9tait la d\u00e9cision la plus facile \u00e0 prendre. Continuer avec cette \u00e9quipe, o\u00f9 j&rsquo;ai v\u00e9cu les plus belles ann\u00e9es de ma carri\u00e8re&#8230; Je ne pourrais souhaiter courir ailleurs\u00a0\u00bb.\u00a0Une satisfaction partag\u00e9e par son directeur technique, <strong>Vladimir Miholjevic <\/strong>: \u00ab\u00a0Damiano a montr\u00e9 ses qualit\u00e9s encore et encore, y compris actuellement sur les routes italiennes. Nous sommes extr\u00eamement heureux qu&rsquo;il reste notre coureur en 2026\u00a0\u00bb<\/p>\n","protected":false},"excerpt":{"rendered":"Plac\u00e9 en 6e position du Tour d&rsquo;Italie et toujours dans le coup pour jouer le podium de la&hellip;\n","protected":false},"author":2,"featured_media":130087,"comment_status":"","ping_status":"","sticky":false,"template":"","format":"standard","meta":{"footnotes":""},"categories":[1411],"tags":[1154,207,211,1011,27,209,60,210,10662,212,208,213],"class_list":{"0":"post-130086","1":"post","2":"type-post","3":"status-publish","4":"format-standard","5":"has-post-thumbnail","7":"category-cyclisme","8":"tag-cycling","9":"tag-cyclisme","10":"tag-ffc","11":"tag-fr","12":"tag-france","13":"tag-route","14":"tag-sports","15":"tag-tour-de-france","16":"tag-transferts","17":"tag-uci","18":"tag-velo","19":"tag-world-tour"},"share_on_mastodon":{"url":"https:\/\/pubeurope.com\/@fr\/114575970333833757","error":""},"_links":{"self":[{"href":"https:\/\/www.europesays.com\/fr\/wp-json\/wp\/v2\/posts\/130086","targetHints":{"allow":["GET"]}}],"collection":[{"href":"https:\/\/www.europesays.com\/fr\/wp-json\/wp\/v2\/posts"}],"about":[{"href":"https:\/\/www.europesays.com\/fr\/wp-json\/wp\/v2\/types\/post"}],"author":[{"embeddable":true,"href":"https:\/\/www.europesays.com\/fr\/wp-json\/wp\/v2\/users\/2"}],"replies":[{"embeddable":true,"href":"https:\/\/www.europesays.com\/fr\/wp-json\/wp\/v2\/comments?post=130086"}],"version-history":[{"count":0,"href":"https:\/\/www.europesays.com\/fr\/wp-json\/wp\/v2\/posts\/130086\/revisions"}],"wp:featuredmedia":[{"embeddable":true,"href":"https:\/\/www.europesays.com\/fr\/wp-json\/wp\/v2\/media\/130087"}],"wp:attachment":[{"href":"https:\/\/www.europesays.com\/fr\/wp-json\/wp\/v2\/media?parent=130086"}],"wp:term":[{"taxonomy":"category","embeddable":true,"href":"https:\/\/www.europesays.com\/fr\/wp-json\/wp\/v2\/categories?post=130086"},{"taxonomy":"post_tag","embeddable":true,"href":"https:\/\/www.europesays.com\/fr\/wp-json\/wp\/v2\/tags?post=130086"}],"curies":[{"name":"wp","href":"https:\/\/api.w.org\/{rel}","templated":true}]}}