{"id":130090,"date":"2025-05-26T20:16:09","date_gmt":"2025-05-26T20:16:09","guid":{"rendered":"https:\/\/www.europesays.com\/fr\/130090\/"},"modified":"2025-05-26T20:16:09","modified_gmt":"2025-05-26T20:16:09","slug":"laurent-ruquier-et-nabilla-le-reglement-de-comptes-se-poursuit","status":"publish","type":"post","link":"https:\/\/www.europesays.com\/fr\/130090\/","title":{"rendered":"Laurent Ruquier et Nabilla : le r\u00e8glement de comptes se poursuit"},"content":{"rendered":"<p>La hache de guerre bient\u00f4t enterr\u00e9e ? Laurent Ruquier a en tout fait un premier pas important. Le 22 mai 2025, dans son \u00e9mission <strong>\u00ab\u00a0Les Grosses T\u00eates\u00a0\u00bb<\/strong> sur RTL, <a href=\"https:\/\/www.public.fr\/cest-honteux-laurent-ruquier-choque-par-la-presence-de-nabilla-dans-c-a-vous-il-pousse-un-coup-de-gueule\" rel=\"nofollow noopener\" target=\"_blank\">Laurent Ruquier critiquait<\/a> la pr\u00e9sence de <a href=\"https:\/\/www.public.fr\/tag\/nabilla-benattia\" rel=\"nofollow noopener\" target=\"_blank\">Nabilla<\/a> sur le plateau de <strong>\u00ab\u00a0C \u00e0 Vous\u00a0\u00bb<\/strong>. Ou plut\u00f4t, la pr\u00e9sence de l\u2019ancienne candidate de t\u00e9l\u00e9r\u00e9alit\u00e9, au m\u00eame moment que Jodie Foster.\u00a0<\/p>\n<p>\u00ab\u00a0Dieu sait que j&rsquo;aime beaucoup <a href=\"https:\/\/www.public.fr\/tag\/anne-elisabeth-lemoine\" rel=\"nofollow noopener\" target=\"_blank\">Anne-\u00c9lisabeth Lemoine<\/a> et l&rsquo;\u00e9mission C \u00e0 vous, mais je trouve que, quand m\u00eame, franchement,\u00a0quand on re\u00e7oit <a href=\"https:\/\/www.public.fr\/tag\/jodie-foster\" rel=\"nofollow noopener\" target=\"_blank\">Jodie Foster<\/a>, on ne re\u00e7oit pas <a href=\"https:\/\/vsd.fr\/tag\/nabilla\/\" rel=\"nofollow noopener\" target=\"_blank\">Nabilla<\/a> en m\u00eame temps\u00a0! Je trouve \u00e7a honteux moi. Je n&rsquo;ai aucun probl\u00e8me \u00e0 ce qu&rsquo;on re\u00e7oive Nabilla dans C \u00e0 vous. Le probl\u00e8me, pour moi, \u00e7a m&rsquo;a choqu\u00e9, ce n\u2019est pas en m\u00eame temps que Jodie Foster !\u00a0\u00bb, argumentait le journaliste.<\/p>\n<p>Laurent Ruquier, clash\u00e9 par Nabilla<\/p>\n<p>Face \u00e0 ces tacles, <a href=\"https:\/\/www.public.fr\/encore-vivant-vous-nabilla-benattia-repond-a-laurent-ruquier-et-le-traite-de-con\" rel=\"nofollow noopener\" target=\"_blank\">Nabilla n\u2019avait pas tard\u00e9 \u00e0 r\u00e9pondre<\/a>. Quelques heures plus tard, la compagne de Thomas Vergara a en effet pris la parole pour s\u2019attaquer au pr\u00e9sentateur des <strong>\u00ab\u00a0Grosses T\u00eates\u00a0\u00bb<\/strong> et enqu\u00eateur de <strong>\u00ab\u00a0Mask Singer\u00a0\u00bb<\/strong>.\u00a0<\/p>\n<p><strong>\u00ab\u00a0Vous \u00eates encore vivant vous ? CON DESCENDANT\u00a0\u00bb<\/strong>, a-t-elle r\u00e9pondu sur son compte X en partageant un article de nos confr\u00e8res de Voici qui citaient Laurent Ruquier en train de tacler l\u2019ancienne candidate des <strong>\u00ab\u00a0Anges\u00a0\u00bb<\/strong>.\u00a0<\/p>\n<p>Ce lundi 26 mai 2025, Laurent Ruquier a d\u00e9cid\u00e9 de remettre le sujet sur la table et ouvrir la porte \u00e0 une r\u00e9conciliation. Alors que l\u2019humoriste AZ faisait son retour dans l\u2019\u00e9mission apr\u00e8s une semaine \u00e0 Cannes, l\u2019animateur lui a demand\u00e9 : \u00ab\u00a0Vous avez rencontr\u00e9 des stars ? <strong>Vous n&rsquo;avez pas vu ma copine Nabilla ?\u00a0\u00bb.<\/strong><\/p>\n<p>Le journaliste, pr\u00eat \u00e0 enterrer la hache de guerre, mais glisse un nouveau tacle<\/p>\n<p>\u00ab\u00a0Oui je l&rsquo;ai vue de loin. Apparemment elle s&rsquo;est fait recaler d&rsquo;une soir\u00e9e\u00a0\u00bb, a alors inform\u00e9 l\u2019humoriste avant que Laurent Ruquier ne r\u00e9torque : \u00ab\u00a0Ce n&rsquo;est pas vrai !? Elle n&rsquo;avait qu&rsquo;\u00e0 pas \u00eatre m\u00e9chante avec moi, il faut dire que j&rsquo;avais pas \u00e9t\u00e9 gentil avec elle, elle s&rsquo;est veng\u00e9e\u00a0\u00bb.<\/p>\n<p>Apr\u00e8s sa blague, l\u2019ancien compagnon de Hugo Manos a \u00ab\u00a0pr\u00e9sent\u00e9 ses excuses\u00a0\u00bb : \u00ab\u00a0<strong>Ce n&rsquo;\u00e9tait pas tr\u00e8s gentil, je reconnais. Mais je n&rsquo;ai absolument rien contre Nabilla ! Il l&rsquo;aurait invit\u00e9 un autre jour, tr\u00e8s bien.<\/strong>\u00a0Mais qu&rsquo;il l&rsquo;invite en m\u00eame temps que Jodie Foster, \u00e7a m&rsquo;avait un peu chiffonn\u00e9\u00a0\u00bb.<\/p>\n<p>Apr\u00e8s avoir ouvert la porte \u00e0 une \u00e9ventuelle r\u00e9conciliation, Laurent Ruquier a souhait\u00e9 revenir sur l\u2019attaque de la part de Nabilla pour lui r\u00e9pondre. \u00ab\u00a0Elle a \u00e9t\u00e9 plut\u00f4t dr\u00f4le Nabilla, parce qu&rsquo;elle a dit :\u00a0&lsquo;Il est toujours vivant celui-l\u00e0\u2019\u00a0\u00bb, a-t-il rappel\u00e9, avant de r\u00e9v\u00e9ler : \u00ab\u00a0Je lui r\u00e9pondrai :\u00a0<strong>&lsquo;Oui je suis toujours vivant, car je n&rsquo;ai pas rencontr\u00e9 son mec avec un poignard\u2019.<\/strong>\u00ab\u00a0<\/p>\n<p>\u00ab\u00a0<strong>Moi, je suis pour qu&rsquo;on l&rsquo;invite ici, si elle accepte, je n&rsquo;ai aucun probl\u00e8me avec Nabilla.\u00a0<\/strong>C&rsquo;\u00e9tait juste Nabilla + Jodie Foster\u00a0\u00bb, a de nouveau rench\u00e9ri Laurent Ruquier. Ce dernier, r\u00e9v\u00e9lant dans <strong>\u00ab\u00a0Les Grosses T\u00eates\u00a0\u00bb<\/strong> avoir \u00ab\u00a0r\u00e9fl\u00e9chi tout le week-end\u00a0\u00bb et avoir pris connaissance qu\u2019il avait \u00ab\u00a0fait une boulette\u00a0\u00bb : \u00ab\u00a0parce que, on ne sait jamais, \u00e7a se trouve, la prochaine une de Voici, je vais lire : \u2018Jodie Foster et Nabilla, une histoire d&rsquo;amour qui a commenc\u00e9 sur le plateau de C \u00e0 vous&rsquo;,\u00a0et l\u00e0 je vais passer pour un gros c*n\u00a0\u00bb.<\/p>\n<p>      Mentionn\u00e9s dans cet article<\/p>\n<p>\u00c0 lire aussi<\/p>\n","protected":false},"excerpt":{"rendered":"La hache de guerre bient\u00f4t enterr\u00e9e ? Laurent Ruquier a en tout fait un premier pas important. Le&hellip;\n","protected":false},"author":2,"featured_media":130091,"comment_status":"","ping_status":"","sticky":false,"template":"","format":"standard","meta":{"footnotes":""},"categories":[1359],"tags":[5631,5632,58,59,1011,27,24016,1759,7216,23482,973],"class_list":{"0":"post-130090","1":"post","2":"type-post","3":"status-publish","4":"format-standard","5":"has-post-thumbnail","7":"category-people","8":"tag-anne-elisabeth-lemoine","9":"tag-c-a-vous","10":"tag-divertissement","11":"tag-entertainment","12":"tag-fr","13":"tag-france","14":"tag-jodie-foster","15":"tag-laurent-ruquier","16":"tag-les-grosses-tetes","17":"tag-nabilla-benattia","18":"tag-people"},"share_on_mastodon":{"url":"https:\/\/pubeurope.com\/@fr\/114575978810695370","error":""},"_links":{"self":[{"href":"https:\/\/www.europesays.com\/fr\/wp-json\/wp\/v2\/posts\/130090","targetHints":{"allow":["GET"]}}],"collection":[{"href":"https:\/\/www.europesays.com\/fr\/wp-json\/wp\/v2\/posts"}],"about":[{"href":"https:\/\/www.europesays.com\/fr\/wp-json\/wp\/v2\/types\/post"}],"author":[{"embeddable":true,"href":"https:\/\/www.europesays.com\/fr\/wp-json\/wp\/v2\/users\/2"}],"replies":[{"embeddable":true,"href":"https:\/\/www.europesays.com\/fr\/wp-json\/wp\/v2\/comments?post=130090"}],"version-history":[{"count":0,"href":"https:\/\/www.europesays.com\/fr\/wp-json\/wp\/v2\/posts\/130090\/revisions"}],"wp:featuredmedia":[{"embeddable":true,"href":"https:\/\/www.europesays.com\/fr\/wp-json\/wp\/v2\/media\/130091"}],"wp:attachment":[{"href":"https:\/\/www.europesays.com\/fr\/wp-json\/wp\/v2\/media?parent=130090"}],"wp:term":[{"taxonomy":"category","embeddable":true,"href":"https:\/\/www.europesays.com\/fr\/wp-json\/wp\/v2\/categories?post=130090"},{"taxonomy":"post_tag","embeddable":true,"href":"https:\/\/www.europesays.com\/fr\/wp-json\/wp\/v2\/tags?post=130090"}],"curies":[{"name":"wp","href":"https:\/\/api.w.org\/{rel}","templated":true}]}}