{"id":130106,"date":"2025-05-26T20:24:09","date_gmt":"2025-05-26T20:24:09","guid":{"rendered":"https:\/\/www.europesays.com\/fr\/130106\/"},"modified":"2025-05-26T20:24:09","modified_gmt":"2025-05-26T20:24:09","slug":"lironie-de-kate-middleton-apres-avoir-ete-confondue-avec-lassistante-du-prince-william","status":"publish","type":"post","link":"https:\/\/www.europesays.com\/fr\/130106\/","title":{"rendered":"l\u2019ironie de Kate Middleton apr\u00e8s avoir \u00e9t\u00e9 confondue avec l\u2019assistante du prince William"},"content":{"rendered":"<p>Lors d\u2019une sortie royale en 2020, Kate Middleton a \u00e9t\u00e9 confondue avec une assistante du prince William. Une situation \u00e0 laquelle elle a su r\u00e9pondre avec brio.<\/p>\n<p class=\"fig-paragraph\"><a href=\"https:\/\/madame.lefigaro.fr\/tag\/kate-middleton\" target=\"_blank\" rel=\"noopener\" data-gtm-custom-categorie=\"navigation\" data-gtm-custom-action=\"crossclick\" data-gtm-custom-label=\"Contextuel\" data-gtm-event=\"customEventSPE\">Kate Middleton<\/a>\u00a0a de la r\u00e9partie et elle n\u2019a de cesse de le prouver. Alors qu\u2019elle vient de f\u00eater ses 14 ans de mariage avec le\u00a0<a href=\"https:\/\/madame.lefigaro.fr\/tag\/prince-william\" target=\"_blank\" rel=\"noopener\" data-gtm-custom-categorie=\"navigation\" data-gtm-custom-action=\"crossclick\" data-gtm-custom-label=\"Contextuel\" data-gtm-event=\"customEventSPE\">prince William<\/a>, le magazine\u00a0<a href=\"https:\/\/www.hellomagazine.com\/royalty\/834099\/kate-middleton-response-mistaken-prince-william-assistant\/\" target=\"_blank\" rel=\"nofollow noopener\" data-gtm-custom-categorie=\"navigation\" data-gtm-custom-action=\"crossclick\" data-gtm-custom-label=\"Contextuel\" data-gtm-event=\"customEventSPE\">Hello!<\/a> \u00a0s\u2019est souvenu d\u2019une anecdote v\u00e9cue par le couple en ao\u00fbt 2020. En pleine visite d\u2019une maison de soins pour personnes \u00e2g\u00e9es \u00e0 Cardiff au Pays de Galles, le prince et la princesse de Galles ont eu une interaction des plus originales et directes avec l\u2019un des r\u00e9sidents.<\/p>\n<p class=\"fig-paragraph\">Appel\u00e9 Joan Drew-Smith, le r\u00e9sident avait d\u00e9j\u00e0 fait la une pour avoir partag\u00e9 une partie de bingo avec Kate Middleton et le prince William, o\u00f9 il n\u2019avait pas h\u00e9sit\u00e9 \u00e0 \u00eatre honn\u00eate, et assez critique, sur leur fa\u00e7on de jouer. \u00abBonjour Joan, vous souvenez-vous que nous avions fait un bingo avec vous\u00a0? Vous aviez dit que nous n\u2019\u00e9tions pas tr\u00e8s bons\u00a0!\u00bb, lui avait lanc\u00e9 le prince William. \u00abOui, vous aviez fait un sale boulot\u00bb, lui avait alors r\u00e9pondu le pensionnaire, sans chercher \u00e0 le m\u00e9nager.<\/p>\n<p class=\"fig-body-link&#10;    \">\n            \u00c0 lire aussi<br \/>\n        <a class=\"fig-body-link__link\" href=\"http:\/\/madame.lefigaro.fr\/style\/news\/l-elegante-apparition-de-kate-middleton-en-ecosse-dans-une-tenue-facon-hotesse-de-l-air-20250522\" data-fig-type=\"Article\" data-gtm-custom-categorie=\"navigation\" data-gtm-custom-action=\"crossclick\" data-gtm-custom-label=\"Contextuel\" data-gtm-event=\"customEventSPE\" data-fig-domain=\"MADAME\" target=\"_blank\" rel=\"noopener\">L\u2019\u00e9l\u00e9gante apparition de Kate Middleton en \u00c9cosse dans une tenue fa\u00e7on h\u00f4tesse de l\u2019air<\/a>\n<\/p>\n<p>\u00a0\u00bb<br \/>\n        data-script=\u00a0\u00bbhttps:\/\/static.lefigaro.fr\/widget-video\/short-ttl\/video\/index.js\u00a0\u00bb<br \/>\n    &gt;<\/p>\n<p class=\"fig-paragraph\">Puis en montrant Kate, alors duchesse de Cambridge, il avait r\u00e9pliqu\u00e9\u00a0: \u00abEst-ce votre assistante\u00a0?\u00bb, semblant ne pas reconna\u00eetre la princesse dont le visage \u00e9tait \u00e0 moiti\u00e9 cach\u00e9 derri\u00e8re un masque, pand\u00e9mie de Covid-19 oblige. Une remarque qui n\u2019a pas d\u00e9concert\u00e9 la princesse de Galles, qui lui a imm\u00e9diatement r\u00e9pondu sur une note d\u2019humour. En posant la main sur l\u2019\u00e9paule du prince William, elle lui a lanc\u00e9\u00a0: \u00abEh bien, je suis votre assistante\u00a0! Je le suis depuis longtemps\u00a0!\u00bb<\/p>\n<p>Un r\u00f4le de soutien<\/p>\n<p class=\"fig-paragraph\">La r\u00e9ponse l\u00e9g\u00e8re de Kate Middleton avait alors montr\u00e9 son r\u00f4le de soutien, sans jamais vouloir lui prendre sa place. \u00abElle n\u2019essaie jamais de l\u2019\u00e9clipser de quelque mani\u00e8re que ce soit\u00a0\u00bb, a pr\u00e9c\u00e9demment d\u00e9clar\u00e9 la biographe royale Penny Junor \u00e0\u00a0<a href=\"https:\/\/people.com\/royals\/why-kate-middleton-is-a-bit-like-prince-philip\/\" target=\"_blank\" rel=\"nofollow noopener\" data-gtm-custom-categorie=\"navigation\" data-gtm-custom-action=\"crossclick\" data-gtm-custom-label=\"Contextuel\" data-gtm-event=\"customEventSPE\">People<\/a> \u00a0en 2020. \u00abJe pense que Kate est un peu comme le\u00a0<a href=\"https:\/\/madame.lefigaro.fr\/tag\/prince-philip\" target=\"_blank\" rel=\"noopener\" data-gtm-custom-categorie=\"navigation\" data-gtm-custom-action=\"crossclick\" data-gtm-custom-label=\"Contextuel\" data-gtm-event=\"customEventSPE\">prince Philip<\/a>\u00a0qui soutenait\u00a0<a href=\"https:\/\/madame.lefigaro.fr\/tag\/elizabeth-ii\" target=\"_blank\" rel=\"noopener\" data-gtm-custom-categorie=\"navigation\" data-gtm-custom-action=\"crossclick\" data-gtm-custom-label=\"Contextuel\" data-gtm-event=\"customEventSPE\">Elizabeth II<\/a>. Elle n\u2019\u00e9clipse pas William, mais elle a encore beaucoup \u00e0 dire elle-m\u00eame.\u00bb Une position exemplaire, sans en avoir l\u2019air, pour la future souveraine du Royaume-Uni.<\/p>\n","protected":false},"excerpt":{"rendered":"Lors d\u2019une sortie royale en 2020, Kate Middleton a \u00e9t\u00e9 confondue avec une assistante du prince William. Une&hellip;\n","protected":false},"author":2,"featured_media":130107,"comment_status":"","ping_status":"","sticky":false,"template":"","format":"standard","meta":{"footnotes":""},"categories":[8],"tags":[253,2594,970,2593,972,1696,650,58,59,849,638,1011,27,2173,5858,977,873,973,3936,974],"class_list":{"0":"post-130106","1":"post","2":"type-post","3":"status-publish","4":"format-standard","5":"has-post-thumbnail","7":"category-divertissement","8":"tag-acteur","9":"tag-actrice","10":"tag-aristo-co","11":"tag-artiste","12":"tag-celebrite","13":"tag-chanteur","14":"tag-cinema","15":"tag-divertissement","16":"tag-entertainment","17":"tag-festival","18":"tag-figaro","19":"tag-fr","20":"tag-france","21":"tag-interview","22":"tag-kate-middleton","23":"tag-madame","24":"tag-musique","25":"tag-people","26":"tag-prince-william","27":"tag-star"},"share_on_mastodon":{"url":"https:\/\/pubeurope.com\/@fr\/114576009741916294","error":""},"_links":{"self":[{"href":"https:\/\/www.europesays.com\/fr\/wp-json\/wp\/v2\/posts\/130106","targetHints":{"allow":["GET"]}}],"collection":[{"href":"https:\/\/www.europesays.com\/fr\/wp-json\/wp\/v2\/posts"}],"about":[{"href":"https:\/\/www.europesays.com\/fr\/wp-json\/wp\/v2\/types\/post"}],"author":[{"embeddable":true,"href":"https:\/\/www.europesays.com\/fr\/wp-json\/wp\/v2\/users\/2"}],"replies":[{"embeddable":true,"href":"https:\/\/www.europesays.com\/fr\/wp-json\/wp\/v2\/comments?post=130106"}],"version-history":[{"count":0,"href":"https:\/\/www.europesays.com\/fr\/wp-json\/wp\/v2\/posts\/130106\/revisions"}],"wp:featuredmedia":[{"embeddable":true,"href":"https:\/\/www.europesays.com\/fr\/wp-json\/wp\/v2\/media\/130107"}],"wp:attachment":[{"href":"https:\/\/www.europesays.com\/fr\/wp-json\/wp\/v2\/media?parent=130106"}],"wp:term":[{"taxonomy":"category","embeddable":true,"href":"https:\/\/www.europesays.com\/fr\/wp-json\/wp\/v2\/categories?post=130106"},{"taxonomy":"post_tag","embeddable":true,"href":"https:\/\/www.europesays.com\/fr\/wp-json\/wp\/v2\/tags?post=130106"}],"curies":[{"name":"wp","href":"https:\/\/api.w.org\/{rel}","templated":true}]}}