{"id":130110,"date":"2025-05-26T20:26:08","date_gmt":"2025-05-26T20:26:08","guid":{"rendered":"https:\/\/www.europesays.com\/fr\/130110\/"},"modified":"2025-05-26T20:26:08","modified_gmt":"2025-05-26T20:26:08","slug":"christine-lagarde-sen-prend-aux-propos-terribles-de-trump-sur-lue","status":"publish","type":"post","link":"https:\/\/www.europesays.com\/fr\/130110\/","title":{"rendered":"Christine Lagarde s\u2019en prend aux propos \u00abterribles\u00bb de Trump sur l&rsquo;UE"},"content":{"rendered":"<p>L\u2019Europe ne peut pas \u00abrester les bras crois\u00e9s et faire semblant\u00bb, estime la pr\u00e9sidente de la BCE, face aux menaces de barri\u00e8res douani\u00e8res de 50% agit\u00e9es par le pr\u00e9sident am\u00e9ricain.<\/p>\n<p class=\"fig-paragraph\">Christine Lagarde a-t-elle voulu mettre les points sur les i\u00a0? La pr\u00e9sidente de la\u00a0<a href=\"http:\/\/www.lefigaro.fr\/conjoncture\/zone-euro-la-bce-laisse-ses-taux-inchanges-20240125\" data-fig-type=\"NewsFlash\" data-gtm-custom-categorie=\"navigation\" data-gtm-custom-action=\"crossclick\" data-gtm-custom-label=\"Contextuel\" data-gtm-event=\"customEventSPE\" data-fig-domain=\"LEFIGARO\" target=\"_blank\" rel=\"noopener\">Banque centrale europ\u00e9enne<\/a>\u00a0(BCE) a critiqu\u00e9 lundi le \u00ablangage terrible\u00bb du pr\u00e9sident Donald Trump \u00e0 l&rsquo;\u00e9gard de l&rsquo;Union europ\u00e9enne, en r\u00e9ponse \u00e0 ses commentaires selon lesquels le bloc aurait \u00e9t\u00e9 form\u00e9 pour \u00abnuire\u00bb aux \u00c9tats-Unis. Elle a d\u00e9clar\u00e9 \u00e0 la cha\u00eene allemande ARD que les\u00a0<a href=\"http:\/\/www.lefigaro.fr\/international\/l-asean-se-detourne-des-etats-unis-en-faveur-de-la-chine-et-du-golfe-20250526\" data-fig-type=\"Article\" data-gtm-custom-categorie=\"navigation\" data-gtm-custom-action=\"crossclick\" data-gtm-custom-label=\"Contextuel\" data-gtm-event=\"customEventSPE\" data-fig-domain=\"LEFIGARO\" target=\"_blank\" rel=\"noopener\">\u00c9tats-Unis<\/a>\u00a0avaient encourag\u00e9 la formation de l&rsquo;Union europ\u00e9enne, ajoutant qu&rsquo;affirmer \u00abqu&rsquo;elle avait \u00e9t\u00e9 cr\u00e9\u00e9e dans l&rsquo;intention de r\u00e9ellement porter atteinte aux \u00c9tats-Unis est compl\u00e8tement contre-intuitif. Cela va \u00e0 l&rsquo;encontre de l&rsquo;histoire. Et ce n&rsquo;est certainement pas le but de cette r\u00e9gion\u00bb.<\/p>\n<p class=\"fig-paragraph\">Le\u00a0<a href=\"http:\/\/www.lefigaro.fr\/conjoncture\/au-vietnam-emmanuel-macron-tente-de-se-frayer-un-chemin-entre-donald-trump-et-xi-jinping-20250526\" data-fig-type=\"Article\" data-gtm-custom-categorie=\"navigation\" data-gtm-custom-action=\"crossclick\" data-gtm-custom-label=\"Contextuel\" data-gtm-event=\"customEventSPE\" data-fig-domain=\"LEFIGARO\" target=\"_blank\" rel=\"noopener\">pr\u00e9sident am\u00e9ricain<\/a>\u00a0a fait ce type de commentaires sur l&rsquo;UE plus t\u00f4t cette ann\u00e9e lorsqu&rsquo;il a menac\u00e9 de frapper le bloc avec de lourdes taxes douani\u00e8res en raison de son exc\u00e9dent commercial avec les \u00c9tats-Unis. Mme Lagarde a estim\u00e9 que les remarques de Donald Trump faisaient \u00abpartie de la provocation habituelle \u00e0 laquelle nous nous habituons, malheureusement\u00bb, mais elle a encourag\u00e9 l&rsquo;UE \u00e0 dialoguer avec les \u00c9tats-Unis pour essayer de parvenir \u00e0 un accord.<\/p>\n<p>Dialoguer et n\u00e9gocier<\/p>\n<p class=\"fig-paragraph\">Dans sa derni\u00e8re\u00a0<a href=\"http:\/\/www.lefigaro.fr\/conjoncture\/anne-de-guigne-pourquoi-les-droits-de-douane-de-donald-trump-risquent-d-accelerer-la-desindustrialisation-americaine-20250525\" data-fig-type=\"Article\" data-gtm-custom-categorie=\"navigation\" data-gtm-custom-action=\"crossclick\" data-gtm-custom-label=\"Contextuel\" data-gtm-event=\"customEventSPE\" data-fig-domain=\"LEFIGARO\" target=\"_blank\" rel=\"noopener\">attaque contre l&rsquo;UE<\/a>, le pr\u00e9sident am\u00e9ricain a menac\u00e9 vendredi d&rsquo;imposer des droits de douane de 50% sur le bloc \u00e0 partir du 1er juin, estimant que les n\u00e9gociations \u00abn&rsquo;avancent nulle part\u00bb. Mais il a ensuite accept\u00e9 dimanche de reporter la date fatidique de la mise en place des droits de douane sur les exportations de l&rsquo;UE jusqu&rsquo;au 9 juillet apr\u00e8s un appel t\u00e9l\u00e9phonique avec le chef de l&rsquo;UE Ursula von der Leyen.<\/p>\n<p class=\"fig-paragraph\">Pour Christine Lagarde, on ne peut pas \u00absimplement rester les bras crois\u00e9s et faire semblant\u00bb. \u00abNous devons engager le dialogue, nous devons travailler avec son \u00e9quipe et nous devons \u00e9couter leur proposition. Nous devons faire des propositions et nous devons n\u00e9gocier\u00bb, a-t-elle martel\u00e9.<\/p>\n<p class=\"fig-paragraph\">L&rsquo;UE reste soumise \u00e0 une taxe de 10 % que Donald Trump a impos\u00e9e le mois dernier sur les importations de presque tous les pays du monde, ainsi qu&rsquo;\u00e0 des droits de douane de 25% sur les voitures, l&rsquo;acier et l&rsquo;aluminium. Le responsable du commerce de l&rsquo;UE et son homologue am\u00e9ricain devaient s&rsquo;entretenir lundi apr\u00e8s-midi apr\u00e8s que Donald Trump a fait marche arri\u00e8re sur les droits de douane de 50%, selon la Commission europ\u00e9enne.<\/p>\n","protected":false},"excerpt":{"rendered":"L\u2019Europe ne peut pas \u00abrester les bras crois\u00e9s et faire semblant\u00bb, estime la pr\u00e9sidente de la BCE, face&hellip;\n","protected":false},"author":2,"featured_media":130111,"comment_status":"","ping_status":"","sticky":false,"template":"","format":"standard","meta":{"footnotes":""},"categories":[6],"tags":[339,340,35,343,345,25440,350,130,344,352,349,75,33,34,341,313,1011,27,346,342,353,351,347,348,354],"class_list":{"0":"post-130110","1":"post","2":"type-post","3":"status-publish","4":"format-standard","5":"has-post-thumbnail","7":"category-economie","8":"tag-actualite-economique","9":"tag-bourse","10":"tag-business","11":"tag-cac-40","12":"tag-chef-dentreprise","13":"tag-christine-lagarde","14":"tag-concurrence","15":"tag-consommation","16":"tag-creation-dentreprise","17":"tag-crise","18":"tag-delocalisations","19":"tag-donald-trump","20":"tag-economie","21":"tag-economy","22":"tag-emploi","23":"tag-entreprises","24":"tag-fr","25":"tag-france","26":"tag-grands-patrons","27":"tag-impots","28":"tag-licenciements","29":"tag-monopole","30":"tag-multinationales","31":"tag-privatisation","32":"tag-unio"},"share_on_mastodon":{"url":"https:\/\/pubeurope.com\/@fr\/114576017563531329","error":""},"_links":{"self":[{"href":"https:\/\/www.europesays.com\/fr\/wp-json\/wp\/v2\/posts\/130110","targetHints":{"allow":["GET"]}}],"collection":[{"href":"https:\/\/www.europesays.com\/fr\/wp-json\/wp\/v2\/posts"}],"about":[{"href":"https:\/\/www.europesays.com\/fr\/wp-json\/wp\/v2\/types\/post"}],"author":[{"embeddable":true,"href":"https:\/\/www.europesays.com\/fr\/wp-json\/wp\/v2\/users\/2"}],"replies":[{"embeddable":true,"href":"https:\/\/www.europesays.com\/fr\/wp-json\/wp\/v2\/comments?post=130110"}],"version-history":[{"count":0,"href":"https:\/\/www.europesays.com\/fr\/wp-json\/wp\/v2\/posts\/130110\/revisions"}],"wp:featuredmedia":[{"embeddable":true,"href":"https:\/\/www.europesays.com\/fr\/wp-json\/wp\/v2\/media\/130111"}],"wp:attachment":[{"href":"https:\/\/www.europesays.com\/fr\/wp-json\/wp\/v2\/media?parent=130110"}],"wp:term":[{"taxonomy":"category","embeddable":true,"href":"https:\/\/www.europesays.com\/fr\/wp-json\/wp\/v2\/categories?post=130110"},{"taxonomy":"post_tag","embeddable":true,"href":"https:\/\/www.europesays.com\/fr\/wp-json\/wp\/v2\/tags?post=130110"}],"curies":[{"name":"wp","href":"https:\/\/api.w.org\/{rel}","templated":true}]}}