{"id":130114,"date":"2025-05-26T20:28:09","date_gmt":"2025-05-26T20:28:09","guid":{"rendered":"https:\/\/www.europesays.com\/fr\/130114\/"},"modified":"2025-05-26T20:28:09","modified_gmt":"2025-05-26T20:28:09","slug":"la-fraude-estimee-entre-40-et-80-millions-deuros-par-la-cour-des-comptes","status":"publish","type":"post","link":"https:\/\/www.europesays.com\/fr\/130114\/","title":{"rendered":"La fraude estim\u00e9e entre \u00ab\u00a040 et 80\u00a0millions d\u2019euros\u00a0\u00bb par la Cour des comptes"},"content":{"rendered":"<p>Les <a href=\"https:\/\/www.20minutes.fr\/dossier\/retraite\" target=\"_blank\" class=\"color-ultramarine c-link\" rel=\"noopener\">pensions fran\u00e7aises<\/a> vers\u00e9es \u00e0 l\u2019\u00e9tranger font r\u00e9guli\u00e8rement l\u2019objet de soup\u00e7ons de <a href=\"https:\/\/www.20minutes.fr\/dossier\/fraude\" target=\"_blank\" class=\"color-ultramarine c-link\" rel=\"noopener\">fraude<\/a>. Dans son rapport 2025 sur l\u2019application du budget de la S\u00e9curit\u00e9 sociale, la <a href=\"https:\/\/www.20minutes.fr\/dossier\/cour_des_comptes\" target=\"_blank\" class=\"color-ultramarine c-link\" rel=\"noopener\">Cour des comptes<\/a> dresse un \u00e9tat des lieux pr\u00e9cis\u00a0: la fraude \u00e0 la retraite en <a href=\"https:\/\/www.20minutes.fr\/dossier\/algerie\" target=\"_blank\" class=\"color-ultramarine c-link\" rel=\"noopener\">Alg\u00e9rie<\/a> pourrait atteindre entre 40 et 80\u00a0millions d\u2019euros, sur un total de 1,1\u00a0milliard d\u2019euros vers\u00e9s chaque ann\u00e9e. Pour le <a href=\"https:\/\/www.20minutes.fr\/dossier\/maroc\" target=\"_blank\" class=\"color-ultramarine c-link\" rel=\"noopener\">Maroc<\/a>, la fraude est estim\u00e9e \u00e0 12\u00a0millions d\u2019euros sur 400\u00a0millions d\u2019euros de pensions, retraites compl\u00e9mentaires incluses.<\/p>\n<p>L\u2019Alg\u00e9rie demeure, hors de France, le premier pays destinataire des pensions du r\u00e9gime g\u00e9n\u00e9ral fran\u00e7ais, devant le <a href=\"https:\/\/www.20minutes.fr\/dossier\/portugal\" target=\"_blank\" class=\"color-ultramarine c-link\" rel=\"noopener\">Portugal<\/a> (800\u00a0millions d\u2019euros), l\u2019<a href=\"https:\/\/www.20minutes.fr\/dossier\/espagne\" target=\"_blank\" class=\"color-ultramarine c-link\" rel=\"noopener\">Espagne<\/a> (500\u00a0millions) et le Maroc. Si les cas de fraudes restent marginaux en pourcentage, leur montant absolu justifie une vigilance accrue.<\/p>\n<\/p>\n<p>Intensifier les efforts pour lutter contre la fraude<\/p>\n<p>Depuis\u00a02017, des progr\u00e8s ont \u00e9t\u00e9 enregistr\u00e9s dans les pays europ\u00e9ens, notamment gr\u00e2ce \u00e0 la g\u00e9n\u00e9ralisation des \u00e9changes de donn\u00e9es informatis\u00e9es avec les r\u00e9gimes de retraite locaux. Hors <a href=\"https:\/\/www.20minutes.fr\/dossier\/europe\" target=\"_blank\" class=\"color-ultramarine c-link\" rel=\"noopener\">Europe<\/a>, les efforts vont s\u2019intensifier\u00a0: \u00ab\u00a0Ce d\u00e9veloppement sera confi\u00e9 \u00e0 des partenaires locaux dont l\u2019ex\u00e9cution de la mission devra \u00eatre contr\u00f4l\u00e9e rigoureusement\u00a0\u00bb, insiste la Cour.<\/p>\n<p><a href=\"https:\/\/www.20minutes.fr\/dossier\/retraite\" target=\"_blank\" class=\"c-link c-btn c-btn--primary\" rel=\"noopener\">Notre dossier sur les retraites<\/a><\/p>\n<p>Les contr\u00f4les sur pi\u00e8ces men\u00e9s depuis\u00a02022 en Turquie, en Alg\u00e9rie, au Maroc \u2013 et bient\u00f4t en <a href=\"https:\/\/www.20minutes.fr\/dossier\/tunisie\" target=\"_blank\" class=\"color-ultramarine c-link\" rel=\"noopener\">Tunisie<\/a> \u2013 ont permis de d\u00e9tecter \u00ab\u00a0entre 2 et 5\u00a0% de d\u00e9c\u00e8s non d\u00e9clar\u00e9s dans les \u00e9chantillons contr\u00f4l\u00e9s\u00a0\u00bb, gr\u00e2ce \u00e0 l\u2019expertise d\u2019agents form\u00e9s \u00e0 la fraude documentaire.<\/p>\n","protected":false},"excerpt":{"rendered":"Les pensions fran\u00e7aises vers\u00e9es \u00e0 l\u2019\u00e9tranger font r\u00e9guli\u00e8rement l\u2019objet de soup\u00e7ons de fraude. Dans son rapport 2025 sur&hellip;\n","protected":false},"author":2,"featured_media":130115,"comment_status":"","ping_status":"","sticky":false,"template":"","format":"standard","meta":{"footnotes":""},"categories":[4],"tags":[47,11,15,15721,3983,1011,27,1006,4493,2223,12,25,137,731,104],"class_list":{"0":"post-130114","1":"post","2":"type-post","3":"status-publish","4":"format-standard","5":"has-post-thumbnail","7":"category-france","8":"tag-actualite","9":"tag-actualites","10":"tag-algerie","11":"tag-cour-des-comptes","12":"tag-deces","13":"tag-fr","14":"tag-france","15":"tag-fraude","16":"tag-fraude-sociale","17":"tag-maroc","18":"tag-news","19":"tag-republique-francaise","20":"tag-retraite","21":"tag-securite-sociale","22":"tag-societe"},"share_on_mastodon":{"url":"https:\/\/pubeurope.com\/@fr\/114576025559458103","error":""},"_links":{"self":[{"href":"https:\/\/www.europesays.com\/fr\/wp-json\/wp\/v2\/posts\/130114","targetHints":{"allow":["GET"]}}],"collection":[{"href":"https:\/\/www.europesays.com\/fr\/wp-json\/wp\/v2\/posts"}],"about":[{"href":"https:\/\/www.europesays.com\/fr\/wp-json\/wp\/v2\/types\/post"}],"author":[{"embeddable":true,"href":"https:\/\/www.europesays.com\/fr\/wp-json\/wp\/v2\/users\/2"}],"replies":[{"embeddable":true,"href":"https:\/\/www.europesays.com\/fr\/wp-json\/wp\/v2\/comments?post=130114"}],"version-history":[{"count":0,"href":"https:\/\/www.europesays.com\/fr\/wp-json\/wp\/v2\/posts\/130114\/revisions"}],"wp:featuredmedia":[{"embeddable":true,"href":"https:\/\/www.europesays.com\/fr\/wp-json\/wp\/v2\/media\/130115"}],"wp:attachment":[{"href":"https:\/\/www.europesays.com\/fr\/wp-json\/wp\/v2\/media?parent=130114"}],"wp:term":[{"taxonomy":"category","embeddable":true,"href":"https:\/\/www.europesays.com\/fr\/wp-json\/wp\/v2\/categories?post=130114"},{"taxonomy":"post_tag","embeddable":true,"href":"https:\/\/www.europesays.com\/fr\/wp-json\/wp\/v2\/tags?post=130114"}],"curies":[{"name":"wp","href":"https:\/\/api.w.org\/{rel}","templated":true}]}}